{"id":1091,"date":"2020-11-11T09:45:46","date_gmt":"2020-11-11T12:45:46","guid":{"rendered":"https:\/\/politiciando.com.br\/?p=1091"},"modified":"2020-11-11T09:50:13","modified_gmt":"2020-11-11T12:50:13","slug":"apple-anuncia-novos-macbook-air-macbook-pro-e-mac-mini-com-chip-m1","status":"publish","type":"post","link":"https:\/\/politiciando.com.br\/?p=1091","title":{"rendered":"Apple anuncia novos MacBook Air, MacBook Pro e Mac mini com chip M1"},"content":{"rendered":"\n<p>Modelos s\u00e3o primeiro passo da empresa em processo da migra\u00e7\u00e3o de chips da Intel, que deve levar dois anos<\/p>\n\n\n\n<p>A&nbsp;<strong>Apple<\/strong>&nbsp;revelou nesta ter\u00e7a-feira (10) os seus tr\u00eas primeiros produtos da linha Mac que trazem o chip propriet\u00e1rio&nbsp;<strong>M1<\/strong>&nbsp;embarcado: os novos&nbsp;<strong>MacBook Air<\/strong>,&nbsp;<strong>MacBook<\/strong><strong>Pro<\/strong>&nbsp;e&nbsp;<strong>Mac mini<\/strong>.<\/p>\n\n\n\n<p>Os modelos s\u00e3o os primeiros passos no processo de migra\u00e7\u00e3o da Apple de chips da<strong>&nbsp;Intel<\/strong>&nbsp;para uma plataforma pr\u00f3pria que promete maior efici\u00eancia energ\u00e9tica, performance e suporte nativo a apps<strong>&nbsp;iOS<\/strong>&nbsp;no&nbsp;<strong>macOS.<\/strong><\/p>\n\n\n\n<p>Os dispositivos da linha Mac, vale lembrar, usam processadores da Intel desde 2005. A expectativa da Apple \u00e9 que a migra\u00e7\u00e3o leve dois anos para acontecer por completo.<\/p>\n\n\n\n<p><strong>MacBook Air<\/strong><\/p>\n\n\n\n<figure class=\"wp-block-image\"><img decoding=\"async\" src=\"https:\/\/cdn.ome.lt\/5xh_Sx1fkbv_XyFictgnVHxid1Y=\/770x0\/smart\/uploads\/conteudo\/fotos\/Apple_new-macbookair-wallpaper-screen_11102020_big.jpg.large.jpg\" alt=\"\"\/><\/figure>\n\n\n\n<p><em>Divulga\u00e7\u00e3o\/Apple<\/em><\/p>\n\n\n\n<p>O primeiro dispositivo apresentado foi o novo MacBook Air, modelo de 13 polegadas com tela retina. O modelo tem op\u00e7\u00f5es com at\u00e9 16 GB de RAM e at\u00e9 2 TB de armazenamento interno.<\/p>\n\n\n\n<p>O destaque, \u00e9 claro, fica por conta do M1, que a Apple afirma ser capaz de entregar uma performance mais r\u00e1pida do que 98% dos notebooks PCs vendidos no ano passado.<\/p>\n\n\n\n<p>O modelo tamb\u00e9m \u00e9 3,5 vezes mais r\u00e1pido que o \u00faltimo MacBook Air com chip Intel, e entrega performance gr\u00e1fica at\u00e9 cinco vezes melhor, de acordo com a empresa.<\/p>\n\n\n\n<p>A promessa \u00e9 ainda de uma efici\u00eancia energ\u00e9tica que permite at\u00e9 15 horas de navega\u00e7\u00e3o web e 18 horas de reprodu\u00e7\u00e3o de v\u00eddeo em uma \u00fanica carga. O modelo tamb\u00e9m dispensa uma ventoinha.<\/p>\n\n\n\n<p>O novo MacBook Air chega com pre\u00e7os a partir de R$ 12.999 e est\u00e1 dispon\u00edvel nas cores cinza espacial, dourado e prateado.<\/p>\n\n\n\n<p><strong>MacBook Pro<\/strong><\/p>\n\n\n\n<figure class=\"wp-block-image\"><img decoding=\"async\" src=\"https:\/\/cdn.ome.lt\/bMDBcB5elDuti0cOZj7qi95bdTE=\/770x0\/smart\/uploads\/conteudo\/fotos\/Apple_new-macbookpro-wallpaper-screen_11102020_big.jpg.large.jpg\" alt=\"\"\/><\/figure>\n\n\n\n<p><em>Divulga\u00e7\u00e3o\/Apple<\/em><\/p>\n\n\n\n<p>O novo MacBook Pro promete uma performance de CPU 2,8 vezes mais r\u00e1pida, e gr\u00e1ficos at\u00e9 5 vezes mais r\u00e1pidos que a gera\u00e7\u00e3o anterior.<\/p>\n\n\n\n<p>O dispositivo tamb\u00e9m embarca uma tela retina de 13 polegadas e tem op\u00e7\u00e3o de at\u00e9 16 GB de RAM, e 2 TB de armazenamento interno. O modelo tamb\u00e9m mant\u00e9m a touch bar na parte superior do teclado.<\/p>\n\n\n\n<p>Em termos de bateria, a Apple afirma que o novo MacBook Pro ter\u00e1 o maior salto j\u00e1 oferecido em um Mac \u2013 com at\u00e9 17 horas de navega\u00e7\u00e3o web e 20 horas de reprodu\u00e7\u00e3o de v\u00eddeo em uma \u00fanica carga.<\/p>\n\n\n\n<p>O MacBook Pro chega ao Brasil com pre\u00e7os a partir de R$ 17.299. O dispositivo est\u00e1 dispon\u00edvel nas cores cinza espacial e prateado.<\/p>\n\n\n\n<p><strong>Mac mini<\/strong><\/p>\n\n\n\n<figure class=\"wp-block-image\"><img decoding=\"async\" src=\"https:\/\/cdn.ome.lt\/PSG_2o66o4eDTokc8_u1Eqe3Ugw=\/770x0\/smart\/uploads\/conteudo\/fotos\/Apple_new-mac-mini-silver_11102020_big.jpg.large.jpg\" alt=\"\"\/><\/figure>\n\n\n\n<p><em>Divulga\u00e7\u00e3o\/Apple<\/em><\/p>\n\n\n\n<p>Completa a fam\u00edlia dos primeiros dispositivos com o chip M1 o novo Mac mini, modelo que promete ser at\u00e9 60% mais eficiente em termos de consumo de energia do que a gera\u00e7\u00e3o anterior.<\/p>\n\n\n\n<p>De acordo com a empresa, por conta do M1, o novo Mac mini \u00e9 mais r\u00e1pido em tarefas como compila\u00e7\u00e3o de c\u00f3digo (at\u00e9 tr\u00eas vezes em Xcode), entrega quatro vezes mais quadros por segundo em jogos como&nbsp;<strong>Shadow of the Tomb Raider<\/strong>, e renderiza em apps como o<strong>&nbsp;Final Cut Pro<\/strong>&nbsp;at\u00e9 seis vezes mais r\u00e1pido.<\/p>\n\n\n\n<p>O desktop compacto traz vers\u00f5es com at\u00e9 16 GB de RAM e 2 TB de armazenamento interno. Ainda segundo a Apple, o modelo \u00e9 capaz de se conectar a dois displays, ou um display com resolu\u00e7\u00e3o at\u00e9 6K.<\/p>\n\n\n\n<p>O Mac mini estar\u00e1 dispon\u00edvel por pre\u00e7os a partir de R$ 8.699.<\/p>\n","protected":false},"excerpt":{"rendered":"<p>Modelos s\u00e3o primeiro passo da empresa em processo da migra\u00e7\u00e3o de chips da Intel, que deve levar dois anos A&nbsp;Apple&nbsp;revelou<\/p>\n","protected":false},"author":1,"featured_media":1092,"comment_status":"open","ping_status":"open","sticky":false,"template":"","format":"standard","meta":{"colormag_page_container_layout":"default_layout","colormag_page_sidebar_layout":"default_layout","_monsterinsights_skip_tracking":false,"_monsterinsights_sitenote_active":false,"_monsterinsights_sitenote_note":"","_monsterinsights_sitenote_category":0,"_jetpack_memberships_contains_paid_content":false,"footnotes":""},"categories":[48],"tags":[387,386],"class_list":["post-1091","post","type-post","status-publish","format-standard","has-post-thumbnail","hentry","category-ciencia-e-tecnologia","tag-apple","tag-ios"],"yoast_head":"<!-- This site is optimized with the Yoast SEO plugin v16.3 - https:\/\/yoast.com\/wordpress\/plugins\/seo\/ -->\n<title>Apple anuncia novos MacBook Air, MacBook Pro e Mac mini com chip M1 - Politiciando<\/title>\n<meta name=\"robots\" content=\"index, follow, max-snippet:-1, max-image-preview:large, max-video-preview:-1\" \/>\n<link rel=\"canonical\" href=\"https:\/\/politiciando.com.br\/?p=1091\" \/>\n<meta property=\"og:locale\" content=\"pt_BR\" \/>\n<meta property=\"og:type\" content=\"article\" \/>\n<meta property=\"og:title\" content=\"Apple anuncia novos MacBook Air, MacBook Pro e Mac mini com chip M1 - Politiciando\" \/>\n<meta property=\"og:description\" content=\"Modelos s\u00e3o primeiro passo da empresa em processo da migra\u00e7\u00e3o de chips da Intel, que deve levar dois anos A&nbsp;Apple&nbsp;revelou\" \/>\n<meta property=\"og:url\" content=\"https:\/\/politiciando.com.br\/?p=1091\" \/>\n<meta property=\"og:site_name\" content=\"Politiciando\" \/>\n<meta property=\"article:publisher\" content=\"https:\/\/www.facebook.com\/Politician\" \/>\n<meta property=\"article:published_time\" content=\"2020-11-11T12:45:46+00:00\" \/>\n<meta property=\"article:modified_time\" content=\"2020-11-11T12:50:13+00:00\" \/>\n<meta property=\"og:image\" content=\"https:\/\/politiciando.com.br\/wp-content\/uploads\/2020\/11\/Apple_new-macbookair-wallpaper-screen_11102020_big.jpg.large_.jpg\" \/>\n\t<meta property=\"og:image:width\" content=\"770\" \/>\n\t<meta property=\"og:image:height\" content=\"677\" \/>\n<meta name=\"twitter:card\" content=\"summary_large_image\" \/>\n<meta name=\"twitter:creator\" content=\"@politiciando\" \/>\n<meta name=\"twitter:site\" content=\"@politiciando\" \/>\n<meta name=\"twitter:label1\" content=\"Est. tempo de leitura\">\n\t<meta name=\"twitter:data1\" content=\"3 minutos\">\n<script type=\"application\/ld+json\" class=\"yoast-schema-graph\">{\"@context\":\"https:\/\/schema.org\",\"@graph\":[{\"@type\":\"WebSite\",\"@id\":\"https:\/\/politiciando.com.br\/#website\",\"url\":\"https:\/\/politiciando.com.br\/\",\"name\":\"Politiciando\",\"description\":\"A Not\\u00edcia como tem que ser!\",\"potentialAction\":[{\"@type\":\"SearchAction\",\"target\":\"https:\/\/politiciando.com.br\/?s={search_term_string}\",\"query-input\":\"required name=search_term_string\"}],\"inLanguage\":\"pt-BR\"},{\"@type\":\"ImageObject\",\"@id\":\"https:\/\/politiciando.com.br\/?p=1091#primaryimage\",\"inLanguage\":\"pt-BR\",\"url\":\"https:\/\/politiciando.com.br\/wp-content\/uploads\/2020\/11\/Apple_new-macbookair-wallpaper-screen_11102020_big.jpg.large_.jpg\",\"contentUrl\":\"https:\/\/politiciando.com.br\/wp-content\/uploads\/2020\/11\/Apple_new-macbookair-wallpaper-screen_11102020_big.jpg.large_.jpg\",\"width\":770,\"height\":677},{\"@type\":\"WebPage\",\"@id\":\"https:\/\/politiciando.com.br\/?p=1091#webpage\",\"url\":\"https:\/\/politiciando.com.br\/?p=1091\",\"name\":\"Apple anuncia novos MacBook Air, MacBook Pro e Mac mini com chip M1 - Politiciando\",\"isPartOf\":{\"@id\":\"https:\/\/politiciando.com.br\/#website\"},\"primaryImageOfPage\":{\"@id\":\"https:\/\/politiciando.com.br\/?p=1091#primaryimage\"},\"datePublished\":\"2020-11-11T12:45:46+00:00\",\"dateModified\":\"2020-11-11T12:50:13+00:00\",\"author\":{\"@id\":\"https:\/\/politiciando.com.br\/#\/schema\/person\/be8395b998f06b83e7b3a1d9567ff61b\"},\"breadcrumb\":{\"@id\":\"https:\/\/politiciando.com.br\/?p=1091#breadcrumb\"},\"inLanguage\":\"pt-BR\",\"potentialAction\":[{\"@type\":\"ReadAction\",\"target\":[\"https:\/\/politiciando.com.br\/?p=1091\"]}]},{\"@type\":\"BreadcrumbList\",\"@id\":\"https:\/\/politiciando.com.br\/?p=1091#breadcrumb\",\"itemListElement\":[{\"@type\":\"ListItem\",\"position\":1,\"item\":{\"@type\":\"WebPage\",\"@id\":\"https:\/\/politiciando.com.br\/\",\"url\":\"https:\/\/politiciando.com.br\/\",\"name\":\"Home\"}},{\"@type\":\"ListItem\",\"position\":2,\"item\":{\"@id\":\"https:\/\/politiciando.com.br\/?p=1091#webpage\"}}]},{\"@type\":\"Person\",\"@id\":\"https:\/\/politiciando.com.br\/#\/schema\/person\/be8395b998f06b83e7b3a1d9567ff61b\",\"name\":\"redacaopoliticiando\",\"image\":{\"@type\":\"ImageObject\",\"@id\":\"https:\/\/politiciando.com.br\/#personlogo\",\"inLanguage\":\"pt-BR\",\"url\":\"https:\/\/secure.gravatar.com\/avatar\/6cfd6b7f4d5132d5b42f746a58e576a9ab04eae227797efa7fdd7a4aeb90ca9c?s=96&d=mm&r=g\",\"contentUrl\":\"https:\/\/secure.gravatar.com\/avatar\/6cfd6b7f4d5132d5b42f746a58e576a9ab04eae227797efa7fdd7a4aeb90ca9c?s=96&d=mm&r=g\",\"caption\":\"redacaopoliticiando\"},\"sameAs\":[\"https:\/\/politiciando.com.br\"],\"url\":\"https:\/\/politiciando.com.br\/?author=1\"}]}<\/script>\n<!-- \/ Yoast SEO plugin. -->","jetpack_featured_media_url":"https:\/\/politiciando.com.br\/wp-content\/uploads\/2020\/11\/Apple_new-macbookair-wallpaper-screen_11102020_big.jpg.large_.jpg","jetpack_sharing_enabled":true,"_links":{"self":[{"href":"https:\/\/politiciando.com.br\/index.php?rest_route=\/wp\/v2\/posts\/1091","targetHints":{"allow":["GET"]}}],"collection":[{"href":"https:\/\/politiciando.com.br\/index.php?rest_route=\/wp\/v2\/posts"}],"about":[{"href":"https:\/\/politiciando.com.br\/index.php?rest_route=\/wp\/v2\/types\/post"}],"author":[{"embeddable":true,"href":"https:\/\/politiciando.com.br\/index.php?rest_route=\/wp\/v2\/users\/1"}],"replies":[{"embeddable":true,"href":"https:\/\/politiciando.com.br\/index.php?rest_route=%2Fwp%2Fv2%2Fcomments&post=1091"}],"version-history":[{"count":1,"href":"https:\/\/politiciando.com.br\/index.php?rest_route=\/wp\/v2\/posts\/1091\/revisions"}],"predecessor-version":[{"id":1093,"href":"https:\/\/politiciando.com.br\/index.php?rest_route=\/wp\/v2\/posts\/1091\/revisions\/1093"}],"wp:featuredmedia":[{"embeddable":true,"href":"https:\/\/politiciando.com.br\/index.php?rest_route=\/wp\/v2\/media\/1092"}],"wp:attachment":[{"href":"https:\/\/politiciando.com.br\/index.php?rest_route=%2Fwp%2Fv2%2Fmedia&parent=1091"}],"wp:term":[{"taxonomy":"category","embeddable":true,"href":"https:\/\/politiciando.com.br\/index.php?rest_route=%2Fwp%2Fv2%2Fcategories&post=1091"},{"taxonomy":"post_tag","embeddable":true,"href":"https:\/\/politiciando.com.br\/index.php?rest_route=%2Fwp%2Fv2%2Ftags&post=1091"}],"curies":[{"name":"wp","href":"https:\/\/api.w.org\/{rel}","templated":true}]}}