{"id":1095,"date":"2020-11-11T09:59:44","date_gmt":"2020-11-11T12:59:44","guid":{"rendered":"https:\/\/politiciando.com.br\/?p=1095"},"modified":"2020-11-11T10:00:58","modified_gmt":"2020-11-11T13:00:58","slug":"embraer-tem-prejuizo-liquido-ao-acionista-de-r-649-milhoes-no-3o-trimestre","status":"publish","type":"post","link":"https:\/\/politiciando.com.br\/?p=1095","title":{"rendered":"Embraer tem preju\u00edzo l\u00edquido ao acionista de R$ 649 milh\u00f5es no 3\u00ba trimestre"},"content":{"rendered":"\n<p>A empresa foi novamente prejudicada pela pandemia da covid-19, assim como pelo cancelamento do neg\u00f3cio com a Boeing<\/p>\n\n\n\n<figure class=\"wp-block-image size-large\"><img loading=\"lazy\" decoding=\"async\" width=\"768\" height=\"442\" src=\"https:\/\/politiciando.com.br\/wp-content\/uploads\/2020\/11\/embraer-logo-6-1.png\" alt=\"\" class=\"wp-image-1096\" srcset=\"https:\/\/politiciando.com.br\/wp-content\/uploads\/2020\/11\/embraer-logo-6-1.png 768w, https:\/\/politiciando.com.br\/wp-content\/uploads\/2020\/11\/embraer-logo-6-1-300x173.png 300w\" sizes=\"auto, (max-width: 768px) 100vw, 768px\" \/><\/figure>\n\n\n\n<p>A fabricante brasileira de avi\u00f5es Embraer (<a href=\"http:\/\/infomoney.com.br\/embr3\">EMBR3<\/a>) registrou um preju\u00edzo l\u00edquido atribu\u00eddo ao acionista controlador de R$ 649 milh\u00f5es (R$ 0,88 por a\u00e7\u00e3o) no terceiro trimestre de 2020, uma amplia\u00e7\u00e3o das perdas se comparado ao resultado tamb\u00e9m negativo em R$ 314,4 milh\u00f5es registrados no terceiro trimestre de 2019.<\/p>\n\n\n\n<p>De forma geral, a empresa foi novamente prejudicada pela pandemia da covid-19, assim como pelo cancelamento do neg\u00f3cio com a Boeing envolvendo o bra\u00e7o comercial do grupo brasileiro \u2013 que levou a uma queda significativa na produ\u00e7\u00e3o de aeronaves.<\/p>\n\n\n\n<p>O Ebitda ajustado da empresa fechou negativo em R$ 40,7 milh\u00f5es contra um resultado positivo de R$ 75 milh\u00f5es um ano antes. A margem Ebitda ajustada ficou negativa em 1% contra um resultado positivo de 1,6% um ano antes.PUBLICIDADE<\/p>\n\n\n\n<p>A Receita l\u00edquida teve queda de 13% no trimestre na compara\u00e7\u00e3o anual e ficou em R$ 4,09 bilh\u00f5es, principalmente em fun\u00e7\u00e3o das quedas nas entregas da Avia\u00e7\u00e3o Executiva e especialmente da Avia\u00e7\u00e3o Comercial. \u201cEssa queda foi parcialmente compensada pelo aumento de 106% (na compara\u00e7\u00e3o entre o terceiro trimestre de 2020 e terceiro trimestre de 2019) das receitas de Defesa &amp; Seguran\u00e7a no trimestre, que foram impactadas no primeiro semestre do ano j\u00e1 que, algumas entregas foram postergadas em fun\u00e7\u00e3o das restri\u00e7\u00f5es de viagens impostas pela covid-19 como o fechamento de fronteiras de alguns pa\u00edses clientes\u201d, explicou a fabricante.<\/p>\n\n\n\n<p>No trimestre, conforme divulgado em documento previamente, a Embraer entregou sete jatos comerciais e 21 jatos executivos (19 jatos leves e dois jatos grandes), totalizando 28 jatos entregues no per\u00edodo. Isso se compara a um total de 44 jatos entregues no terceiro trimestre de 2019, sendo 17 jatos comerciais e 27 jatos executivos (15 jatos leves e 12 jatos grandes). No acumulado do ano em 2020, a empresa entregou 16 jatos comerciais e 43 jatos executivos (33 jatos leves e 10 jatos grandes), o que se compara aos 54 jatos comerciais e 63 jatos executivos entregues durante os primeiros nove meses de 2019.<strong>Por Dentro dos Resultados<\/strong><br>CEOs e CFOs de empresas abertas comentam os resultados do ano. Cadastre-se gratuitamente para participar:<em>send<\/em>Concordo que os dados pessoais fornecidos acima ser\u00e3o utilizados para envio de conte\u00fado informativo, anal\u00edtico e publicit\u00e1rio sobre produtos, servi\u00e7os e assuntos gerais, nos termos da&nbsp;<a href=\"https:\/\/www.infomoney.com.br\/politica-de-privacidade\/\">Lei Geral de Prote\u00e7\u00e3o de Dados.<\/a><\/p>\n\n\n\n<p>\u201cAs entregas da Embraer em 2020 est\u00e3o sendo impactadas negativamente, principalmente devido \u00e0 pandemia de covid-19, que continua afetando o mundo e especialmente as viagens a\u00e9reas comerciais\u201d.<\/p>\n\n\n\n<p>A Embraer disse que espera uma continua\u00e7\u00e3o na melhora nas entregas no quarto trimestre em rela\u00e7\u00e3o aos tr\u00eas primeiros trimestres do ano, principalmente no segmento de Avia\u00e7\u00e3o Executiva, que normalmente apresenta um alto n\u00edvel de sazonalidade com grande parte das entregas anuais ocorrendo no quarto trimestre.<\/p>\n\n\n\n<h2 class=\"wp-block-heading\"><strong>Operacional<\/strong><\/h2>\n\n\n\n<p>O Resultado operacional (EBIT) e a Margem operacional reportados no trimestre foram negativos em R$ 197,8 milh\u00f5es e -4,8%, respectivamente, comparados aos R$ 80,4 milh\u00f5es negativos e aos -1,7% reportados um ano antes.<\/p>\n\n\n\n<p>Os resultados do trimestre incluem itens especiais que representam um impacto total positivo de R$ 41,7 milh\u00f5es. Entre eles est\u00e3o R$ 292,5 milh\u00f5es de despesas com reestrutura\u00e7\u00e3o relacionadas ao ajuste da for\u00e7a de trabalho ocorrido na companhia, R$ 68,9 milh\u00f5es de provis\u00e3o adicional para perdas de cr\u00e9dito esperadas durante a pandemia e R$ 317,2 milh\u00f5es de revers\u00e3o de impairment na Avia\u00e7\u00e3o Comercial, que impactou positivamente os resultados e R$ 85,9 milh\u00f5es de revers\u00e3o de impairment na Avia\u00e7\u00e3o Executiva, que tamb\u00e9m impactou positivamente os resultados do trimestre. \u201cN\u00e3o foram reconhecidos itens especiais nos resultados reportados no terceiro trimestre de 2019\u201d.PUBLICIDADE<\/p>\n","protected":false},"excerpt":{"rendered":"<p>A empresa foi novamente prejudicada pela pandemia da covid-19, assim como pelo cancelamento do neg\u00f3cio com a Boeing A fabricante<\/p>\n","protected":false},"author":1,"featured_media":1096,"comment_status":"open","ping_status":"open","sticky":false,"template":"","format":"standard","meta":{"colormag_page_container_layout":"default_layout","colormag_page_sidebar_layout":"default_layout","_monsterinsights_skip_tracking":false,"_monsterinsights_sitenote_active":false,"_monsterinsights_sitenote_note":"","_monsterinsights_sitenote_category":0,"_jetpack_memberships_contains_paid_content":false,"footnotes":""},"categories":[1],"tags":[169],"class_list":["post-1095","post","type-post","status-publish","format-standard","has-post-thumbnail","hentry","category-economia","tag-covid-19"],"yoast_head":"<!-- This site is optimized with the Yoast SEO plugin v16.3 - https:\/\/yoast.com\/wordpress\/plugins\/seo\/ -->\n<title>Embraer tem preju\u00edzo l\u00edquido ao acionista de R$ 649 milh\u00f5es no 3\u00ba trimestre - Politiciando<\/title>\n<meta name=\"robots\" content=\"index, follow, max-snippet:-1, max-image-preview:large, max-video-preview:-1\" \/>\n<link rel=\"canonical\" href=\"https:\/\/politiciando.com.br\/?p=1095\" \/>\n<meta property=\"og:locale\" content=\"pt_BR\" \/>\n<meta property=\"og:type\" content=\"article\" \/>\n<meta property=\"og:title\" content=\"Embraer tem preju\u00edzo l\u00edquido ao acionista de R$ 649 milh\u00f5es no 3\u00ba trimestre - Politiciando\" \/>\n<meta property=\"og:description\" content=\"A empresa foi novamente prejudicada pela pandemia da covid-19, assim como pelo cancelamento do neg\u00f3cio com a Boeing A fabricante\" \/>\n<meta property=\"og:url\" content=\"https:\/\/politiciando.com.br\/?p=1095\" \/>\n<meta property=\"og:site_name\" content=\"Politiciando\" \/>\n<meta property=\"article:publisher\" content=\"https:\/\/www.facebook.com\/Politician\" \/>\n<meta property=\"article:published_time\" content=\"2020-11-11T12:59:44+00:00\" \/>\n<meta property=\"article:modified_time\" content=\"2020-11-11T13:00:58+00:00\" \/>\n<meta property=\"og:image\" content=\"https:\/\/politiciando.com.br\/wp-content\/uploads\/2020\/11\/embraer-logo-6-1.png\" \/>\n\t<meta property=\"og:image:width\" content=\"768\" \/>\n\t<meta property=\"og:image:height\" content=\"442\" \/>\n<meta name=\"twitter:card\" content=\"summary_large_image\" \/>\n<meta name=\"twitter:creator\" content=\"@politiciando\" \/>\n<meta name=\"twitter:site\" content=\"@politiciando\" \/>\n<meta name=\"twitter:label1\" content=\"Est. tempo de leitura\">\n\t<meta name=\"twitter:data1\" content=\"3 minutos\">\n<script type=\"application\/ld+json\" class=\"yoast-schema-graph\">{\"@context\":\"https:\/\/schema.org\",\"@graph\":[{\"@type\":\"WebSite\",\"@id\":\"https:\/\/politiciando.com.br\/#website\",\"url\":\"https:\/\/politiciando.com.br\/\",\"name\":\"Politiciando\",\"description\":\"A Not\\u00edcia como tem que ser!\",\"potentialAction\":[{\"@type\":\"SearchAction\",\"target\":\"https:\/\/politiciando.com.br\/?s={search_term_string}\",\"query-input\":\"required name=search_term_string\"}],\"inLanguage\":\"pt-BR\"},{\"@type\":\"ImageObject\",\"@id\":\"https:\/\/politiciando.com.br\/?p=1095#primaryimage\",\"inLanguage\":\"pt-BR\",\"url\":\"https:\/\/politiciando.com.br\/wp-content\/uploads\/2020\/11\/embraer-logo-6-1.png\",\"contentUrl\":\"https:\/\/politiciando.com.br\/wp-content\/uploads\/2020\/11\/embraer-logo-6-1.png\",\"width\":768,\"height\":442},{\"@type\":\"WebPage\",\"@id\":\"https:\/\/politiciando.com.br\/?p=1095#webpage\",\"url\":\"https:\/\/politiciando.com.br\/?p=1095\",\"name\":\"Embraer tem preju\\u00edzo l\\u00edquido ao acionista de R$ 649 milh\\u00f5es no 3\\u00ba trimestre - Politiciando\",\"isPartOf\":{\"@id\":\"https:\/\/politiciando.com.br\/#website\"},\"primaryImageOfPage\":{\"@id\":\"https:\/\/politiciando.com.br\/?p=1095#primaryimage\"},\"datePublished\":\"2020-11-11T12:59:44+00:00\",\"dateModified\":\"2020-11-11T13:00:58+00:00\",\"author\":{\"@id\":\"https:\/\/politiciando.com.br\/#\/schema\/person\/be8395b998f06b83e7b3a1d9567ff61b\"},\"breadcrumb\":{\"@id\":\"https:\/\/politiciando.com.br\/?p=1095#breadcrumb\"},\"inLanguage\":\"pt-BR\",\"potentialAction\":[{\"@type\":\"ReadAction\",\"target\":[\"https:\/\/politiciando.com.br\/?p=1095\"]}]},{\"@type\":\"BreadcrumbList\",\"@id\":\"https:\/\/politiciando.com.br\/?p=1095#breadcrumb\",\"itemListElement\":[{\"@type\":\"ListItem\",\"position\":1,\"item\":{\"@type\":\"WebPage\",\"@id\":\"https:\/\/politiciando.com.br\/\",\"url\":\"https:\/\/politiciando.com.br\/\",\"name\":\"Home\"}},{\"@type\":\"ListItem\",\"position\":2,\"item\":{\"@id\":\"https:\/\/politiciando.com.br\/?p=1095#webpage\"}}]},{\"@type\":\"Person\",\"@id\":\"https:\/\/politiciando.com.br\/#\/schema\/person\/be8395b998f06b83e7b3a1d9567ff61b\",\"name\":\"redacaopoliticiando\",\"image\":{\"@type\":\"ImageObject\",\"@id\":\"https:\/\/politiciando.com.br\/#personlogo\",\"inLanguage\":\"pt-BR\",\"url\":\"https:\/\/secure.gravatar.com\/avatar\/6cfd6b7f4d5132d5b42f746a58e576a9ab04eae227797efa7fdd7a4aeb90ca9c?s=96&d=mm&r=g\",\"contentUrl\":\"https:\/\/secure.gravatar.com\/avatar\/6cfd6b7f4d5132d5b42f746a58e576a9ab04eae227797efa7fdd7a4aeb90ca9c?s=96&d=mm&r=g\",\"caption\":\"redacaopoliticiando\"},\"sameAs\":[\"https:\/\/politiciando.com.br\"],\"url\":\"https:\/\/politiciando.com.br\/?author=1\"}]}<\/script>\n<!-- \/ Yoast SEO plugin. -->","jetpack_featured_media_url":"https:\/\/politiciando.com.br\/wp-content\/uploads\/2020\/11\/embraer-logo-6-1.png","jetpack_sharing_enabled":true,"_links":{"self":[{"href":"https:\/\/politiciando.com.br\/index.php?rest_route=\/wp\/v2\/posts\/1095","targetHints":{"allow":["GET"]}}],"collection":[{"href":"https:\/\/politiciando.com.br\/index.php?rest_route=\/wp\/v2\/posts"}],"about":[{"href":"https:\/\/politiciando.com.br\/index.php?rest_route=\/wp\/v2\/types\/post"}],"author":[{"embeddable":true,"href":"https:\/\/politiciando.com.br\/index.php?rest_route=\/wp\/v2\/users\/1"}],"replies":[{"embeddable":true,"href":"https:\/\/politiciando.com.br\/index.php?rest_route=%2Fwp%2Fv2%2Fcomments&post=1095"}],"version-history":[{"count":1,"href":"https:\/\/politiciando.com.br\/index.php?rest_route=\/wp\/v2\/posts\/1095\/revisions"}],"predecessor-version":[{"id":1097,"href":"https:\/\/politiciando.com.br\/index.php?rest_route=\/wp\/v2\/posts\/1095\/revisions\/1097"}],"wp:featuredmedia":[{"embeddable":true,"href":"https:\/\/politiciando.com.br\/index.php?rest_route=\/wp\/v2\/media\/1096"}],"wp:attachment":[{"href":"https:\/\/politiciando.com.br\/index.php?rest_route=%2Fwp%2Fv2%2Fmedia&parent=1095"}],"wp:term":[{"taxonomy":"category","embeddable":true,"href":"https:\/\/politiciando.com.br\/index.php?rest_route=%2Fwp%2Fv2%2Fcategories&post=1095"},{"taxonomy":"post_tag","embeddable":true,"href":"https:\/\/politiciando.com.br\/index.php?rest_route=%2Fwp%2Fv2%2Ftags&post=1095"}],"curies":[{"name":"wp","href":"https:\/\/api.w.org\/{rel}","templated":true}]}}