{"id":1100,"date":"2020-11-12T09:09:57","date_gmt":"2020-11-12T12:09:57","guid":{"rendered":"https:\/\/politiciando.com.br\/?p=1100"},"modified":"2020-11-12T09:11:31","modified_gmt":"2020-11-12T12:11:31","slug":"enem-ppl-2020-tem-cronograma-divulgado-provas-serao-em-fevereiro-de-2021","status":"publish","type":"post","link":"https:\/\/politiciando.com.br\/?p=1100","title":{"rendered":"Enem PPL 2020 tem cronograma divulgado; provas ser\u00e3o em fevereiro de 2021"},"content":{"rendered":"\n<p>R<em>espons\u00e1veis pedag\u00f3gicos das unidades prisionais devem realizar as inscri\u00e7\u00f5es<\/em><\/p>\n\n\n\n<figure class=\"wp-block-image size-large\"><img loading=\"lazy\" decoding=\"async\" width=\"800\" height=\"539\" src=\"https:\/\/politiciando.com.br\/wp-content\/uploads\/2020\/11\/aijes-800x539-1.jpg\" alt=\"\" class=\"wp-image-1101\" srcset=\"https:\/\/politiciando.com.br\/wp-content\/uploads\/2020\/11\/aijes-800x539-1.jpg 800w, https:\/\/politiciando.com.br\/wp-content\/uploads\/2020\/11\/aijes-800x539-1-300x202.jpg 300w, https:\/\/politiciando.com.br\/wp-content\/uploads\/2020\/11\/aijes-800x539-1-768x517.jpg 768w\" sizes=\"auto, (max-width: 800px) 100vw, 800px\" \/><\/figure>\n\n\n\n<p>O Instituto Nacional de Estudos e Pesquisas Educacionais An\u00edsio Teixeira (Inep) divulgou, no in\u00edcio da semana, edital com as regras para edi\u00e7\u00e3o de 2020 do Exame Nacional do Ensino M\u00e9dio para Pessoas Privadas de Liberdade ou sob medida socioeducativa que inclua priva\u00e7\u00e3o de liberdade, o&nbsp;<a href=\"https:\/\/www.educamaisbrasil.com.br\/programas-do-governo\/enem\/o-que-e\/?p=pbagora\">Enem<\/a>&nbsp;PPL. As provas ser\u00e3o aplicadas nos dias 23 e 24 de fevereiro de 2021.Leia Tamb\u00e9m:<\/p>\n\n\n\n<h5 class=\"wp-block-heading\"><\/h5>\n\n\n\n<p>A previs\u00e3o \u00e9 de que as inscri\u00e7\u00f5es devam ser iniciadas entre 30 de novembro e 11 de dezembro de 2020 pelos respons\u00e1veis pedag\u00f3gicos.&nbsp;<\/p>\n\n\n\n<p>O respons\u00e1vel pedag\u00f3gico tem como fun\u00e7\u00e3o acompanhar todos os tr\u00e2mites do exame, al\u00e9m de determinar as salas de provas dos participantes, bem como a transfer\u00eancia entre as unidades, quando necess\u00e1rio, dentro do prazo previsto. Tamb\u00e9m dever\u00e1 excluir aqueles participantes que tiverem sua liberdade decretada.<\/p>\n\n\n\n<p>Os \u00f3rg\u00e3os de administra\u00e7\u00e3o prisional e socioeducativa interessados em indicar unidades para aplica\u00e7\u00e3o do Enem PPL devem encaminhar, por e-mail, um of\u00edcio firmando a ades\u00e3o com o Inep e indicar um respons\u00e1vel pedag\u00f3gico. O termo de ades\u00e3o dever\u00e1 ser enviado entre os dias 16 e 27 de novembro.<\/p>\n\n\n\n<p>Para os participantes maiores de 18 anos, as notas podem ser aproveitadas para o ingresso no ensino superior. J\u00e1 os menores de 18 anos fazem as provas apenas como \u201ctreineiros\u201d para testar os seus conhecimentos. As provas do Enem PPL t\u00eam o mesmo n\u00edvel de dificuldade do Enem regular, a \u00fanica diferen\u00e7a \u00e9 que o PPL \u00e9 aplicado dentro de unidades prisionais.<\/p>\n\n\n\n<p><strong>Como \u00e9 o Enem PPL?<\/strong><\/p>\n\n\n\n<p>O Enem PPL \u00e9 constitu\u00eddo de quatro provas objetivas, cada uma com 45 quest\u00f5es de m\u00faltipla escolha, mais uma reda\u00e7\u00e3o. No primeiro dia s\u00e3o aplicadas as provas de linguagens, c\u00f3digos e suas tecnologias, ci\u00eancias humanas e suas tecnologias e&nbsp;<a href=\"https:\/\/www.educamaisbrasil.com.br\/cursos-e-faculdades\/lingua-portuguesa-oralidade-redacao-eou-letramento\/?p=pbagora\">reda\u00e7\u00e3o<\/a>, os participantes contam com cinco horas e meia de dura\u00e7\u00e3o. No segundo dia, s\u00e3o aplicadas as provas de ci\u00eancias da natureza e&nbsp;<a href=\"https:\/\/www.educamaisbrasil.com.br\/cursos-e-faculdades\/matematica\/?p=pbagora\">matem\u00e1tica<\/a>, em cinco horas.<\/p>\n\n\n\n<p><strong>Cronograma Enem PPL<\/strong><\/p>\n\n\n\n<p>Ades\u00e3o das unidades: 16 a 27\/11\/2020<\/p>\n\n\n\n<p>Inscri\u00e7\u00f5es: 30\/11 a 11\/12\/2020<\/p>\n\n\n\n<p>Solicita\u00e7\u00e3o de atendimento especializado ou de uso de nome social: 30\/11 a 11\/12\/2020<\/p>\n\n\n\n<p>Aplica\u00e7\u00e3o do Enem PPL: 23 e 24 fevereiro de 2021<\/p>\n\n\n\n<p>*Com informa\u00e7\u00f5es do Inep<\/p>\n\n\n\n<p><strong>Fonte: Ag\u00eancia Educa Mais Brasil<\/strong><\/p>\n","protected":false},"excerpt":{"rendered":"<p>Respons\u00e1veis pedag\u00f3gicos das unidades prisionais devem realizar as inscri\u00e7\u00f5es O Instituto Nacional de Estudos e Pesquisas Educacionais An\u00edsio Teixeira (Inep)<\/p>\n","protected":false},"author":1,"featured_media":1101,"comment_status":"open","ping_status":"open","sticky":false,"template":"","format":"standard","meta":{"colormag_page_container_layout":"default_layout","colormag_page_sidebar_layout":"default_layout","_monsterinsights_skip_tracking":false,"_monsterinsights_sitenote_active":false,"_monsterinsights_sitenote_note":"","_monsterinsights_sitenote_category":0,"_jetpack_memberships_contains_paid_content":false,"footnotes":""},"categories":[45],"tags":[392,391],"class_list":["post-1100","post","type-post","status-publish","format-standard","has-post-thumbnail","hentry","category-cultura-lazer","tag-enem","tag-ppl-2020"],"yoast_head":"<!-- This site is optimized with the Yoast SEO plugin v16.3 - https:\/\/yoast.com\/wordpress\/plugins\/seo\/ -->\n<title>Enem PPL 2020 tem cronograma divulgado; provas ser\u00e3o em fevereiro de 2021 - Politiciando<\/title>\n<meta name=\"robots\" content=\"index, follow, max-snippet:-1, max-image-preview:large, max-video-preview:-1\" \/>\n<link rel=\"canonical\" href=\"https:\/\/politiciando.com.br\/?p=1100\" \/>\n<meta property=\"og:locale\" content=\"pt_BR\" \/>\n<meta property=\"og:type\" content=\"article\" \/>\n<meta property=\"og:title\" content=\"Enem PPL 2020 tem cronograma divulgado; provas ser\u00e3o em fevereiro de 2021 - Politiciando\" \/>\n<meta property=\"og:description\" content=\"Respons\u00e1veis pedag\u00f3gicos das unidades prisionais devem realizar as inscri\u00e7\u00f5es O Instituto Nacional de Estudos e Pesquisas Educacionais An\u00edsio Teixeira (Inep)\" \/>\n<meta property=\"og:url\" content=\"https:\/\/politiciando.com.br\/?p=1100\" \/>\n<meta property=\"og:site_name\" content=\"Politiciando\" \/>\n<meta property=\"article:publisher\" content=\"https:\/\/www.facebook.com\/Politician\" \/>\n<meta property=\"article:published_time\" content=\"2020-11-12T12:09:57+00:00\" \/>\n<meta property=\"article:modified_time\" content=\"2020-11-12T12:11:31+00:00\" \/>\n<meta property=\"og:image\" content=\"https:\/\/politiciando.com.br\/wp-content\/uploads\/2020\/11\/aijes-800x539-1.jpg\" \/>\n\t<meta property=\"og:image:width\" content=\"800\" \/>\n\t<meta property=\"og:image:height\" content=\"539\" \/>\n<meta name=\"twitter:card\" content=\"summary_large_image\" \/>\n<meta name=\"twitter:creator\" content=\"@politiciando\" \/>\n<meta name=\"twitter:site\" content=\"@politiciando\" \/>\n<meta name=\"twitter:label1\" content=\"Est. tempo de leitura\">\n\t<meta name=\"twitter:data1\" content=\"2 minutos\">\n<script type=\"application\/ld+json\" class=\"yoast-schema-graph\">{\"@context\":\"https:\/\/schema.org\",\"@graph\":[{\"@type\":\"WebSite\",\"@id\":\"https:\/\/politiciando.com.br\/#website\",\"url\":\"https:\/\/politiciando.com.br\/\",\"name\":\"Politiciando\",\"description\":\"A Not\\u00edcia como tem que ser!\",\"potentialAction\":[{\"@type\":\"SearchAction\",\"target\":\"https:\/\/politiciando.com.br\/?s={search_term_string}\",\"query-input\":\"required name=search_term_string\"}],\"inLanguage\":\"pt-BR\"},{\"@type\":\"ImageObject\",\"@id\":\"https:\/\/politiciando.com.br\/?p=1100#primaryimage\",\"inLanguage\":\"pt-BR\",\"url\":\"https:\/\/politiciando.com.br\/wp-content\/uploads\/2020\/11\/aijes-800x539-1.jpg\",\"contentUrl\":\"https:\/\/politiciando.com.br\/wp-content\/uploads\/2020\/11\/aijes-800x539-1.jpg\",\"width\":800,\"height\":539},{\"@type\":\"WebPage\",\"@id\":\"https:\/\/politiciando.com.br\/?p=1100#webpage\",\"url\":\"https:\/\/politiciando.com.br\/?p=1100\",\"name\":\"Enem PPL 2020 tem cronograma divulgado; provas ser\\u00e3o em fevereiro de 2021 - Politiciando\",\"isPartOf\":{\"@id\":\"https:\/\/politiciando.com.br\/#website\"},\"primaryImageOfPage\":{\"@id\":\"https:\/\/politiciando.com.br\/?p=1100#primaryimage\"},\"datePublished\":\"2020-11-12T12:09:57+00:00\",\"dateModified\":\"2020-11-12T12:11:31+00:00\",\"author\":{\"@id\":\"https:\/\/politiciando.com.br\/#\/schema\/person\/be8395b998f06b83e7b3a1d9567ff61b\"},\"breadcrumb\":{\"@id\":\"https:\/\/politiciando.com.br\/?p=1100#breadcrumb\"},\"inLanguage\":\"pt-BR\",\"potentialAction\":[{\"@type\":\"ReadAction\",\"target\":[\"https:\/\/politiciando.com.br\/?p=1100\"]}]},{\"@type\":\"BreadcrumbList\",\"@id\":\"https:\/\/politiciando.com.br\/?p=1100#breadcrumb\",\"itemListElement\":[{\"@type\":\"ListItem\",\"position\":1,\"item\":{\"@type\":\"WebPage\",\"@id\":\"https:\/\/politiciando.com.br\/\",\"url\":\"https:\/\/politiciando.com.br\/\",\"name\":\"Home\"}},{\"@type\":\"ListItem\",\"position\":2,\"item\":{\"@id\":\"https:\/\/politiciando.com.br\/?p=1100#webpage\"}}]},{\"@type\":\"Person\",\"@id\":\"https:\/\/politiciando.com.br\/#\/schema\/person\/be8395b998f06b83e7b3a1d9567ff61b\",\"name\":\"redacaopoliticiando\",\"image\":{\"@type\":\"ImageObject\",\"@id\":\"https:\/\/politiciando.com.br\/#personlogo\",\"inLanguage\":\"pt-BR\",\"url\":\"https:\/\/secure.gravatar.com\/avatar\/6cfd6b7f4d5132d5b42f746a58e576a9ab04eae227797efa7fdd7a4aeb90ca9c?s=96&d=mm&r=g\",\"contentUrl\":\"https:\/\/secure.gravatar.com\/avatar\/6cfd6b7f4d5132d5b42f746a58e576a9ab04eae227797efa7fdd7a4aeb90ca9c?s=96&d=mm&r=g\",\"caption\":\"redacaopoliticiando\"},\"sameAs\":[\"https:\/\/politiciando.com.br\"],\"url\":\"https:\/\/politiciando.com.br\/?author=1\"}]}<\/script>\n<!-- \/ Yoast SEO plugin. -->","jetpack_featured_media_url":"https:\/\/politiciando.com.br\/wp-content\/uploads\/2020\/11\/aijes-800x539-1.jpg","jetpack_sharing_enabled":true,"_links":{"self":[{"href":"https:\/\/politiciando.com.br\/index.php?rest_route=\/wp\/v2\/posts\/1100","targetHints":{"allow":["GET"]}}],"collection":[{"href":"https:\/\/politiciando.com.br\/index.php?rest_route=\/wp\/v2\/posts"}],"about":[{"href":"https:\/\/politiciando.com.br\/index.php?rest_route=\/wp\/v2\/types\/post"}],"author":[{"embeddable":true,"href":"https:\/\/politiciando.com.br\/index.php?rest_route=\/wp\/v2\/users\/1"}],"replies":[{"embeddable":true,"href":"https:\/\/politiciando.com.br\/index.php?rest_route=%2Fwp%2Fv2%2Fcomments&post=1100"}],"version-history":[{"count":2,"href":"https:\/\/politiciando.com.br\/index.php?rest_route=\/wp\/v2\/posts\/1100\/revisions"}],"predecessor-version":[{"id":1103,"href":"https:\/\/politiciando.com.br\/index.php?rest_route=\/wp\/v2\/posts\/1100\/revisions\/1103"}],"wp:featuredmedia":[{"embeddable":true,"href":"https:\/\/politiciando.com.br\/index.php?rest_route=\/wp\/v2\/media\/1101"}],"wp:attachment":[{"href":"https:\/\/politiciando.com.br\/index.php?rest_route=%2Fwp%2Fv2%2Fmedia&parent=1100"}],"wp:term":[{"taxonomy":"category","embeddable":true,"href":"https:\/\/politiciando.com.br\/index.php?rest_route=%2Fwp%2Fv2%2Fcategories&post=1100"},{"taxonomy":"post_tag","embeddable":true,"href":"https:\/\/politiciando.com.br\/index.php?rest_route=%2Fwp%2Fv2%2Ftags&post=1100"}],"curies":[{"name":"wp","href":"https:\/\/api.w.org\/{rel}","templated":true}]}}