{"id":1107,"date":"2020-11-12T09:35:54","date_gmt":"2020-11-12T12:35:54","guid":{"rendered":"https:\/\/politiciando.com.br\/?p=1107"},"modified":"2020-11-12T09:35:56","modified_gmt":"2020-11-12T12:35:56","slug":"confira-a-agenda-dos-candidatos-a-prefeito-de-joao-pessoa-nesta-sexta-feira-12","status":"publish","type":"post","link":"https:\/\/politiciando.com.br\/?p=1107","title":{"rendered":"Confira a agenda dos candidatos a prefeito de Jo\u00e3o Pessoa nesta sexta-feira (12)"},"content":{"rendered":"\n<p>Faltando apenas&nbsp;<strong>3 dias para o pleito<\/strong>, que acontece no pr\u00f3ximo domingo,&nbsp;<strong>15 de novembro<\/strong>, os candidatos \u00e0&nbsp;<strong>prefeito de Jo\u00e3o Pessoa<\/strong>&nbsp;nas elei\u00e7\u00f5es 2020 intensificam cada vez mais suas agendas visitando os diferentes bairros da Capital afim de convencer o eleitorado. Confira a agenda oficial dos candidatos nesta sexta-feira (12) por ordem alfab\u00e9tica:<\/p>\n\n\n\n<p><strong>An\u00edsio Maia (PT)<br><\/strong>7h \u2013 Bandeira\u00e7o e panfletagem no bairro da Torre<br>10h \u2013 Assinatura de carta compromisso com maestros e core\u00f3grafos de Bandas Marciais<br>11h \u2013 Assinatura de carta compromisso com a Articula\u00e7\u00e3o de Mulheres Brasileiras<br>14h \u2013 Grava\u00e7\u00e3o de conte\u00fados para as redes sociais<br>17h \u2013 Bandeira\u00e7o e panfletagem Av. Epit\u00e1cio Pessoa<br>19h \u2013 Live no Instagram com o candidato a vereador Robson Jampa (PT)<\/p>\n\n\n\n<p><strong>Camilo Duarte (PCO)<\/strong><br>O&nbsp;<strong>portal WSCOM<\/strong>&nbsp;n\u00e3o teve acesso a agenda do candidato<\/p>\n\n\n\n<p><strong>Carlos Monteiro (Rede)<\/strong><br>7h \u2013 Reuni\u00e3o com apoiadores no bairro do Gramame<br>15h30 \u2013 Panfletagem e Bandeira\u00e7o<\/p>\n\n\n\n<p><strong>C\u00edcero Lucena (PP)<\/strong><br>6h30 \u2013 Reuni\u00e3o no Jaguaribe<br>14h30 \u2013 Encontro Hoteleiro em Mana\u00edra<br>16h \u2013 Reuni\u00e3o na S\u00e3o Rafael<br>18h30 \u2013 Visita a apoiadores no Bessa<br>20h30 \u2013 Reuni\u00e3o no S\u00e3o Jos\u00e9<\/p>\n\n\n\n<p><strong>Edilma Freire (PV)<\/strong><br><strong>MANH\u00c3<\/strong><br>\u2013 Encontra popula\u00e7\u00e3o de Mangabeira<br>\u2013 Encontra representantes do grupo de pedal<br>\u2013 Encontra popula\u00e7\u00e3o de Gramame<br><strong>TARDE<\/strong><br>\u2013 Almo\u00e7o com lideran\u00e7as de Mangabeira<br>\u2013 Encontra popula\u00e7\u00e3o do Castelo Branco<br><strong>NOITE<\/strong><br>\u2013 Encontra popula\u00e7\u00e3o do Miramar<\/p>\n\n\n\n<p><strong>\u00cdtalo Guedes (PSOL)<\/strong><br>9h \u2013 Assinatura de carta compromisso com as pol\u00edticas de garantia de direito da popula\u00e7\u00e3o LGBTQIA+ junto ao MEL (Movimento Esp\u00edrito Lil\u00e1s)<br>11h30 \u2013 Panfletagem em Mangabeira<br>16h \u2013 Panfletagem Skate Park Mana\u00edra<br>18h \u2013 Panfletagem na Pra\u00e7a do Caju<\/p>\n\n\n\n<p><strong>Jo\u00e3o Almeida (Solidariedade)<\/strong><br>10h \u2013 Reuni\u00e3o com motoristas de aplicativos<br>14h \u2013 Reuni\u00e3o com equipe de campanha<br>16h \u2013 Reuni\u00e3o no Centro Hist\u00f3rico<br>19h \u2013 Reuni\u00e3o com moradores do bairro S\u00e3o Jos\u00e9<br>20h \u2013 Reuni\u00e3o com moradores do bairro Mandacaru<\/p>\n\n\n\n<p><strong>Nilvan Ferreira (MDB)<\/strong><br>O&nbsp;<strong>portal WSCOM<\/strong>&nbsp;n\u00e3o teve acesso a agenda do candidato<\/p>\n\n\n\n<p><strong>Rafael Freire (UP)<\/strong><br>9h \u2013 Panfletagem no Shopping Tambi\u00e1<br>15h \u2013 Ato da UP na Lagoa com toda a milit\u00e2ncia<br>NOITE \u2013 Liga\u00e7\u00f5es e contatos<\/p>\n\n\n\n<p><strong>Rama Dantas (PSTU)<\/strong><br>O&nbsp;<strong>portal WSCOM<\/strong>&nbsp;n\u00e3o teve acesso a agenda da candidata<\/p>\n\n\n\n<p><strong>Raoni Mendes (DEM)<\/strong><br>9h \u2013 Caminhada no Geisel<br>11h30 \u2013 Reuni\u00e3o com apoiadores no Comit\u00ea Central<br>12h \u2013 Assinatura de compromisso com representantes de bandas e fanfarras, no Comit\u00ea Central<br>15h \u2013 Caminhada em Mangabeira<br>17h30 \u2013 Caminhada no Colinas do Sul<br>20h \u2013 Visita \u00e0 Pra\u00e7a da Paz<\/p>\n\n\n\n<p><strong>Ricardo Coutinho (PSB)<\/strong><br>9h40 \u2013 Visita ao Bairro Cui\u00e1, Valentina<br>15h30 \u2013 Visita ao Parque do Sol\/Valentina<br>18h30 \u2013 Visita ao Bairro do Cristo<\/p>\n\n\n\n<p><strong>Ruy Carneiro (PSDB)<\/strong><br>8h \u2013 Visita a comunidade<br>10h \u2013 Reuni\u00e3o com funcion\u00e1rios do setor de alimenta\u00e7\u00e3o<br>14h \u2013 Assinatura de Carta de Compromisso dos Sindicatos da Sa\u00fade<br>16h30 \u2013 Caminhada em comunidade<br>19h15 \u2013 Reuni\u00e3o com apoiadores em comunidade<\/p>\n\n\n\n<p><strong>Wallber Virgolino (Patriota)<\/strong><br>9h \u2013 Assinatura da Carta Compromisso com profissionais da Enfermagem \u2013 SINDEP \u2013 Empresarial Independ\u00eancia Pra\u00e7a da Independ\u00eancia, 18 \u2013 3\u00ba andar, sala 312- Centro<br>10h \u2013 Encontro com apoiadores \u2013 Bairro de Mangabeira<br>19h \u2013 Reuni\u00e3o com pastores \u2013 Irm\u00e3 Dulce<br>20h \u2013 Evento com candidato a vereador \u2013 Mandacaru<\/p>\n\n\n\n<p><\/p>\n","protected":false},"excerpt":{"rendered":"<p>Faltando apenas&nbsp;3 dias para o pleito, que acontece no pr\u00f3ximo domingo,&nbsp;15 de novembro, os candidatos \u00e0&nbsp;prefeito de Jo\u00e3o Pessoa&nbsp;nas elei\u00e7\u00f5es<\/p>\n","protected":false},"author":1,"featured_media":908,"comment_status":"open","ping_status":"open","sticky":false,"template":"","format":"standard","meta":{"colormag_page_container_layout":"default_layout","colormag_page_sidebar_layout":"default_layout","_monsterinsights_skip_tracking":false,"_monsterinsights_sitenote_active":false,"_monsterinsights_sitenote_note":"","_monsterinsights_sitenote_category":0,"_jetpack_memberships_contains_paid_content":false,"footnotes":""},"categories":[5],"tags":[],"class_list":["post-1107","post","type-post","status-publish","format-standard","has-post-thumbnail","hentry","category-politica"],"yoast_head":"<!-- This site is optimized with the Yoast SEO plugin v16.3 - https:\/\/yoast.com\/wordpress\/plugins\/seo\/ -->\n<title>Confira a agenda dos candidatos a prefeito de Jo\u00e3o Pessoa nesta sexta-feira (12) - Politiciando<\/title>\n<meta name=\"robots\" content=\"index, follow, max-snippet:-1, max-image-preview:large, max-video-preview:-1\" \/>\n<link rel=\"canonical\" href=\"https:\/\/politiciando.com.br\/?p=1107\" \/>\n<meta property=\"og:locale\" content=\"pt_BR\" \/>\n<meta property=\"og:type\" content=\"article\" \/>\n<meta property=\"og:title\" content=\"Confira a agenda dos candidatos a prefeito de Jo\u00e3o Pessoa nesta sexta-feira (12) - Politiciando\" \/>\n<meta property=\"og:description\" content=\"Faltando apenas&nbsp;3 dias para o pleito, que acontece no pr\u00f3ximo domingo,&nbsp;15 de novembro, os candidatos \u00e0&nbsp;prefeito de Jo\u00e3o Pessoa&nbsp;nas elei\u00e7\u00f5es\" \/>\n<meta property=\"og:url\" content=\"https:\/\/politiciando.com.br\/?p=1107\" \/>\n<meta property=\"og:site_name\" content=\"Politiciando\" \/>\n<meta property=\"article:publisher\" content=\"https:\/\/www.facebook.com\/Politician\" \/>\n<meta property=\"article:published_time\" content=\"2020-11-12T12:35:54+00:00\" \/>\n<meta property=\"article:modified_time\" content=\"2020-11-12T12:35:56+00:00\" \/>\n<meta property=\"og:image\" content=\"https:\/\/politiciando.com.br\/wp-content\/uploads\/2020\/10\/candidatos-a-prefeito-de-joao-pessoa-em-2020.jpg\" \/>\n\t<meta property=\"og:image:width\" content=\"984\" \/>\n\t<meta property=\"og:image:height\" content=\"523\" \/>\n<meta name=\"twitter:card\" content=\"summary_large_image\" \/>\n<meta name=\"twitter:creator\" content=\"@politiciando\" \/>\n<meta name=\"twitter:site\" content=\"@politiciando\" \/>\n<meta name=\"twitter:label1\" content=\"Est. tempo de leitura\">\n\t<meta name=\"twitter:data1\" content=\"3 minutos\">\n<script type=\"application\/ld+json\" class=\"yoast-schema-graph\">{\"@context\":\"https:\/\/schema.org\",\"@graph\":[{\"@type\":\"WebSite\",\"@id\":\"https:\/\/politiciando.com.br\/#website\",\"url\":\"https:\/\/politiciando.com.br\/\",\"name\":\"Politiciando\",\"description\":\"A Not\\u00edcia como tem que ser!\",\"potentialAction\":[{\"@type\":\"SearchAction\",\"target\":\"https:\/\/politiciando.com.br\/?s={search_term_string}\",\"query-input\":\"required name=search_term_string\"}],\"inLanguage\":\"pt-BR\"},{\"@type\":\"ImageObject\",\"@id\":\"https:\/\/politiciando.com.br\/?p=1107#primaryimage\",\"inLanguage\":\"pt-BR\",\"url\":\"https:\/\/politiciando.com.br\/wp-content\/uploads\/2020\/10\/candidatos-a-prefeito-de-joao-pessoa-em-2020.jpg\",\"contentUrl\":\"https:\/\/politiciando.com.br\/wp-content\/uploads\/2020\/10\/candidatos-a-prefeito-de-joao-pessoa-em-2020.jpg\",\"width\":984,\"height\":523},{\"@type\":\"WebPage\",\"@id\":\"https:\/\/politiciando.com.br\/?p=1107#webpage\",\"url\":\"https:\/\/politiciando.com.br\/?p=1107\",\"name\":\"Confira a agenda dos candidatos a prefeito de Jo\\u00e3o Pessoa nesta sexta-feira (12) - Politiciando\",\"isPartOf\":{\"@id\":\"https:\/\/politiciando.com.br\/#website\"},\"primaryImageOfPage\":{\"@id\":\"https:\/\/politiciando.com.br\/?p=1107#primaryimage\"},\"datePublished\":\"2020-11-12T12:35:54+00:00\",\"dateModified\":\"2020-11-12T12:35:56+00:00\",\"author\":{\"@id\":\"https:\/\/politiciando.com.br\/#\/schema\/person\/be8395b998f06b83e7b3a1d9567ff61b\"},\"breadcrumb\":{\"@id\":\"https:\/\/politiciando.com.br\/?p=1107#breadcrumb\"},\"inLanguage\":\"pt-BR\",\"potentialAction\":[{\"@type\":\"ReadAction\",\"target\":[\"https:\/\/politiciando.com.br\/?p=1107\"]}]},{\"@type\":\"BreadcrumbList\",\"@id\":\"https:\/\/politiciando.com.br\/?p=1107#breadcrumb\",\"itemListElement\":[{\"@type\":\"ListItem\",\"position\":1,\"item\":{\"@type\":\"WebPage\",\"@id\":\"https:\/\/politiciando.com.br\/\",\"url\":\"https:\/\/politiciando.com.br\/\",\"name\":\"Home\"}},{\"@type\":\"ListItem\",\"position\":2,\"item\":{\"@id\":\"https:\/\/politiciando.com.br\/?p=1107#webpage\"}}]},{\"@type\":\"Person\",\"@id\":\"https:\/\/politiciando.com.br\/#\/schema\/person\/be8395b998f06b83e7b3a1d9567ff61b\",\"name\":\"redacaopoliticiando\",\"image\":{\"@type\":\"ImageObject\",\"@id\":\"https:\/\/politiciando.com.br\/#personlogo\",\"inLanguage\":\"pt-BR\",\"url\":\"https:\/\/secure.gravatar.com\/avatar\/6cfd6b7f4d5132d5b42f746a58e576a9ab04eae227797efa7fdd7a4aeb90ca9c?s=96&d=mm&r=g\",\"contentUrl\":\"https:\/\/secure.gravatar.com\/avatar\/6cfd6b7f4d5132d5b42f746a58e576a9ab04eae227797efa7fdd7a4aeb90ca9c?s=96&d=mm&r=g\",\"caption\":\"redacaopoliticiando\"},\"sameAs\":[\"https:\/\/politiciando.com.br\"],\"url\":\"https:\/\/politiciando.com.br\/?author=1\"}]}<\/script>\n<!-- \/ Yoast SEO plugin. -->","jetpack_featured_media_url":"https:\/\/politiciando.com.br\/wp-content\/uploads\/2020\/10\/candidatos-a-prefeito-de-joao-pessoa-em-2020.jpg","jetpack_sharing_enabled":true,"_links":{"self":[{"href":"https:\/\/politiciando.com.br\/index.php?rest_route=\/wp\/v2\/posts\/1107","targetHints":{"allow":["GET"]}}],"collection":[{"href":"https:\/\/politiciando.com.br\/index.php?rest_route=\/wp\/v2\/posts"}],"about":[{"href":"https:\/\/politiciando.com.br\/index.php?rest_route=\/wp\/v2\/types\/post"}],"author":[{"embeddable":true,"href":"https:\/\/politiciando.com.br\/index.php?rest_route=\/wp\/v2\/users\/1"}],"replies":[{"embeddable":true,"href":"https:\/\/politiciando.com.br\/index.php?rest_route=%2Fwp%2Fv2%2Fcomments&post=1107"}],"version-history":[{"count":1,"href":"https:\/\/politiciando.com.br\/index.php?rest_route=\/wp\/v2\/posts\/1107\/revisions"}],"predecessor-version":[{"id":1109,"href":"https:\/\/politiciando.com.br\/index.php?rest_route=\/wp\/v2\/posts\/1107\/revisions\/1109"}],"wp:featuredmedia":[{"embeddable":true,"href":"https:\/\/politiciando.com.br\/index.php?rest_route=\/wp\/v2\/media\/908"}],"wp:attachment":[{"href":"https:\/\/politiciando.com.br\/index.php?rest_route=%2Fwp%2Fv2%2Fmedia&parent=1107"}],"wp:term":[{"taxonomy":"category","embeddable":true,"href":"https:\/\/politiciando.com.br\/index.php?rest_route=%2Fwp%2Fv2%2Fcategories&post=1107"},{"taxonomy":"post_tag","embeddable":true,"href":"https:\/\/politiciando.com.br\/index.php?rest_route=%2Fwp%2Fv2%2Ftags&post=1107"}],"curies":[{"name":"wp","href":"https:\/\/api.w.org\/{rel}","templated":true}]}}