{"id":1214,"date":"2020-11-17T11:36:40","date_gmt":"2020-11-17T14:36:40","guid":{"rendered":"https:\/\/politiciando.com.br\/?p=1214"},"modified":"2020-11-17T11:36:43","modified_gmt":"2020-11-17T14:36:43","slug":"subadutoras-vao-ampliar-capacidade-de-distribuicao-de-agua-em-21-bairros-da-capital","status":"publish","type":"post","link":"https:\/\/politiciando.com.br\/?p=1214","title":{"rendered":"Subadutoras v\u00e3o ampliar capacidade de distribui\u00e7\u00e3o de \u00e1gua em 21 bairros da Capital"},"content":{"rendered":"\n<p class=\"has-drop-cap\">ACompanhia de \u00c1gua e Esgotos da Para\u00edba (Cagepa) segue trabalhando no refor\u00e7o das adutoras que abastecem os reservat\u00f3rios R1, R2, R6 e R11, em Jo\u00e3o Pessoa. A obra, realizada atualmente na Avenida J\u00falia Freire, no bairro da Torre, vai ampliar a capacidade do fornecimento de \u00e1gua em 21 bairros da Capital, com o objetivo de acompanhar o aumento populacional previsto, afastando a possibilidade de haver necessidade de intermit\u00eancia na distribui\u00e7\u00e3o aos consumidores.<\/p>\n\n\n\n<figure class=\"wp-block-image size-large\"><img loading=\"lazy\" decoding=\"async\" width=\"768\" height=\"511\" src=\"https:\/\/politiciando.com.br\/wp-content\/uploads\/2020\/11\/e2a019a1-6d2e-474d-959d-85f2d2d5f324.jpeg\" alt=\"\" class=\"wp-image-1215\" srcset=\"https:\/\/politiciando.com.br\/wp-content\/uploads\/2020\/11\/e2a019a1-6d2e-474d-959d-85f2d2d5f324.jpeg 768w, https:\/\/politiciando.com.br\/wp-content\/uploads\/2020\/11\/e2a019a1-6d2e-474d-959d-85f2d2d5f324-300x200.jpeg 300w\" sizes=\"auto, (max-width: 768px) 100vw, 768px\" \/><\/figure>\n\n\n\n<p>Com investimento de R$ 27,5 milh\u00f5es originados do Programa de Acelera\u00e7\u00e3o do Crescimento (PAC) do Governo Federal e do Governo do Estado, a obra ir\u00e1 beneficiar os bairros do Centro e centro expandido de Jo\u00e3o Pessoa, como Jaguaribe, Varadouro, R\u00f3ger, Baixo R\u00f3ger, Tambi\u00e1, Alto do C\u00e9u, Salinas Ribamar, Porto do Jo\u00e3o Tota, Vem-vem, Ilha do Bispo, Cord\u00e3o Encarnado, Jardim 13 de Maio, Ip\u00eas, Torre, Expedicion\u00e1rios, Bairro dos Estados, Mandacaru, Tambauzinho, Rangel, Cristo e Vale das Palmeiras.<\/p>\n\n\n\n<p>A obra j\u00e1 passou por v\u00e1rias etapas, com a substitui\u00e7\u00e3o de 8,5 quil\u00f4metros de tubula\u00e7\u00f5es por redes de maior di\u00e2metro, entre 400 e 700 mil\u00edmetros, como explica o diretor de Expans\u00e3o da Cagepa, Ricardo Mois\u00e9s. \u201cA parte central de Jo\u00e3o Pessoa \u00e9 abastecida pelo sistema de Mar\u00e9s, que j\u00e1 est\u00e1 no limite da capacidade. A obra garante o refor\u00e7o da distribui\u00e7\u00e3o com a interliga\u00e7\u00e3o do sistema de Gramame, suficiente para atender a demanda prevista para a regi\u00e3o central pelos pr\u00f3ximos 20 anos.&#8221; destacou o diretor.<\/p>\n\n\n\n<p>Durante a execu\u00e7\u00e3o do servi\u00e7o, est\u00e3o sendo necess\u00e1rios alguns desvios no tr\u00e2nsito da regi\u00e3o, que variam de acordo com a etapa vigente do planejamento. &#8220;Pedimos a compreens\u00e3o da popula\u00e7\u00e3o, porque os transtornos moment\u00e2neos s\u00e3o necess\u00e1rios para garantir um melhor servi\u00e7o para a popula\u00e7\u00e3o dos bairros em quest\u00e3o&#8221;, ponderou Ricardo. A conclus\u00e3o da obra est\u00e1 prevista para setembro de 2021.<\/p>\n","protected":false},"excerpt":{"rendered":"<p>ACompanhia de \u00c1gua e Esgotos da Para\u00edba (Cagepa) segue trabalhando no refor\u00e7o das adutoras que abastecem os reservat\u00f3rios R1, R2,<\/p>\n","protected":false},"author":1,"featured_media":1215,"comment_status":"open","ping_status":"open","sticky":false,"template":"","format":"standard","meta":{"colormag_page_container_layout":"default_layout","colormag_page_sidebar_layout":"default_layout","_monsterinsights_skip_tracking":false,"_monsterinsights_sitenote_active":false,"_monsterinsights_sitenote_note":"","_monsterinsights_sitenote_category":0,"_jetpack_memberships_contains_paid_content":false,"footnotes":""},"categories":[50],"tags":[],"class_list":["post-1214","post","type-post","status-publish","format-standard","has-post-thumbnail","hentry","category-paraiba"],"yoast_head":"<!-- This site is optimized with the Yoast SEO plugin v16.3 - https:\/\/yoast.com\/wordpress\/plugins\/seo\/ -->\n<title>Subadutoras v\u00e3o ampliar capacidade de distribui\u00e7\u00e3o de \u00e1gua em 21 bairros da Capital - Politiciando<\/title>\n<meta name=\"robots\" content=\"index, follow, max-snippet:-1, max-image-preview:large, max-video-preview:-1\" \/>\n<link rel=\"canonical\" href=\"https:\/\/politiciando.com.br\/?p=1214\" \/>\n<meta property=\"og:locale\" content=\"pt_BR\" \/>\n<meta property=\"og:type\" content=\"article\" \/>\n<meta property=\"og:title\" content=\"Subadutoras v\u00e3o ampliar capacidade de distribui\u00e7\u00e3o de \u00e1gua em 21 bairros da Capital - Politiciando\" \/>\n<meta property=\"og:description\" content=\"ACompanhia de \u00c1gua e Esgotos da Para\u00edba (Cagepa) segue trabalhando no refor\u00e7o das adutoras que abastecem os reservat\u00f3rios R1, R2,\" \/>\n<meta property=\"og:url\" content=\"https:\/\/politiciando.com.br\/?p=1214\" \/>\n<meta property=\"og:site_name\" content=\"Politiciando\" \/>\n<meta property=\"article:publisher\" content=\"https:\/\/www.facebook.com\/Politician\" \/>\n<meta property=\"article:published_time\" content=\"2020-11-17T14:36:40+00:00\" \/>\n<meta property=\"article:modified_time\" content=\"2020-11-17T14:36:43+00:00\" \/>\n<meta property=\"og:image\" content=\"https:\/\/politiciando.com.br\/wp-content\/uploads\/2020\/11\/e2a019a1-6d2e-474d-959d-85f2d2d5f324.jpeg\" \/>\n\t<meta property=\"og:image:width\" content=\"768\" \/>\n\t<meta property=\"og:image:height\" content=\"511\" \/>\n<meta name=\"twitter:card\" content=\"summary_large_image\" \/>\n<meta name=\"twitter:creator\" content=\"@politiciando\" \/>\n<meta name=\"twitter:site\" content=\"@politiciando\" \/>\n<meta name=\"twitter:label1\" content=\"Est. tempo de leitura\">\n\t<meta name=\"twitter:data1\" content=\"2 minutos\">\n<script type=\"application\/ld+json\" class=\"yoast-schema-graph\">{\"@context\":\"https:\/\/schema.org\",\"@graph\":[{\"@type\":\"WebSite\",\"@id\":\"https:\/\/politiciando.com.br\/#website\",\"url\":\"https:\/\/politiciando.com.br\/\",\"name\":\"Politiciando\",\"description\":\"A Not\\u00edcia como tem que ser!\",\"potentialAction\":[{\"@type\":\"SearchAction\",\"target\":\"https:\/\/politiciando.com.br\/?s={search_term_string}\",\"query-input\":\"required name=search_term_string\"}],\"inLanguage\":\"pt-BR\"},{\"@type\":\"ImageObject\",\"@id\":\"https:\/\/politiciando.com.br\/?p=1214#primaryimage\",\"inLanguage\":\"pt-BR\",\"url\":\"https:\/\/politiciando.com.br\/wp-content\/uploads\/2020\/11\/e2a019a1-6d2e-474d-959d-85f2d2d5f324.jpeg\",\"contentUrl\":\"https:\/\/politiciando.com.br\/wp-content\/uploads\/2020\/11\/e2a019a1-6d2e-474d-959d-85f2d2d5f324.jpeg\",\"width\":768,\"height\":511},{\"@type\":\"WebPage\",\"@id\":\"https:\/\/politiciando.com.br\/?p=1214#webpage\",\"url\":\"https:\/\/politiciando.com.br\/?p=1214\",\"name\":\"Subadutoras v\\u00e3o ampliar capacidade de distribui\\u00e7\\u00e3o de \\u00e1gua em 21 bairros da Capital - Politiciando\",\"isPartOf\":{\"@id\":\"https:\/\/politiciando.com.br\/#website\"},\"primaryImageOfPage\":{\"@id\":\"https:\/\/politiciando.com.br\/?p=1214#primaryimage\"},\"datePublished\":\"2020-11-17T14:36:40+00:00\",\"dateModified\":\"2020-11-17T14:36:43+00:00\",\"author\":{\"@id\":\"https:\/\/politiciando.com.br\/#\/schema\/person\/be8395b998f06b83e7b3a1d9567ff61b\"},\"breadcrumb\":{\"@id\":\"https:\/\/politiciando.com.br\/?p=1214#breadcrumb\"},\"inLanguage\":\"pt-BR\",\"potentialAction\":[{\"@type\":\"ReadAction\",\"target\":[\"https:\/\/politiciando.com.br\/?p=1214\"]}]},{\"@type\":\"BreadcrumbList\",\"@id\":\"https:\/\/politiciando.com.br\/?p=1214#breadcrumb\",\"itemListElement\":[{\"@type\":\"ListItem\",\"position\":1,\"item\":{\"@type\":\"WebPage\",\"@id\":\"https:\/\/politiciando.com.br\/\",\"url\":\"https:\/\/politiciando.com.br\/\",\"name\":\"Home\"}},{\"@type\":\"ListItem\",\"position\":2,\"item\":{\"@id\":\"https:\/\/politiciando.com.br\/?p=1214#webpage\"}}]},{\"@type\":\"Person\",\"@id\":\"https:\/\/politiciando.com.br\/#\/schema\/person\/be8395b998f06b83e7b3a1d9567ff61b\",\"name\":\"redacaopoliticiando\",\"image\":{\"@type\":\"ImageObject\",\"@id\":\"https:\/\/politiciando.com.br\/#personlogo\",\"inLanguage\":\"pt-BR\",\"url\":\"https:\/\/secure.gravatar.com\/avatar\/6cfd6b7f4d5132d5b42f746a58e576a9ab04eae227797efa7fdd7a4aeb90ca9c?s=96&d=mm&r=g\",\"contentUrl\":\"https:\/\/secure.gravatar.com\/avatar\/6cfd6b7f4d5132d5b42f746a58e576a9ab04eae227797efa7fdd7a4aeb90ca9c?s=96&d=mm&r=g\",\"caption\":\"redacaopoliticiando\"},\"sameAs\":[\"https:\/\/politiciando.com.br\"],\"url\":\"https:\/\/politiciando.com.br\/?author=1\"}]}<\/script>\n<!-- \/ Yoast SEO plugin. -->","jetpack_featured_media_url":"https:\/\/politiciando.com.br\/wp-content\/uploads\/2020\/11\/e2a019a1-6d2e-474d-959d-85f2d2d5f324.jpeg","jetpack_sharing_enabled":true,"_links":{"self":[{"href":"https:\/\/politiciando.com.br\/index.php?rest_route=\/wp\/v2\/posts\/1214","targetHints":{"allow":["GET"]}}],"collection":[{"href":"https:\/\/politiciando.com.br\/index.php?rest_route=\/wp\/v2\/posts"}],"about":[{"href":"https:\/\/politiciando.com.br\/index.php?rest_route=\/wp\/v2\/types\/post"}],"author":[{"embeddable":true,"href":"https:\/\/politiciando.com.br\/index.php?rest_route=\/wp\/v2\/users\/1"}],"replies":[{"embeddable":true,"href":"https:\/\/politiciando.com.br\/index.php?rest_route=%2Fwp%2Fv2%2Fcomments&post=1214"}],"version-history":[{"count":2,"href":"https:\/\/politiciando.com.br\/index.php?rest_route=\/wp\/v2\/posts\/1214\/revisions"}],"predecessor-version":[{"id":1217,"href":"https:\/\/politiciando.com.br\/index.php?rest_route=\/wp\/v2\/posts\/1214\/revisions\/1217"}],"wp:featuredmedia":[{"embeddable":true,"href":"https:\/\/politiciando.com.br\/index.php?rest_route=\/wp\/v2\/media\/1215"}],"wp:attachment":[{"href":"https:\/\/politiciando.com.br\/index.php?rest_route=%2Fwp%2Fv2%2Fmedia&parent=1214"}],"wp:term":[{"taxonomy":"category","embeddable":true,"href":"https:\/\/politiciando.com.br\/index.php?rest_route=%2Fwp%2Fv2%2Fcategories&post=1214"},{"taxonomy":"post_tag","embeddable":true,"href":"https:\/\/politiciando.com.br\/index.php?rest_route=%2Fwp%2Fv2%2Ftags&post=1214"}],"curies":[{"name":"wp","href":"https:\/\/api.w.org\/{rel}","templated":true}]}}