{"id":1378,"date":"2020-11-24T09:39:01","date_gmt":"2020-11-24T12:39:01","guid":{"rendered":"https:\/\/politiciando.com.br\/?p=1378"},"modified":"2020-11-24T09:39:06","modified_gmt":"2020-11-24T12:39:06","slug":"apos-22-dias-de-apagao-no-amapa-distribuidora-e-governo-dizem-que-rodizio-terminou-e-que-energia-foi-retomada-em-100","status":"publish","type":"post","link":"https:\/\/politiciando.com.br\/?p=1378","title":{"rendered":"Ap\u00f3s 22 dias de apag\u00e3o no Amap\u00e1, distribuidora e governo dizem que rod\u00edzio terminou e que energia foi retomada em 100%"},"content":{"rendered":"\n<p>Segundo transformador entrou em opera\u00e7\u00e3o nesta ter\u00e7a-feira (24), tr\u00eas semanas ap\u00f3s inc\u00eandio atingir a principal subesta\u00e7\u00e3o do estado.<\/p>\n\n\n\n<figure class=\"wp-block-image size-large\"><img loading=\"lazy\" decoding=\"async\" width=\"984\" height=\"657\" src=\"https:\/\/politiciando.com.br\/wp-content\/uploads\/2020\/11\/whatsapp-image-2020-11-24-at-06.09.41.jpeg\" alt=\"\" class=\"wp-image-1379\" srcset=\"https:\/\/politiciando.com.br\/wp-content\/uploads\/2020\/11\/whatsapp-image-2020-11-24-at-06.09.41.jpeg 984w, https:\/\/politiciando.com.br\/wp-content\/uploads\/2020\/11\/whatsapp-image-2020-11-24-at-06.09.41-300x200.jpeg 300w, https:\/\/politiciando.com.br\/wp-content\/uploads\/2020\/11\/whatsapp-image-2020-11-24-at-06.09.41-768x513.jpeg 768w\" sizes=\"auto, (max-width: 984px) 100vw, 984px\" \/><\/figure>\n\n\n\n<p>Ap\u00f3s 22 dias de apag\u00e3o, o rod\u00edzio de energia terminou no&nbsp;<a href=\"https:\/\/g1.globo.com\/ap\/amapa\/\">Amap\u00e1<\/a>&nbsp;e o fornecimento foi normalizado, segundo a distribuidora de energia e o governo federal. A retomada de 100% do fornecimento foi poss\u00edvel ap\u00f3s a energiza\u00e7\u00e3o, na madrugada desta ter\u00e7a-feira (24), de um segundo transformador na subesta\u00e7\u00e3o&nbsp;<a href=\"https:\/\/g1.globo.com\/ap\/amapa\/cidade\/macapa\/\">Macap\u00e1<\/a>, a principal do estado e que&nbsp;<a href=\"https:\/\/g1.globo.com\/ap\/amapa\/noticia\/2020\/11\/03\/incendio-atinge-subestacao-de-energia-durante-chuva-na-zona-norte-de-macapa.ghtml\">pegou fogo no dia 3 de novembro<\/a>.<\/p>\n\n\n\n<p>O an\u00fancio do t\u00e9rmino do rod\u00edzio foi feito pela Companhia de Eletricidade do Amap\u00e1 (CEA) \u00e0s 8h12 desta ter\u00e7a.<\/p>\n\n\n\n<blockquote class=\"wp-block-quote is-layout-flow wp-block-quote-is-layout-flow\"><p>&#8220;O rod\u00edzio do fornecimento de energia foi oficialmente encerrado. [&#8230;] Com este transformador operando, o fornecimento foi garantido em 100% para atender os 13 munic\u00edpios que foram afetados com o acidente na Subesta\u00e7\u00e3o Macap\u00e1 no dia 3 de Novembro&#8221;, declarou a CEA, em nota.<\/p><\/blockquote>\n\n\n\n<p>Pelo Twitter, o Minist\u00e9rio de Minas e Energia tamb\u00e9m assegurou que foi restabelecido o fornecimento de energia el\u00e9trica em todo o estado.<\/p>\n\n\n\n<figure class=\"wp-block-embed-twitter wp-block-embed is-type-rich is-provider-twitter\"><div class=\"wp-block-embed__wrapper\">\n<blockquote class=\"twitter-tweet\" data-width=\"550\" data-dnt=\"true\"><p lang=\"pt\" dir=\"ltr\">100% do fornecimento de energia el\u00e9trica no Estado do Amap\u00e1 foi restabelecido com a energiza\u00e7\u00e3o do 2o transformador na subesta\u00e7\u00e3o Macap\u00e1 nesta ter\u00e7a-feira (24\/11).<a href=\"https:\/\/twitter.com\/hashtag\/Miss%C3%A3oAmap%C3%A1?src=hash&amp;ref_src=twsrc%5Etfw\">#Miss\u00e3oAmap\u00e1<\/a> <a href=\"https:\/\/twitter.com\/hashtag\/MME?src=hash&amp;ref_src=twsrc%5Etfw\">#MME<\/a> <a href=\"https:\/\/twitter.com\/hashtag\/prioridade?src=hash&amp;ref_src=twsrc%5Etfw\">#prioridade<\/a><\/p>&mdash; Minist\u00e9rio de Minas e Energia (@Minas_Energia) <a href=\"https:\/\/twitter.com\/Minas_Energia\/status\/1331197490935246850?ref_src=twsrc%5Etfw\">November 24, 2020<\/a><\/blockquote><script async src=\"https:\/\/platform.twitter.com\/widgets.js\" charset=\"utf-8\"><\/script>\n<\/div><\/figure>\n\n\n\n<p>Foram tr\u00eas semanas de&nbsp;<a href=\"https:\/\/g1.globo.com\/ap\/amapa\/ao-vivo\/ao-vivo-ultimas-informacoes-sobre-o-apagao-no-amapa.ghtml\">crise energ\u00e9tica<\/a>. A popula\u00e7\u00e3o enfrentou um&nbsp;<a href=\"https:\/\/g1.globo.com\/ap\/amapa\/noticia\/2020\/11\/07\/apos-cinco-dias-de-apagao-no-amapa-energia-comeca-a-voltar-em-bairros-de-macapa-e-santana.ghtml\">blecaute de 4 dias<\/a>&nbsp;em 3 de novembro, e um&nbsp;<a href=\"https:\/\/g1.globo.com\/ap\/amapa\/noticia\/2020\/11\/17\/macapa-tem-novo-apagao-total.ghtml\">novo apag\u00e3o total no dia 17 de novembro<\/a>, que foi solucionado em cerca de 4 horas.<\/p>\n\n\n\n<p>O apag\u00e3o causou uma s\u00e9rie de problemas no estado: afetou o fornecimento de \u00e1gua e as telecomunica\u00e7\u00f5es, gerou uma corrida aos postos de combust\u00edveis que tinham geradores de energia, provocou preju\u00edzos a comerciantes que n\u00e3o conseguiam manter alimentos refrigerados,&nbsp;<a href=\"https:\/\/g1.globo.com\/ap\/amapa\/noticia\/2020\/11\/19\/apagao-no-amapa-comercio-atende-apenas-sob-luz-do-sol-e-familias-somam-prejuizos-com-eletrodomesticos.ghtml\">mudou toda a rotina dos amapaenses<\/a>.<\/p>\n\n\n\n<p>Foram registrados pela Pol\u00edcia Militar (PM) mais de 120 protestos contra o apag\u00e3o desde o dia 6 de novembro.<\/p>\n\n\n\n<h2 class=\"wp-block-heading\">Transformador instalado em subesta\u00e7\u00e3o que incendiou<\/h2>\n\n\n\n<p>O&nbsp;<a href=\"https:\/\/g1.globo.com\/ap\/amapa\/noticia\/2020\/11\/12\/apagao-no-amapa-novo-rodizio-altera-intervalos-sem-energia-por-regioes-veja-horarios.ghtml\">rod\u00edzio de energia, que foi implantado em 7 de novembro<\/a>, fornecia eletricidade em turnos de 3 em 3 horas e de 4 em 4 horas, por regi\u00f5es.<\/p>\n\n\n\n<p>O transformador energizado nesta madrugada saiu de&nbsp;<a href=\"https:\/\/g1.globo.com\/ap\/amapa\/cidade\/laranjal-do-jari\/\">Laranjal do Jari<\/a>, no Sul do estado, e foi instalado na principal subesta\u00e7\u00e3o do estado, que faz o Amap\u00e1 ter acesso ao Sistema Interligado Nacional (SIN). Essa unidade foi a que sofreu um&nbsp;<a href=\"https:\/\/g1.globo.com\/ap\/amapa\/noticia\/2020\/11\/03\/incendio-atinge-subestacao-de-energia-durante-chuva-na-zona-norte-de-macapa.ghtml\">inc\u00eandio no dia 3 de novembro<\/a>, e que deixou 89% do Amap\u00e1 sem energia.<\/p>\n\n\n\n<p>A Linhas de Macap\u00e1 Transmissora de Energia (LMTE), respons\u00e1vel pela subesta\u00e7\u00e3o, tinha at\u00e9 quinta-feira (26) para realizar a energiza\u00e7\u00e3o do transformador. A previs\u00e3o do&nbsp;<a href=\"https:\/\/g1.globo.com\/tudo-sobre\/governo-federal\/\">governo federal<\/a>&nbsp;era que, com isso, a energia seria restabelecida em toda a \u00e1rea afetada pelo apag\u00e3o.<\/p>\n","protected":false},"excerpt":{"rendered":"<p>Segundo transformador entrou em opera\u00e7\u00e3o nesta ter\u00e7a-feira (24), tr\u00eas semanas ap\u00f3s inc\u00eandio atingir a principal subesta\u00e7\u00e3o do estado. Ap\u00f3s 22<\/p>\n","protected":false},"author":1,"featured_media":1379,"comment_status":"open","ping_status":"open","sticky":false,"template":"","format":"standard","meta":{"colormag_page_container_layout":"default_layout","colormag_page_sidebar_layout":"default_layout","_monsterinsights_skip_tracking":false,"_monsterinsights_sitenote_active":false,"_monsterinsights_sitenote_note":"","_monsterinsights_sitenote_category":0,"_jetpack_memberships_contains_paid_content":false,"footnotes":""},"categories":[49],"tags":[465,498],"class_list":["post-1378","post","type-post","status-publish","format-standard","has-post-thumbnail","hentry","category-brasil","tag-amapa","tag-rodizio"],"yoast_head":"<!-- This site is optimized with the Yoast SEO plugin v16.3 - https:\/\/yoast.com\/wordpress\/plugins\/seo\/ -->\n<title>Ap\u00f3s 22 dias de apag\u00e3o no Amap\u00e1, distribuidora e governo dizem que rod\u00edzio terminou e que energia foi retomada em 100% - Politiciando<\/title>\n<meta name=\"robots\" content=\"index, follow, max-snippet:-1, max-image-preview:large, max-video-preview:-1\" \/>\n<link rel=\"canonical\" href=\"https:\/\/politiciando.com.br\/?p=1378\" \/>\n<meta property=\"og:locale\" content=\"pt_BR\" \/>\n<meta property=\"og:type\" content=\"article\" \/>\n<meta property=\"og:title\" content=\"Ap\u00f3s 22 dias de apag\u00e3o no Amap\u00e1, distribuidora e governo dizem que rod\u00edzio terminou e que energia foi retomada em 100% - Politiciando\" \/>\n<meta property=\"og:description\" content=\"Segundo transformador entrou em opera\u00e7\u00e3o nesta ter\u00e7a-feira (24), tr\u00eas semanas ap\u00f3s inc\u00eandio atingir a principal subesta\u00e7\u00e3o do estado. Ap\u00f3s 22\" \/>\n<meta property=\"og:url\" content=\"https:\/\/politiciando.com.br\/?p=1378\" \/>\n<meta property=\"og:site_name\" content=\"Politiciando\" \/>\n<meta property=\"article:publisher\" content=\"https:\/\/www.facebook.com\/Politician\" \/>\n<meta property=\"article:published_time\" content=\"2020-11-24T12:39:01+00:00\" \/>\n<meta property=\"article:modified_time\" content=\"2020-11-24T12:39:06+00:00\" \/>\n<meta property=\"og:image\" content=\"https:\/\/politiciando.com.br\/wp-content\/uploads\/2020\/11\/whatsapp-image-2020-11-24-at-06.09.41.jpeg\" \/>\n\t<meta property=\"og:image:width\" content=\"984\" \/>\n\t<meta property=\"og:image:height\" content=\"657\" \/>\n<meta name=\"twitter:card\" content=\"summary_large_image\" \/>\n<meta name=\"twitter:creator\" content=\"@politiciando\" \/>\n<meta name=\"twitter:site\" content=\"@politiciando\" \/>\n<meta name=\"twitter:label1\" content=\"Est. tempo de leitura\">\n\t<meta name=\"twitter:data1\" content=\"2 minutos\">\n<script type=\"application\/ld+json\" class=\"yoast-schema-graph\">{\"@context\":\"https:\/\/schema.org\",\"@graph\":[{\"@type\":\"WebSite\",\"@id\":\"https:\/\/politiciando.com.br\/#website\",\"url\":\"https:\/\/politiciando.com.br\/\",\"name\":\"Politiciando\",\"description\":\"A Not\\u00edcia como tem que ser!\",\"potentialAction\":[{\"@type\":\"SearchAction\",\"target\":\"https:\/\/politiciando.com.br\/?s={search_term_string}\",\"query-input\":\"required name=search_term_string\"}],\"inLanguage\":\"pt-BR\"},{\"@type\":\"ImageObject\",\"@id\":\"https:\/\/politiciando.com.br\/?p=1378#primaryimage\",\"inLanguage\":\"pt-BR\",\"url\":\"https:\/\/politiciando.com.br\/wp-content\/uploads\/2020\/11\/whatsapp-image-2020-11-24-at-06.09.41.jpeg\",\"contentUrl\":\"https:\/\/politiciando.com.br\/wp-content\/uploads\/2020\/11\/whatsapp-image-2020-11-24-at-06.09.41.jpeg\",\"width\":984,\"height\":657},{\"@type\":\"WebPage\",\"@id\":\"https:\/\/politiciando.com.br\/?p=1378#webpage\",\"url\":\"https:\/\/politiciando.com.br\/?p=1378\",\"name\":\"Ap\\u00f3s 22 dias de apag\\u00e3o no Amap\\u00e1, distribuidora e governo dizem que rod\\u00edzio terminou e que energia foi retomada em 100% - Politiciando\",\"isPartOf\":{\"@id\":\"https:\/\/politiciando.com.br\/#website\"},\"primaryImageOfPage\":{\"@id\":\"https:\/\/politiciando.com.br\/?p=1378#primaryimage\"},\"datePublished\":\"2020-11-24T12:39:01+00:00\",\"dateModified\":\"2020-11-24T12:39:06+00:00\",\"author\":{\"@id\":\"https:\/\/politiciando.com.br\/#\/schema\/person\/be8395b998f06b83e7b3a1d9567ff61b\"},\"breadcrumb\":{\"@id\":\"https:\/\/politiciando.com.br\/?p=1378#breadcrumb\"},\"inLanguage\":\"pt-BR\",\"potentialAction\":[{\"@type\":\"ReadAction\",\"target\":[\"https:\/\/politiciando.com.br\/?p=1378\"]}]},{\"@type\":\"BreadcrumbList\",\"@id\":\"https:\/\/politiciando.com.br\/?p=1378#breadcrumb\",\"itemListElement\":[{\"@type\":\"ListItem\",\"position\":1,\"item\":{\"@type\":\"WebPage\",\"@id\":\"https:\/\/politiciando.com.br\/\",\"url\":\"https:\/\/politiciando.com.br\/\",\"name\":\"Home\"}},{\"@type\":\"ListItem\",\"position\":2,\"item\":{\"@id\":\"https:\/\/politiciando.com.br\/?p=1378#webpage\"}}]},{\"@type\":\"Person\",\"@id\":\"https:\/\/politiciando.com.br\/#\/schema\/person\/be8395b998f06b83e7b3a1d9567ff61b\",\"name\":\"redacaopoliticiando\",\"image\":{\"@type\":\"ImageObject\",\"@id\":\"https:\/\/politiciando.com.br\/#personlogo\",\"inLanguage\":\"pt-BR\",\"url\":\"https:\/\/secure.gravatar.com\/avatar\/6cfd6b7f4d5132d5b42f746a58e576a9ab04eae227797efa7fdd7a4aeb90ca9c?s=96&d=mm&r=g\",\"contentUrl\":\"https:\/\/secure.gravatar.com\/avatar\/6cfd6b7f4d5132d5b42f746a58e576a9ab04eae227797efa7fdd7a4aeb90ca9c?s=96&d=mm&r=g\",\"caption\":\"redacaopoliticiando\"},\"sameAs\":[\"https:\/\/politiciando.com.br\"],\"url\":\"https:\/\/politiciando.com.br\/?author=1\"}]}<\/script>\n<!-- \/ Yoast SEO plugin. -->","jetpack_featured_media_url":"https:\/\/politiciando.com.br\/wp-content\/uploads\/2020\/11\/whatsapp-image-2020-11-24-at-06.09.41.jpeg","jetpack_sharing_enabled":true,"_links":{"self":[{"href":"https:\/\/politiciando.com.br\/index.php?rest_route=\/wp\/v2\/posts\/1378","targetHints":{"allow":["GET"]}}],"collection":[{"href":"https:\/\/politiciando.com.br\/index.php?rest_route=\/wp\/v2\/posts"}],"about":[{"href":"https:\/\/politiciando.com.br\/index.php?rest_route=\/wp\/v2\/types\/post"}],"author":[{"embeddable":true,"href":"https:\/\/politiciando.com.br\/index.php?rest_route=\/wp\/v2\/users\/1"}],"replies":[{"embeddable":true,"href":"https:\/\/politiciando.com.br\/index.php?rest_route=%2Fwp%2Fv2%2Fcomments&post=1378"}],"version-history":[{"count":1,"href":"https:\/\/politiciando.com.br\/index.php?rest_route=\/wp\/v2\/posts\/1378\/revisions"}],"predecessor-version":[{"id":1380,"href":"https:\/\/politiciando.com.br\/index.php?rest_route=\/wp\/v2\/posts\/1378\/revisions\/1380"}],"wp:featuredmedia":[{"embeddable":true,"href":"https:\/\/politiciando.com.br\/index.php?rest_route=\/wp\/v2\/media\/1379"}],"wp:attachment":[{"href":"https:\/\/politiciando.com.br\/index.php?rest_route=%2Fwp%2Fv2%2Fmedia&parent=1378"}],"wp:term":[{"taxonomy":"category","embeddable":true,"href":"https:\/\/politiciando.com.br\/index.php?rest_route=%2Fwp%2Fv2%2Fcategories&post=1378"},{"taxonomy":"post_tag","embeddable":true,"href":"https:\/\/politiciando.com.br\/index.php?rest_route=%2Fwp%2Fv2%2Ftags&post=1378"}],"curies":[{"name":"wp","href":"https:\/\/api.w.org\/{rel}","templated":true}]}}