{"id":1528,"date":"2020-12-01T09:36:26","date_gmt":"2020-12-01T12:36:26","guid":{"rendered":"https:\/\/politiciando.com.br\/?p=1528"},"modified":"2020-12-01T09:36:27","modified_gmt":"2020-12-01T12:36:27","slug":"cloroquina-defendida-por-bolsonaro-gera-risco-de-disturbios-mentais","status":"publish","type":"post","link":"https:\/\/politiciando.com.br\/?p=1528","title":{"rendered":"Cloroquina, defendida por Bolsonaro, gera risco de dist\u00farbios mentais"},"content":{"rendered":"\n<h4 class=\"wp-block-heading\">O alerta \u00e9 da Uni\u00e3o Europeia; ag\u00eancia europeia de medicamentos revisou dados sobre o rem\u00e9dio<\/h4>\n\n\n\n<figure class=\"wp-block-image size-large\"><img loading=\"lazy\" decoding=\"async\" width=\"820\" height=\"427\" src=\"https:\/\/politiciando.com.br\/wp-content\/uploads\/2020\/12\/20201130111407275307i.jpg\" alt=\"\" class=\"wp-image-1529\" srcset=\"https:\/\/politiciando.com.br\/wp-content\/uploads\/2020\/12\/20201130111407275307i.jpg 820w, https:\/\/politiciando.com.br\/wp-content\/uploads\/2020\/12\/20201130111407275307i-300x156.jpg 300w, https:\/\/politiciando.com.br\/wp-content\/uploads\/2020\/12\/20201130111407275307i-768x400.jpg 768w\" sizes=\"auto, (max-width: 820px) 100vw, 820px\" \/><figcaption>(foto: Juarez Rodrigues\/EM\/D.A Press)<\/figcaption><\/figure>\n\n\n\n<p>A ag\u00eancia de medicamentos da Uni\u00e3o Europeia (EMA) alertou que o uso de\u00a0<strong>cloroquina\u00a0<\/strong>ou hidroxicloroquina est\u00e1 associado ao\u00a0<strong>risco\u00a0<\/strong>de\u00a0<strong>dist\u00farbios psiqui\u00e1tricos<\/strong>\u00a0e\u00a0<strong>comportamentos suicidas<\/strong>.<\/p>\n\n\n\n<p>A declara\u00e7\u00e3o est\u00e1 em um comunicado divulgado pelo comit\u00ea de seguran\u00e7a da EMA na \u00faltima sexta-feira (27), ap\u00f3s uma revis\u00e3o de todos os dados dispon\u00edveis sobre os\u00a0<strong>rem\u00e9dios<\/strong>. Tradicionalmente empregados no tratamento de mal\u00e1ria e l\u00fapus, os medicamentos chegaram a ser uma esperan\u00e7a contra a<strong>\u00a0COVID-19<\/strong>, mas estudos cient\u00edficos descartaram sua\u00a0<strong>efic\u00e1cia\u00a0<\/strong>no combate \u00e0 doen\u00e7a.<br>&#8220;A revis\u00e3o havia sido iniciada em maio de 2020, ap\u00f3s a EMA ter sido informada pela Ag\u00eancia de Medicamentos da Espanha sobre seis casos de desordens psiqui\u00e1tricas em pacientes com COVID-19 que haviam recebido doses de hidroxicloroquina acima do autorizado&#8221;, diz o comunicado.<\/p>\n\n\n\n<p>A ag\u00eancia n\u00e3o permite o uso dos dois rem\u00e9dios para tratar da COVID-19 e ainda lembra que estudos cl\u00ednicos de larga escala n\u00e3o mostraram &#8220;nenhum efeito ben\u00e9fico&#8221; em sua utiliza\u00e7\u00e3o contra a doen\u00e7a. &#8220;J\u00e1 se sabe que a cloroquina e a hidroxicloroquina, mesmo utilizadas em doses aprovadas para indica\u00e7\u00f5es autorizadas, podem causar um amplo espectro de transtornos psiqui\u00e1tricos.<br>Dist\u00farbios psic\u00f3ticos e comportamentos suicidas est\u00e3o listados na bula de alguns medicamentos contendo cloroquina ou hidroxicloroquina como efeitos colaterais raros ou de frequ\u00eancia desconhecida&#8221;, afirma a EMA.<br>De acordo com a ag\u00eancia, a revis\u00e3o dos dados confirmou a ocorr\u00eancia de desordens psiqui\u00e1tricas, inclusive graves, em pacientes com ou sem hist\u00f3rico de problemas mentais. No caso da hidroxicloroquina, a EMA afirmou que os\u00a0<strong>efeitos colaterais<\/strong>\u00a0podem aparecer no primeiro m\u00eas de tratamento. J\u00e1 para a cloroquina, n\u00e3o existem dados suficientes para estabelecer prazos.<\/p>\n\n\n\n<p>O comit\u00ea recomenda a atualiza\u00e7\u00e3o das bulas desses medicamentos para fornecer informa\u00e7\u00f5es melhores a profissionais de sa\u00fade e pacientes sobre o risco de comportamentos suicidas e desordens psiqui\u00e1tricas&#8221;, ressalta o comunicado. (ANSA)<\/p>\n","protected":false},"excerpt":{"rendered":"<p>O alerta \u00e9 da Uni\u00e3o Europeia; ag\u00eancia europeia de medicamentos revisou dados sobre o rem\u00e9dio A ag\u00eancia de medicamentos da<\/p>\n","protected":false},"author":1,"featured_media":1529,"comment_status":"open","ping_status":"open","sticky":false,"template":"","format":"standard","meta":{"colormag_page_container_layout":"default_layout","colormag_page_sidebar_layout":"default_layout","_monsterinsights_skip_tracking":false,"_monsterinsights_sitenote_active":false,"_monsterinsights_sitenote_note":"","_monsterinsights_sitenote_category":0,"_jetpack_memberships_contains_paid_content":false,"footnotes":""},"categories":[47],"tags":[26,543,169,544],"class_list":["post-1528","post","type-post","status-publish","format-standard","has-post-thumbnail","hentry","category-saude","tag-bolsonaro","tag-cloroquina","tag-covid-19","tag-uniao-europeia"],"yoast_head":"<!-- This site is optimized with the Yoast SEO plugin v16.3 - https:\/\/yoast.com\/wordpress\/plugins\/seo\/ -->\n<title>Cloroquina, defendida por Bolsonaro, gera risco de dist\u00farbios mentais - Politiciando<\/title>\n<meta name=\"robots\" content=\"index, follow, max-snippet:-1, max-image-preview:large, max-video-preview:-1\" \/>\n<link rel=\"canonical\" href=\"https:\/\/politiciando.com.br\/?p=1528\" \/>\n<meta property=\"og:locale\" content=\"pt_BR\" \/>\n<meta property=\"og:type\" content=\"article\" \/>\n<meta property=\"og:title\" content=\"Cloroquina, defendida por Bolsonaro, gera risco de dist\u00farbios mentais - Politiciando\" \/>\n<meta property=\"og:description\" content=\"O alerta \u00e9 da Uni\u00e3o Europeia; ag\u00eancia europeia de medicamentos revisou dados sobre o rem\u00e9dio A ag\u00eancia de medicamentos da\" \/>\n<meta property=\"og:url\" content=\"https:\/\/politiciando.com.br\/?p=1528\" \/>\n<meta property=\"og:site_name\" content=\"Politiciando\" \/>\n<meta property=\"article:publisher\" content=\"https:\/\/www.facebook.com\/Politician\" \/>\n<meta property=\"article:published_time\" content=\"2020-12-01T12:36:26+00:00\" \/>\n<meta property=\"article:modified_time\" content=\"2020-12-01T12:36:27+00:00\" \/>\n<meta property=\"og:image\" content=\"https:\/\/politiciando.com.br\/wp-content\/uploads\/2020\/12\/20201130111407275307i.jpg\" \/>\n\t<meta property=\"og:image:width\" content=\"820\" \/>\n\t<meta property=\"og:image:height\" content=\"427\" \/>\n<meta name=\"twitter:card\" content=\"summary_large_image\" \/>\n<meta name=\"twitter:creator\" content=\"@politiciando\" \/>\n<meta name=\"twitter:site\" content=\"@politiciando\" \/>\n<meta name=\"twitter:label1\" content=\"Est. tempo de leitura\">\n\t<meta name=\"twitter:data1\" content=\"2 minutos\">\n<script type=\"application\/ld+json\" class=\"yoast-schema-graph\">{\"@context\":\"https:\/\/schema.org\",\"@graph\":[{\"@type\":\"WebSite\",\"@id\":\"https:\/\/politiciando.com.br\/#website\",\"url\":\"https:\/\/politiciando.com.br\/\",\"name\":\"Politiciando\",\"description\":\"A Not\\u00edcia como tem que ser!\",\"potentialAction\":[{\"@type\":\"SearchAction\",\"target\":\"https:\/\/politiciando.com.br\/?s={search_term_string}\",\"query-input\":\"required name=search_term_string\"}],\"inLanguage\":\"pt-BR\"},{\"@type\":\"ImageObject\",\"@id\":\"https:\/\/politiciando.com.br\/?p=1528#primaryimage\",\"inLanguage\":\"pt-BR\",\"url\":\"https:\/\/politiciando.com.br\/wp-content\/uploads\/2020\/12\/20201130111407275307i.jpg\",\"contentUrl\":\"https:\/\/politiciando.com.br\/wp-content\/uploads\/2020\/12\/20201130111407275307i.jpg\",\"width\":820,\"height\":427},{\"@type\":\"WebPage\",\"@id\":\"https:\/\/politiciando.com.br\/?p=1528#webpage\",\"url\":\"https:\/\/politiciando.com.br\/?p=1528\",\"name\":\"Cloroquina, defendida por Bolsonaro, gera risco de dist\\u00farbios mentais - Politiciando\",\"isPartOf\":{\"@id\":\"https:\/\/politiciando.com.br\/#website\"},\"primaryImageOfPage\":{\"@id\":\"https:\/\/politiciando.com.br\/?p=1528#primaryimage\"},\"datePublished\":\"2020-12-01T12:36:26+00:00\",\"dateModified\":\"2020-12-01T12:36:27+00:00\",\"author\":{\"@id\":\"https:\/\/politiciando.com.br\/#\/schema\/person\/be8395b998f06b83e7b3a1d9567ff61b\"},\"breadcrumb\":{\"@id\":\"https:\/\/politiciando.com.br\/?p=1528#breadcrumb\"},\"inLanguage\":\"pt-BR\",\"potentialAction\":[{\"@type\":\"ReadAction\",\"target\":[\"https:\/\/politiciando.com.br\/?p=1528\"]}]},{\"@type\":\"BreadcrumbList\",\"@id\":\"https:\/\/politiciando.com.br\/?p=1528#breadcrumb\",\"itemListElement\":[{\"@type\":\"ListItem\",\"position\":1,\"item\":{\"@type\":\"WebPage\",\"@id\":\"https:\/\/politiciando.com.br\/\",\"url\":\"https:\/\/politiciando.com.br\/\",\"name\":\"Home\"}},{\"@type\":\"ListItem\",\"position\":2,\"item\":{\"@id\":\"https:\/\/politiciando.com.br\/?p=1528#webpage\"}}]},{\"@type\":\"Person\",\"@id\":\"https:\/\/politiciando.com.br\/#\/schema\/person\/be8395b998f06b83e7b3a1d9567ff61b\",\"name\":\"redacaopoliticiando\",\"image\":{\"@type\":\"ImageObject\",\"@id\":\"https:\/\/politiciando.com.br\/#personlogo\",\"inLanguage\":\"pt-BR\",\"url\":\"https:\/\/secure.gravatar.com\/avatar\/6cfd6b7f4d5132d5b42f746a58e576a9ab04eae227797efa7fdd7a4aeb90ca9c?s=96&d=mm&r=g\",\"contentUrl\":\"https:\/\/secure.gravatar.com\/avatar\/6cfd6b7f4d5132d5b42f746a58e576a9ab04eae227797efa7fdd7a4aeb90ca9c?s=96&d=mm&r=g\",\"caption\":\"redacaopoliticiando\"},\"sameAs\":[\"https:\/\/politiciando.com.br\"],\"url\":\"https:\/\/politiciando.com.br\/?author=1\"}]}<\/script>\n<!-- \/ Yoast SEO plugin. -->","jetpack_featured_media_url":"https:\/\/politiciando.com.br\/wp-content\/uploads\/2020\/12\/20201130111407275307i.jpg","jetpack_sharing_enabled":true,"_links":{"self":[{"href":"https:\/\/politiciando.com.br\/index.php?rest_route=\/wp\/v2\/posts\/1528","targetHints":{"allow":["GET"]}}],"collection":[{"href":"https:\/\/politiciando.com.br\/index.php?rest_route=\/wp\/v2\/posts"}],"about":[{"href":"https:\/\/politiciando.com.br\/index.php?rest_route=\/wp\/v2\/types\/post"}],"author":[{"embeddable":true,"href":"https:\/\/politiciando.com.br\/index.php?rest_route=\/wp\/v2\/users\/1"}],"replies":[{"embeddable":true,"href":"https:\/\/politiciando.com.br\/index.php?rest_route=%2Fwp%2Fv2%2Fcomments&post=1528"}],"version-history":[{"count":1,"href":"https:\/\/politiciando.com.br\/index.php?rest_route=\/wp\/v2\/posts\/1528\/revisions"}],"predecessor-version":[{"id":1530,"href":"https:\/\/politiciando.com.br\/index.php?rest_route=\/wp\/v2\/posts\/1528\/revisions\/1530"}],"wp:featuredmedia":[{"embeddable":true,"href":"https:\/\/politiciando.com.br\/index.php?rest_route=\/wp\/v2\/media\/1529"}],"wp:attachment":[{"href":"https:\/\/politiciando.com.br\/index.php?rest_route=%2Fwp%2Fv2%2Fmedia&parent=1528"}],"wp:term":[{"taxonomy":"category","embeddable":true,"href":"https:\/\/politiciando.com.br\/index.php?rest_route=%2Fwp%2Fv2%2Fcategories&post=1528"},{"taxonomy":"post_tag","embeddable":true,"href":"https:\/\/politiciando.com.br\/index.php?rest_route=%2Fwp%2Fv2%2Ftags&post=1528"}],"curies":[{"name":"wp","href":"https:\/\/api.w.org\/{rel}","templated":true}]}}