{"id":1560,"date":"2020-12-08T07:46:56","date_gmt":"2020-12-08T10:46:56","guid":{"rendered":"https:\/\/politiciando.com.br\/?p=1560"},"modified":"2020-12-08T07:46:57","modified_gmt":"2020-12-08T10:46:57","slug":"pedro-piquet-anuncia-saida-da-f2-e-faz-desabafo","status":"publish","type":"post","link":"https:\/\/politiciando.com.br\/?p=1560","title":{"rendered":"Pedro Piquet anuncia sa\u00edda da F2 e faz desabafo"},"content":{"rendered":"\n<h5 class=\"wp-block-heading\">Um dos representantes do Brasil na principal categoria de acesso \u00e0 F1 se queixou sobre custos de se brigar por uma vaga no automobilismo de ponta<\/h5>\n\n\n\n<figure class=\"wp-block-image size-large\"><img loading=\"lazy\" decoding=\"async\" width=\"553\" height=\"554\" src=\"https:\/\/politiciando.com.br\/wp-content\/uploads\/2020\/12\/456C3506-5749-45E8-AD68-0F5B1BB9D2DB.jpeg\" alt=\"\" class=\"wp-image-1561\" srcset=\"https:\/\/politiciando.com.br\/wp-content\/uploads\/2020\/12\/456C3506-5749-45E8-AD68-0F5B1BB9D2DB.jpeg 553w, https:\/\/politiciando.com.br\/wp-content\/uploads\/2020\/12\/456C3506-5749-45E8-AD68-0F5B1BB9D2DB-300x300.jpeg 300w, https:\/\/politiciando.com.br\/wp-content\/uploads\/2020\/12\/456C3506-5749-45E8-AD68-0F5B1BB9D2DB-150x150.jpeg 150w\" sizes=\"auto, (max-width: 553px) 100vw, 553px\" \/><figcaption>fonte: Rede Social<\/figcaption><\/figure>\n\n\n\n<p>Pedro Piquet anunciou nesta segunda-feira a sua sa\u00edda da F2 em 2021. A not\u00edcia foi divulgada pelo pr\u00f3prio piloto atrav\u00e9s das redes sociais. Nelsinho terminou a atual temporada na 20\u00aa posi\u00e7\u00e3o, com apenas tr\u00eas pontos somados.<\/p>\n\n\n\n<p>Pedro n\u00e3o definiu ainda em qual categoria correr\u00e1 na pr\u00f3xima temporada.<\/p>\n\n\n\n<p><strong>Veja o texto na \u00edntegra:<\/strong><\/p>\n\n\n\n<p><em>Oi, pessoal!<\/em><\/p>\n\n\n\n<p><em>A voc\u00eas que tem me acompanhado, quero agradecer pelo apoio durante todos esses anos. Estamos vivendo tempos adversos que exigem novos olhares e reflex\u00f5es.<\/em><\/p>\n\n\n\n<p><em>Preciso informar a voc\u00eas que n\u00e3o estarei correndo na F\u00f3rmula 2 em 2021.<\/em><\/p>\n\n\n\n<p><em>Sou apaixonado por esse esporte, mas os \u00faltimos 3 anos me fizeram compreender a magnitude dele, outros lados e tamb\u00e9m o apoio financeiro para chegar at\u00e9 a F\u00f3rmula 1.<\/em><\/p>\n\n\n\n<p><em>Como voc\u00eas acompanham o esporte, provavelmente viram isso acontecendo nos \u00faltimos 2 anos na F2. O campe\u00e3o em 2019 n\u00e3o teve chance de entrar e o vice entrou com patroc\u00ednio pr\u00f3prio. Esse ano o vice campe\u00e3o n\u00e3o vai, e quem ficou com a vaga foi outro que comprou metade do time.<\/em><\/p>\n\n\n\n<p><em>Quanto vale tanta dedica\u00e7\u00e3o e investimento &#8211; incluindo risco de vida &#8211; para enfrentar a possibilidade de perda da vaga por soberania financeira? Poderia muito bem fazer mais 2 anos de F2 em times um pouco melhores e tentar chegar entre os tr\u00eas primeiros, seria o \u00fanico jeito de fato de chegar e ficar na F1. Para que algu\u00e9m chegue e compre sua vaga e todo o seu trabalho e investimento v\u00e1 por \u00e1gua a baixo. Eu vi isso acontecer de perto com pilotos e n\u00e3o \u00e9 algo legal para a pessoa.<\/em><\/p>\n\n\n\n<p><em>Talvez isso mude algum dia e o esporte se torne mais acess\u00edvel, oportunizando a ascens\u00e3o do talento.<\/em><\/p>\n\n\n\n<p><em>Infelizmente nossa moeda tamb\u00e9m est\u00e1 desvalorizada em rela\u00e7\u00e3o ao Euro, o que reduz muito a capacidade de grandes empresas investirem R$ 150 milh\u00f5es (aprox. 25 milh\u00f5es euros) para apostar em um brasileiro na F1. Sem falar que a economia est\u00e1 sofrendo em fun\u00e7\u00e3o da pandemia, o que muda a prioridade de investimentos.<\/em><\/p>\n\n\n\n<p><em>Por\u00e9m, tenho muito a agradecer! O Automobilismo me ensinou muito e me trouxe grandes amigos. Aprendi a trabalhar em equipe desde novo e adquiri consci\u00eancia de responsabilidade, pois nas corridas cada decis\u00e3o interfere na sua seguran\u00e7a e de outras pessoas. Al\u00e9m disso, o automobilismo me tornou uma pessoa determinada e disciplinada, com foco, capaz de cumprir compromissos, hor\u00e1rios e trabalhar duro para atingir metas. \u00c9 um esporte que faz crescer e prepara jovens pilotos para uma vida de sucesso sustent\u00e1vel.<\/em><\/p>\n\n\n\n<p><em>Ainda assim, estarei muito presente no automobilismo, principalmente no kart que tanto gosto. Poderei voltar a participar dos campeonatos com mais frequ\u00eancia.<\/em><\/p>\n\n\n\n<p><em>Agora \u00e9 um momento de reflex\u00e3o para decidir os pr\u00f3ximos passos. Tamb\u00e9m \u00e9 tempo para minha fam\u00edlia, o que com certeza vai despertar novas possibilidades, novos rumos, e n\u00e3o s\u00f3 no meio automobil\u00edstico.<\/em><\/p>\n\n\n\n<p><em>Vamos seguir trocando experi\u00eancias por aqui.<\/em><\/p>\n\n\n\n<p><em>Muito obrigada mais uma vez!<\/em><\/p>\n","protected":false},"excerpt":{"rendered":"<p>Um dos representantes do Brasil na principal categoria de acesso \u00e0 F1 se queixou sobre custos de se brigar por<\/p>\n","protected":false},"author":1,"featured_media":1561,"comment_status":"open","ping_status":"open","sticky":false,"template":"","format":"standard","meta":{"colormag_page_container_layout":"default_layout","colormag_page_sidebar_layout":"default_layout","_monsterinsights_skip_tracking":false,"_monsterinsights_sitenote_active":false,"_monsterinsights_sitenote_note":"","_monsterinsights_sitenote_category":0,"_jetpack_memberships_contains_paid_content":false,"footnotes":""},"categories":[6],"tags":[78,119,567,566,530],"class_list":["post-1560","post","type-post","status-publish","format-standard","has-post-thumbnail","hentry","category-esporte","tag-automobilismo","tag-brasil","tag-f2","tag-pedro-piquet","tag-piquet"],"yoast_head":"<!-- This site is optimized with the Yoast SEO plugin v16.3 - https:\/\/yoast.com\/wordpress\/plugins\/seo\/ -->\n<title>Pedro Piquet anuncia sa\u00edda da F2 e faz desabafo - Politiciando<\/title>\n<meta name=\"robots\" content=\"index, follow, max-snippet:-1, max-image-preview:large, max-video-preview:-1\" \/>\n<link rel=\"canonical\" href=\"https:\/\/politiciando.com.br\/?p=1560\" \/>\n<meta property=\"og:locale\" content=\"pt_BR\" \/>\n<meta property=\"og:type\" content=\"article\" \/>\n<meta property=\"og:title\" content=\"Pedro Piquet anuncia sa\u00edda da F2 e faz desabafo - Politiciando\" \/>\n<meta property=\"og:description\" content=\"Um dos representantes do Brasil na principal categoria de acesso \u00e0 F1 se queixou sobre custos de se brigar por\" \/>\n<meta property=\"og:url\" content=\"https:\/\/politiciando.com.br\/?p=1560\" \/>\n<meta property=\"og:site_name\" content=\"Politiciando\" \/>\n<meta property=\"article:publisher\" content=\"https:\/\/www.facebook.com\/Politician\" \/>\n<meta property=\"article:published_time\" content=\"2020-12-08T10:46:56+00:00\" \/>\n<meta property=\"article:modified_time\" content=\"2020-12-08T10:46:57+00:00\" \/>\n<meta property=\"og:image\" content=\"https:\/\/politiciando.com.br\/wp-content\/uploads\/2020\/12\/456C3506-5749-45E8-AD68-0F5B1BB9D2DB.jpeg\" \/>\n\t<meta property=\"og:image:width\" content=\"553\" \/>\n\t<meta property=\"og:image:height\" content=\"554\" \/>\n<meta name=\"twitter:card\" content=\"summary_large_image\" \/>\n<meta name=\"twitter:creator\" content=\"@politiciando\" \/>\n<meta name=\"twitter:site\" content=\"@politiciando\" \/>\n<meta name=\"twitter:label1\" content=\"Est. tempo de leitura\">\n\t<meta name=\"twitter:data1\" content=\"3 minutos\">\n<script type=\"application\/ld+json\" class=\"yoast-schema-graph\">{\"@context\":\"https:\/\/schema.org\",\"@graph\":[{\"@type\":\"WebSite\",\"@id\":\"https:\/\/politiciando.com.br\/#website\",\"url\":\"https:\/\/politiciando.com.br\/\",\"name\":\"Politiciando\",\"description\":\"A Not\\u00edcia como tem que ser!\",\"potentialAction\":[{\"@type\":\"SearchAction\",\"target\":\"https:\/\/politiciando.com.br\/?s={search_term_string}\",\"query-input\":\"required name=search_term_string\"}],\"inLanguage\":\"pt-BR\"},{\"@type\":\"ImageObject\",\"@id\":\"https:\/\/politiciando.com.br\/?p=1560#primaryimage\",\"inLanguage\":\"pt-BR\",\"url\":\"https:\/\/politiciando.com.br\/wp-content\/uploads\/2020\/12\/456C3506-5749-45E8-AD68-0F5B1BB9D2DB.jpeg\",\"contentUrl\":\"https:\/\/politiciando.com.br\/wp-content\/uploads\/2020\/12\/456C3506-5749-45E8-AD68-0F5B1BB9D2DB.jpeg\",\"width\":553,\"height\":554},{\"@type\":\"WebPage\",\"@id\":\"https:\/\/politiciando.com.br\/?p=1560#webpage\",\"url\":\"https:\/\/politiciando.com.br\/?p=1560\",\"name\":\"Pedro Piquet anuncia sa\\u00edda da F2 e faz desabafo - Politiciando\",\"isPartOf\":{\"@id\":\"https:\/\/politiciando.com.br\/#website\"},\"primaryImageOfPage\":{\"@id\":\"https:\/\/politiciando.com.br\/?p=1560#primaryimage\"},\"datePublished\":\"2020-12-08T10:46:56+00:00\",\"dateModified\":\"2020-12-08T10:46:57+00:00\",\"author\":{\"@id\":\"https:\/\/politiciando.com.br\/#\/schema\/person\/be8395b998f06b83e7b3a1d9567ff61b\"},\"breadcrumb\":{\"@id\":\"https:\/\/politiciando.com.br\/?p=1560#breadcrumb\"},\"inLanguage\":\"pt-BR\",\"potentialAction\":[{\"@type\":\"ReadAction\",\"target\":[\"https:\/\/politiciando.com.br\/?p=1560\"]}]},{\"@type\":\"BreadcrumbList\",\"@id\":\"https:\/\/politiciando.com.br\/?p=1560#breadcrumb\",\"itemListElement\":[{\"@type\":\"ListItem\",\"position\":1,\"item\":{\"@type\":\"WebPage\",\"@id\":\"https:\/\/politiciando.com.br\/\",\"url\":\"https:\/\/politiciando.com.br\/\",\"name\":\"Home\"}},{\"@type\":\"ListItem\",\"position\":2,\"item\":{\"@id\":\"https:\/\/politiciando.com.br\/?p=1560#webpage\"}}]},{\"@type\":\"Person\",\"@id\":\"https:\/\/politiciando.com.br\/#\/schema\/person\/be8395b998f06b83e7b3a1d9567ff61b\",\"name\":\"redacaopoliticiando\",\"image\":{\"@type\":\"ImageObject\",\"@id\":\"https:\/\/politiciando.com.br\/#personlogo\",\"inLanguage\":\"pt-BR\",\"url\":\"https:\/\/secure.gravatar.com\/avatar\/6cfd6b7f4d5132d5b42f746a58e576a9ab04eae227797efa7fdd7a4aeb90ca9c?s=96&d=mm&r=g\",\"contentUrl\":\"https:\/\/secure.gravatar.com\/avatar\/6cfd6b7f4d5132d5b42f746a58e576a9ab04eae227797efa7fdd7a4aeb90ca9c?s=96&d=mm&r=g\",\"caption\":\"redacaopoliticiando\"},\"sameAs\":[\"https:\/\/politiciando.com.br\"],\"url\":\"https:\/\/politiciando.com.br\/?author=1\"}]}<\/script>\n<!-- \/ Yoast SEO plugin. -->","jetpack_featured_media_url":"https:\/\/politiciando.com.br\/wp-content\/uploads\/2020\/12\/456C3506-5749-45E8-AD68-0F5B1BB9D2DB.jpeg","jetpack_sharing_enabled":true,"_links":{"self":[{"href":"https:\/\/politiciando.com.br\/index.php?rest_route=\/wp\/v2\/posts\/1560","targetHints":{"allow":["GET"]}}],"collection":[{"href":"https:\/\/politiciando.com.br\/index.php?rest_route=\/wp\/v2\/posts"}],"about":[{"href":"https:\/\/politiciando.com.br\/index.php?rest_route=\/wp\/v2\/types\/post"}],"author":[{"embeddable":true,"href":"https:\/\/politiciando.com.br\/index.php?rest_route=\/wp\/v2\/users\/1"}],"replies":[{"embeddable":true,"href":"https:\/\/politiciando.com.br\/index.php?rest_route=%2Fwp%2Fv2%2Fcomments&post=1560"}],"version-history":[{"count":1,"href":"https:\/\/politiciando.com.br\/index.php?rest_route=\/wp\/v2\/posts\/1560\/revisions"}],"predecessor-version":[{"id":1562,"href":"https:\/\/politiciando.com.br\/index.php?rest_route=\/wp\/v2\/posts\/1560\/revisions\/1562"}],"wp:featuredmedia":[{"embeddable":true,"href":"https:\/\/politiciando.com.br\/index.php?rest_route=\/wp\/v2\/media\/1561"}],"wp:attachment":[{"href":"https:\/\/politiciando.com.br\/index.php?rest_route=%2Fwp%2Fv2%2Fmedia&parent=1560"}],"wp:term":[{"taxonomy":"category","embeddable":true,"href":"https:\/\/politiciando.com.br\/index.php?rest_route=%2Fwp%2Fv2%2Fcategories&post=1560"},{"taxonomy":"post_tag","embeddable":true,"href":"https:\/\/politiciando.com.br\/index.php?rest_route=%2Fwp%2Fv2%2Ftags&post=1560"}],"curies":[{"name":"wp","href":"https:\/\/api.w.org\/{rel}","templated":true}]}}