{"id":1577,"date":"2020-12-10T09:20:59","date_gmt":"2020-12-10T12:20:59","guid":{"rendered":"https:\/\/politiciando.com.br\/?p=1577"},"modified":"2020-12-10T09:21:02","modified_gmt":"2020-12-10T12:21:02","slug":"coronavirus-brasil-tem-primeiro-caso-confirmado-de-reinfeccao-pela-covid-19","status":"publish","type":"post","link":"https:\/\/politiciando.com.br\/?p=1577","title":{"rendered":"coronav\u00edrus: Brasil tem primeiro caso confirmado de reinfec\u00e7\u00e3o pela covid-19"},"content":{"rendered":"\n<h4 class=\"wp-block-heading\">Paciente \u00e9 uma m\u00e9dica de 37 anos moradora do Rio Grande do Norte que trabalha tamb\u00e9m na Para\u00edba. Ela foi infectada por duas linhagens diferentes do v\u00edrus \u2013 a primeira em junho e a segunda, em outubro.<\/h4>\n\n\n\n<p>\u00a0Minist\u00e9rio da Sa\u00fade confirmou o primeiro caso de reinfec\u00e7\u00e3o por coronav\u00edrus do pa\u00eds. A paciente \u00e9 uma m\u00e9dica de 37 anos que mora em Natal e trabalha tamb\u00e9m Para\u00edba.<\/p>\n\n\n\n<figure class=\"wp-block-image size-large\"><img loading=\"lazy\" decoding=\"async\" width=\"984\" height=\"553\" src=\"https:\/\/politiciando.com.br\/wp-content\/uploads\/2020\/12\/covid.jpg\" alt=\"\" class=\"wp-image-1578\" srcset=\"https:\/\/politiciando.com.br\/wp-content\/uploads\/2020\/12\/covid.jpg 984w, https:\/\/politiciando.com.br\/wp-content\/uploads\/2020\/12\/covid-300x169.jpg 300w, https:\/\/politiciando.com.br\/wp-content\/uploads\/2020\/12\/covid-768x432.jpg 768w\" sizes=\"auto, (max-width: 984px) 100vw, 984px\" \/><\/figure>\n\n\n\n<p>A identifica\u00e7\u00e3o do caso foi feita pelos governos do Rio Grande do Norte e da Para\u00edba, que usaram o m\u00e9todo da Funda\u00e7\u00e3o Oswaldo Cruz (Fiocruz) por sequenciamento gen\u00e9tico, que confirmou que a mulher foi infectada por duas linhagens diferentes do v\u00edrus.<\/p>\n\n\n\n<ul class=\"wp-block-list\"><li><a href=\"https:\/\/g1.globo.com\/bemestar\/coronavirus\/noticia\/2020\/11\/19\/reinfeccao-por-covid-veja-o-que-se-sabe-sobre-pacientes-contaminados-pela-2a-vez-pelo-coronavirus.ghtml\">Reinfec\u00e7\u00e3o por coronav\u00edrus: veja o que se sabe sobre pacientes contaminados pela 2\u00aa vez<\/a><\/li><li><a href=\"https:\/\/g1.globo.com\/bemestar\/coronavirus\/noticia\/2020\/12\/05\/reinfeccao-por-covid-19-pode-influenciar-a-segunda-onda-e-a-eficacia-das-vacinas.ghtml\">Reinfec\u00e7\u00e3o por Covid-19 pode influenciar a segunda onda e a efic\u00e1cia das vacinas?<\/a><\/li><\/ul>\n\n\n\n<p>O caso estava sendo investigado desde o dia 23 de outubro, data em que o Centro de Informa\u00e7\u00f5es Estrat\u00e9gicas de Vigil\u00e2ncia em Sa\u00fade do RN (CIEVS-RN) recebeu a notifica\u00e7\u00e3o sobre a suspeita.<\/p>\n\n\n\n<p>A primeira infec\u00e7\u00e3o dela aconteceu em junho. Ap\u00f3s apresentar um quadro de s\u00edndrome gripal (cefaleia, dor abdominal e coriza) no dia 17, a paciente realizou o exame RT-PCR na Para\u00edba em 23 de junho.<\/p>\n\n\n\n<blockquote class=\"wp-block-quote is-layout-flow wp-block-quote-is-layout-flow\"><p>O resultado do teste foi positivo e ela se recuperou ap\u00f3s per\u00edodo de isolamento recomendado.<\/p><\/blockquote>\n\n\n\n<p>A profissional da sa\u00fade, no entanto,&nbsp;voltou a apresentar um quadro de s\u00edndrome gripal no dia 11 de outubro. Entre os sintomas, estavam astenia, mialgia, cefaleia frontal e dist\u00farbios gustativos e olfativos.https:\/\/d134d0c7cb7727e6af58a01c35251136.safeframe.googlesyndication.com\/safeframe\/1-0-37\/html\/container.html<\/p>\n\n\n\n<p>Ela, ent\u00e3o, realizou um novo teste RT-PCR no dia 13 de outubro, tamb\u00e9m no estado da Para\u00edba,&nbsp;e teve um novo resultado positivo para presen\u00e7a do v\u00edrus SARS-CoV2, indicando novamente a Covid-19.<\/p>\n\n\n\n<p>Rio Grande do Norte e Para\u00edba, ent\u00e3o, em conjunto, iniciaram a investiga\u00e7\u00e3o do caso. As amostras da paciente foram encaminhadas para an\u00e1lise no laborat\u00f3rio da Funda\u00e7\u00e3o Oswaldo Cruz (Fiocruz), no Rio de Janeiro.<\/p>\n\n\n\n<p>A Fiocruz \u00e9 refer\u00eancia para a investiga\u00e7\u00e3o laboratorial de casos suspeitos de reinfec\u00e7\u00e3o pelo v\u00edrus SARS-Cov2, segundo o Minist\u00e9rio da Sa\u00fade.<\/p>\n\n\n\n<p>O laborat\u00f3rio constatou&nbsp;a presen\u00e7a de linhagens distintas do v\u00edrus SARS-CoV2 nas amostras coletadas, confirmando ser um caso de reinfec\u00e7\u00e3o, o primeiro no Rio Grande do Norte.<\/p>\n\n\n\n<p>De acordo com a Sesap, h\u00e1 outros cinco casos em investiga\u00e7\u00e3o. Outros tr\u00eas foram investigados, mas n\u00e3o tinham viabilidade para an\u00e1lise. A pasta informou que conta com um protocolo para investiga\u00e7\u00e3o de poss\u00edveis casos de reinfec\u00e7\u00e3o desde o dia 20 de outubro.<\/p>\n\n\n\n<p>Casos de reinfec\u00e7\u00e3o por Covid-19 no RN<\/p>\n\n\n\n<figure class=\"wp-block-table\"><table><tbody><tr><td>Casos confirmados<\/td><td>1<\/td><\/tr><tr><td>Casos em investiga\u00e7\u00e3o<\/td><td>5<\/td><\/tr><tr><td>Caso investigados e com inviabilidade para an\u00e1lise<\/td><td>3<\/td><\/tr><tr><td>Total de casos notificados<\/td><td>9<\/td><\/tr><\/tbody><\/table><\/figure>\n\n\n\n<p>Fonte: Sesap<\/p>\n\n\n\n<p>Os nove casos investigados s\u00e3o de Natal (7), S\u00e3o Gon\u00e7alo do Amarante e Parnamirim.<\/p>\n\n\n\n<h2 class=\"wp-block-heading\">Linhagens distintas<\/h2>\n\n\n\n<p>As linhagens distintas do v\u00edrus detectadas na paciente potiguar est\u00e3o em circula\u00e7\u00e3o no Brasil, segundo a Sesap, que se baseia em estudos realizados por unidades de pesquisa nacionais.https:\/\/tpc.googlesyndication.com\/safeframe\/1-0-37\/html\/container.html<\/p>\n\n\n\n<p>A pasta avalia que essa identifica\u00e7\u00e3o vai permitir compreender a cepa viral que circula no RN e na PB como forma de estabelecer medidas de vigil\u00e2ncia epidemiol\u00f3gica efetivas contra a Covid-19.<\/p>\n\n\n\n<p>Com isso, a secretaria refor\u00e7a a necessidade de que a popula\u00e7\u00e3o mantenha as medidas preventivas contra a Covid-19, inclusive para pacientes j\u00e1 acometidos pelo v\u00edrus, e que os profissionais de sa\u00fade mantenham o uso correto de EPIs.<\/p>\n","protected":false},"excerpt":{"rendered":"<p>Paciente \u00e9 uma m\u00e9dica de 37 anos moradora do Rio Grande do Norte que trabalha tamb\u00e9m na Para\u00edba. Ela foi<\/p>\n","protected":false},"author":1,"featured_media":1579,"comment_status":"open","ping_status":"open","sticky":false,"template":"","format":"standard","meta":{"colormag_page_container_layout":"default_layout","colormag_page_sidebar_layout":"default_layout","_monsterinsights_skip_tracking":false,"_monsterinsights_sitenote_active":false,"_monsterinsights_sitenote_note":"","_monsterinsights_sitenote_category":0,"_jetpack_memberships_contains_paid_content":false,"footnotes":""},"categories":[49,47],"tags":[119,60],"class_list":["post-1577","post","type-post","status-publish","format-standard","has-post-thumbnail","hentry","category-brasil","category-saude","tag-brasil","tag-paraiba-2"],"yoast_head":"<!-- This site is optimized with the Yoast SEO plugin v16.3 - https:\/\/yoast.com\/wordpress\/plugins\/seo\/ -->\n<title>coronav\u00edrus: Brasil tem primeiro caso confirmado de reinfec\u00e7\u00e3o pela covid-19 - Politiciando<\/title>\n<meta name=\"robots\" content=\"index, follow, max-snippet:-1, max-image-preview:large, max-video-preview:-1\" \/>\n<link rel=\"canonical\" href=\"https:\/\/politiciando.com.br\/?p=1577\" \/>\n<meta property=\"og:locale\" content=\"pt_BR\" \/>\n<meta property=\"og:type\" content=\"article\" \/>\n<meta property=\"og:title\" content=\"coronav\u00edrus: Brasil tem primeiro caso confirmado de reinfec\u00e7\u00e3o pela covid-19 - Politiciando\" \/>\n<meta property=\"og:description\" content=\"Paciente \u00e9 uma m\u00e9dica de 37 anos moradora do Rio Grande do Norte que trabalha tamb\u00e9m na Para\u00edba. Ela foi\" \/>\n<meta property=\"og:url\" content=\"https:\/\/politiciando.com.br\/?p=1577\" \/>\n<meta property=\"og:site_name\" content=\"Politiciando\" \/>\n<meta property=\"article:publisher\" content=\"https:\/\/www.facebook.com\/Politician\" \/>\n<meta property=\"article:published_time\" content=\"2020-12-10T12:20:59+00:00\" \/>\n<meta property=\"article:modified_time\" content=\"2020-12-10T12:21:02+00:00\" \/>\n<meta property=\"og:image\" content=\"https:\/\/politiciando.com.br\/wp-content\/uploads\/2020\/12\/covid-1.jpg\" \/>\n\t<meta property=\"og:image:width\" content=\"984\" \/>\n\t<meta property=\"og:image:height\" content=\"553\" \/>\n<meta name=\"twitter:card\" content=\"summary_large_image\" \/>\n<meta name=\"twitter:creator\" content=\"@politiciando\" \/>\n<meta name=\"twitter:site\" content=\"@politiciando\" \/>\n<meta name=\"twitter:label1\" content=\"Est. tempo de leitura\">\n\t<meta name=\"twitter:data1\" content=\"3 minutos\">\n<script type=\"application\/ld+json\" class=\"yoast-schema-graph\">{\"@context\":\"https:\/\/schema.org\",\"@graph\":[{\"@type\":\"WebSite\",\"@id\":\"https:\/\/politiciando.com.br\/#website\",\"url\":\"https:\/\/politiciando.com.br\/\",\"name\":\"Politiciando\",\"description\":\"A Not\\u00edcia como tem que ser!\",\"potentialAction\":[{\"@type\":\"SearchAction\",\"target\":\"https:\/\/politiciando.com.br\/?s={search_term_string}\",\"query-input\":\"required name=search_term_string\"}],\"inLanguage\":\"pt-BR\"},{\"@type\":\"ImageObject\",\"@id\":\"https:\/\/politiciando.com.br\/?p=1577#primaryimage\",\"inLanguage\":\"pt-BR\",\"url\":\"https:\/\/politiciando.com.br\/wp-content\/uploads\/2020\/12\/covid-1.jpg\",\"contentUrl\":\"https:\/\/politiciando.com.br\/wp-content\/uploads\/2020\/12\/covid-1.jpg\",\"width\":984,\"height\":553},{\"@type\":\"WebPage\",\"@id\":\"https:\/\/politiciando.com.br\/?p=1577#webpage\",\"url\":\"https:\/\/politiciando.com.br\/?p=1577\",\"name\":\"coronav\\u00edrus: Brasil tem primeiro caso confirmado de reinfec\\u00e7\\u00e3o pela covid-19 - Politiciando\",\"isPartOf\":{\"@id\":\"https:\/\/politiciando.com.br\/#website\"},\"primaryImageOfPage\":{\"@id\":\"https:\/\/politiciando.com.br\/?p=1577#primaryimage\"},\"datePublished\":\"2020-12-10T12:20:59+00:00\",\"dateModified\":\"2020-12-10T12:21:02+00:00\",\"author\":{\"@id\":\"https:\/\/politiciando.com.br\/#\/schema\/person\/be8395b998f06b83e7b3a1d9567ff61b\"},\"breadcrumb\":{\"@id\":\"https:\/\/politiciando.com.br\/?p=1577#breadcrumb\"},\"inLanguage\":\"pt-BR\",\"potentialAction\":[{\"@type\":\"ReadAction\",\"target\":[\"https:\/\/politiciando.com.br\/?p=1577\"]}]},{\"@type\":\"BreadcrumbList\",\"@id\":\"https:\/\/politiciando.com.br\/?p=1577#breadcrumb\",\"itemListElement\":[{\"@type\":\"ListItem\",\"position\":1,\"item\":{\"@type\":\"WebPage\",\"@id\":\"https:\/\/politiciando.com.br\/\",\"url\":\"https:\/\/politiciando.com.br\/\",\"name\":\"Home\"}},{\"@type\":\"ListItem\",\"position\":2,\"item\":{\"@id\":\"https:\/\/politiciando.com.br\/?p=1577#webpage\"}}]},{\"@type\":\"Person\",\"@id\":\"https:\/\/politiciando.com.br\/#\/schema\/person\/be8395b998f06b83e7b3a1d9567ff61b\",\"name\":\"redacaopoliticiando\",\"image\":{\"@type\":\"ImageObject\",\"@id\":\"https:\/\/politiciando.com.br\/#personlogo\",\"inLanguage\":\"pt-BR\",\"url\":\"https:\/\/secure.gravatar.com\/avatar\/6cfd6b7f4d5132d5b42f746a58e576a9ab04eae227797efa7fdd7a4aeb90ca9c?s=96&d=mm&r=g\",\"contentUrl\":\"https:\/\/secure.gravatar.com\/avatar\/6cfd6b7f4d5132d5b42f746a58e576a9ab04eae227797efa7fdd7a4aeb90ca9c?s=96&d=mm&r=g\",\"caption\":\"redacaopoliticiando\"},\"sameAs\":[\"https:\/\/politiciando.com.br\"],\"url\":\"https:\/\/politiciando.com.br\/?author=1\"}]}<\/script>\n<!-- \/ Yoast SEO plugin. -->","jetpack_featured_media_url":"https:\/\/politiciando.com.br\/wp-content\/uploads\/2020\/12\/covid-1.jpg","jetpack_sharing_enabled":true,"_links":{"self":[{"href":"https:\/\/politiciando.com.br\/index.php?rest_route=\/wp\/v2\/posts\/1577","targetHints":{"allow":["GET"]}}],"collection":[{"href":"https:\/\/politiciando.com.br\/index.php?rest_route=\/wp\/v2\/posts"}],"about":[{"href":"https:\/\/politiciando.com.br\/index.php?rest_route=\/wp\/v2\/types\/post"}],"author":[{"embeddable":true,"href":"https:\/\/politiciando.com.br\/index.php?rest_route=\/wp\/v2\/users\/1"}],"replies":[{"embeddable":true,"href":"https:\/\/politiciando.com.br\/index.php?rest_route=%2Fwp%2Fv2%2Fcomments&post=1577"}],"version-history":[{"count":1,"href":"https:\/\/politiciando.com.br\/index.php?rest_route=\/wp\/v2\/posts\/1577\/revisions"}],"predecessor-version":[{"id":1580,"href":"https:\/\/politiciando.com.br\/index.php?rest_route=\/wp\/v2\/posts\/1577\/revisions\/1580"}],"wp:featuredmedia":[{"embeddable":true,"href":"https:\/\/politiciando.com.br\/index.php?rest_route=\/wp\/v2\/media\/1579"}],"wp:attachment":[{"href":"https:\/\/politiciando.com.br\/index.php?rest_route=%2Fwp%2Fv2%2Fmedia&parent=1577"}],"wp:term":[{"taxonomy":"category","embeddable":true,"href":"https:\/\/politiciando.com.br\/index.php?rest_route=%2Fwp%2Fv2%2Fcategories&post=1577"},{"taxonomy":"post_tag","embeddable":true,"href":"https:\/\/politiciando.com.br\/index.php?rest_route=%2Fwp%2Fv2%2Ftags&post=1577"}],"curies":[{"name":"wp","href":"https:\/\/api.w.org\/{rel}","templated":true}]}}