{"id":1581,"date":"2020-12-10T09:39:37","date_gmt":"2020-12-10T12:39:37","guid":{"rendered":"https:\/\/politiciando.com.br\/?p=1581"},"modified":"2020-12-10T09:39:39","modified_gmt":"2020-12-10T12:39:39","slug":"maia-bolsonaro-quer-presidencia-da-camara-para-tocar-pauta-ambiental-armamentista-e-de-costumes","status":"publish","type":"post","link":"https:\/\/politiciando.com.br\/?p=1581","title":{"rendered":"Maia: Bolsonaro quer presid\u00eancia da C\u00e2mara para tocar pauta ambiental, armamentista e de costumes"},"content":{"rendered":"\n<h5 class=\"wp-block-heading\">Deputado afirmou que governo est\u00e1 \u201cdesesperado para tomar conta da C\u00e2mara\u201d<\/h5>\n\n\n\n<figure class=\"wp-block-image\"><img decoding=\"async\" src=\"https:\/\/ogimg.infoglobo.com.br\/in\/24203014-0bf-5de\/FT1086A\/652\/xRodrigo-Maia.jpg.pagespeed.ic.g2CODVy_mh.jpg\" alt=\"O presidente da C\u00e2mara dos Deputados, Rodrigo Maia Foto: Tuca Vieira \/ Divulga\u00e7\u00e3o\"\/><\/figure>\n\n\n\n<p><strong>BRAS\u00cdLIA \u2014<\/strong>&nbsp;O presidente da C\u00e2mara dos Deputados, Rodrigo Maia (DEM-RJ) afirmou nesta quarta-feira que o presidente Jair Bolsonaro est\u00e1 \u201cdesesperado\u201d para \u201ctomar a presid\u00eancia da C\u00e2mara\u201d e tocar pautas armamentistas, de costumes e que flexibilizem regras ambientais.<\/p>\n\n\n\n<p>Segundo Maia, n\u00e3o faria sentido o governo investir na candidatura de Arthur Lira (PP-AL) se a preocupa\u00e7\u00e3o fosse apenas a pauta econ\u00f4mica, tendo em vista que os pr\u00e9-candidatos de seu bloco t\u00eam os mesmos pensamentos liberais do ministro Paulo Guedes.<\/p>\n\n\n\n<p>O governo est\u00e1 desesperado para tomar conta da presid\u00eancia da C\u00e2mara e desorganizar a agenda ambiental, flexibilizar venda de armas e tocar pautas de costumes que digam respeito \u00e0s minorias. O que \u00e9 leg\u00edtimo, porque ele (Bolsonaro) se elegeu com essas pautas. Eu, no entanto, defendo outras pautas, como redu\u00e7\u00e3o do desemprego e das desigualdades \u2014 afirmou.<\/p>\n\n\n\n<p>Maia disse ainda que a oferta de cargos pelo Planalto para atrair votos de deputados faz Bolsonaro \u201crasgar seu pr\u00f3prio discurso para tentar vencer a elei\u00e7\u00e3o\u201d. Nosso objetivo \u00e9 criar um local seguro e atraente para os usu\u00e1rios se conectarem a interesses e paix\u00f5es. Para melhorar a experi\u00eancia de nossa comunidade, estamos suspendendo temporariamente os coment\u00e1rios dos artigos. Por Paulo Cappelli<\/p>\n\n\n\n<h6 class=\"wp-block-heading\"><em><strong>Grupo de Maia formaliza bloco com seis partidos de olho na presid\u00eancia da C\u00e2mara<\/strong><\/em><\/h6>\n\n\n\n<p>No mesmo dia em que Arthur Lira (PP-AL), candidato apoiado por Jair Bolsonaro, oficializou candidatura ao comando da C\u00e2mara a partir de 2021, o grupo ligado ao presidente da Casa, Rodrigo Maia (DEM-RJ), anunciou a forma\u00e7\u00e3o de um bloco partid\u00e1rio para eleger seu sucessor. A ideia \u00e9 anunciar o candidato, advers\u00e1rio de Lira, nesta quinta-feira (10). At\u00e9 a noite desta quarta (9), o mais cotado era Aguinaldo Ribeiro (PP-PB), l\u00edder da Maioria na C\u00e2mara. O grupo tamb\u00e9m analisa os nomes de Baleia Rossi (MDB-SP), Elmar Nascimento (DEM-BA) e Luciano Bivar (PSL-PE). Al\u00e9m do DEM, integram o bloco MDB, PSDB, PV, Cidadania e PSL. Juntos, esses partidos re\u00fanem 157 deputados, por\u00e9m nem todos devem aderir \u00e0 candidatura ligada a Maia. No PSL, por exemplo, calcula-se que apenas metade da bancada (atualmente com 41 deputados) esteja alinhada a esse grupo. O restante, aliados de Bolsonaro, deve apoiar Lira, cuja candidatura \u00e9 impulsionada pelo Pal\u00e1cio do Planalto. Ribeiro, apesar de ser do PP, mesmo partido de Lira, mant\u00e9m postura aut\u00f4noma em rela\u00e7\u00e3o \u00e0 sigla e \u00e0s negocia\u00e7\u00f5es com o governo. Ele, portanto, n\u00e3o tem o respaldo do PP para se lan\u00e7ar como advers\u00e1rio de Lira. A elei\u00e7\u00e3o para a Mesa Diretora da C\u00e2mara est\u00e1 prevista para 1\u00ba de fevereiro. O voto \u00e9 secreto. Por isso, a ades\u00e3o de partidos a blocos n\u00e3o significa a garantia de votos, at\u00e9 porque a elei\u00e7\u00e3o \u00e9 secreta. Integrantes do grupo afirmam ainda que PROS e PTB v\u00e3o se somar ao bloco. Ambos os partidos foram anunciados na tarde desta quarta-feira como parte da rede de apoio de Lira. A estrat\u00e9gia \u00e9 investir nessas duas siglas at\u00e9 o fim da campanha \u00e0 presid\u00eancia da C\u00e2mara. Apesar de Lira contar com os votos do PROS e PTB, dirigentes dessas legendas seguem em negocia\u00e7\u00e3o com o bloco de Maia. Os articuladores desse grupo independente ao governo tentaram atrair o Republicanos, que tem 32 deputados, mas o partido decidiu, por enquanto, tentar viabilizar uma candidatura pr\u00f3pria, a do presidente da sigla, deputado Marcos Pereira (SP). S\u00e3o necess\u00e1rios 257 do total de 513 para eleger quem comandar\u00e1 os deputados pelos pr\u00f3ximos dois anos. O objetivo do bloco \u00e9 justamente demonstrar coes\u00e3o entre os partidos do grupo de Maia. Aliados do atual presidente da Casa reclamam da demora do deputado para definir quem disputar\u00e1 a presid\u00eancia no ano que vem. Integrantes do grupo do parlamentar dizem que, enquanto n\u00e3o for definido o nome, Lira consegue agregar mais apoios. Mais cedo nesta quarta, Maia foi questionado sobre a demora na defini\u00e7\u00e3o, mas tergiversou. \u201cN\u00e3o [est\u00e1 atrasado]. Ainda est\u00e1 muito longe [a elei\u00e7\u00e3o]. N\u00f3s temos que tocar a pauta da C\u00e2mara\u201d, disse. Por Thiago Resende e J\u00falia Chaib.<\/p>\n\n\n\n<p><em><strong>Tuca Vieira \/ Divulga\u00e7\u00e3o<\/strong><\/em><\/p>\n","protected":false},"excerpt":{"rendered":"<p>Deputado afirmou que governo est\u00e1 \u201cdesesperado para tomar conta da C\u00e2mara\u201d BRAS\u00cdLIA \u2014&nbsp;O presidente da C\u00e2mara dos Deputados, Rodrigo Maia<\/p>\n","protected":false},"author":1,"featured_media":1583,"comment_status":"open","ping_status":"open","sticky":false,"template":"","format":"standard","meta":{"colormag_page_container_layout":"default_layout","colormag_page_sidebar_layout":"default_layout","_monsterinsights_skip_tracking":false,"_monsterinsights_sitenote_active":false,"_monsterinsights_sitenote_note":"","_monsterinsights_sitenote_category":0,"_jetpack_memberships_contains_paid_content":false,"footnotes":""},"categories":[5],"tags":[577,21,333,367],"class_list":["post-1581","post","type-post","status-publish","format-standard","has-post-thumbnail","hentry","category-politica","tag-ambiental","tag-politiciando","tag-politiciando-com-br","tag-rodrigo-maia"],"yoast_head":"<!-- This site is optimized with the Yoast SEO plugin v16.3 - https:\/\/yoast.com\/wordpress\/plugins\/seo\/ -->\n<title>Maia: Bolsonaro quer presid\u00eancia da C\u00e2mara para tocar pauta ambiental, armamentista e de costumes - Politiciando<\/title>\n<meta name=\"robots\" content=\"index, follow, max-snippet:-1, max-image-preview:large, max-video-preview:-1\" \/>\n<link rel=\"canonical\" href=\"https:\/\/politiciando.com.br\/?p=1581\" \/>\n<meta property=\"og:locale\" content=\"pt_BR\" \/>\n<meta property=\"og:type\" content=\"article\" \/>\n<meta property=\"og:title\" content=\"Maia: Bolsonaro quer presid\u00eancia da C\u00e2mara para tocar pauta ambiental, armamentista e de costumes - Politiciando\" \/>\n<meta property=\"og:description\" content=\"Deputado afirmou que governo est\u00e1 \u201cdesesperado para tomar conta da C\u00e2mara\u201d BRAS\u00cdLIA \u2014&nbsp;O presidente da C\u00e2mara dos Deputados, Rodrigo Maia\" \/>\n<meta property=\"og:url\" content=\"https:\/\/politiciando.com.br\/?p=1581\" \/>\n<meta property=\"og:site_name\" content=\"Politiciando\" \/>\n<meta property=\"article:publisher\" content=\"https:\/\/www.facebook.com\/Politician\" \/>\n<meta property=\"article:published_time\" content=\"2020-12-10T12:39:37+00:00\" \/>\n<meta property=\"article:modified_time\" content=\"2020-12-10T12:39:39+00:00\" \/>\n<meta property=\"og:image\" content=\"https:\/\/politiciando.com.br\/wp-content\/uploads\/2020\/12\/ac253885747f5d78cc11d636e72ced42.jpg\" \/>\n\t<meta property=\"og:image:width\" content=\"703\" \/>\n\t<meta property=\"og:image:height\" content=\"306\" \/>\n<meta name=\"twitter:card\" content=\"summary_large_image\" \/>\n<meta name=\"twitter:creator\" content=\"@politiciando\" \/>\n<meta name=\"twitter:site\" content=\"@politiciando\" \/>\n<meta name=\"twitter:label1\" content=\"Est. tempo de leitura\">\n\t<meta name=\"twitter:data1\" content=\"4 minutos\">\n<script type=\"application\/ld+json\" class=\"yoast-schema-graph\">{\"@context\":\"https:\/\/schema.org\",\"@graph\":[{\"@type\":\"WebSite\",\"@id\":\"https:\/\/politiciando.com.br\/#website\",\"url\":\"https:\/\/politiciando.com.br\/\",\"name\":\"Politiciando\",\"description\":\"A Not\\u00edcia como tem que ser!\",\"potentialAction\":[{\"@type\":\"SearchAction\",\"target\":\"https:\/\/politiciando.com.br\/?s={search_term_string}\",\"query-input\":\"required name=search_term_string\"}],\"inLanguage\":\"pt-BR\"},{\"@type\":\"ImageObject\",\"@id\":\"https:\/\/politiciando.com.br\/?p=1581#primaryimage\",\"inLanguage\":\"pt-BR\",\"url\":\"https:\/\/politiciando.com.br\/wp-content\/uploads\/2020\/12\/ac253885747f5d78cc11d636e72ced42.jpg\",\"contentUrl\":\"https:\/\/politiciando.com.br\/wp-content\/uploads\/2020\/12\/ac253885747f5d78cc11d636e72ced42.jpg\",\"width\":703,\"height\":306},{\"@type\":\"WebPage\",\"@id\":\"https:\/\/politiciando.com.br\/?p=1581#webpage\",\"url\":\"https:\/\/politiciando.com.br\/?p=1581\",\"name\":\"Maia: Bolsonaro quer presid\\u00eancia da C\\u00e2mara para tocar pauta ambiental, armamentista e de costumes - Politiciando\",\"isPartOf\":{\"@id\":\"https:\/\/politiciando.com.br\/#website\"},\"primaryImageOfPage\":{\"@id\":\"https:\/\/politiciando.com.br\/?p=1581#primaryimage\"},\"datePublished\":\"2020-12-10T12:39:37+00:00\",\"dateModified\":\"2020-12-10T12:39:39+00:00\",\"author\":{\"@id\":\"https:\/\/politiciando.com.br\/#\/schema\/person\/be8395b998f06b83e7b3a1d9567ff61b\"},\"breadcrumb\":{\"@id\":\"https:\/\/politiciando.com.br\/?p=1581#breadcrumb\"},\"inLanguage\":\"pt-BR\",\"potentialAction\":[{\"@type\":\"ReadAction\",\"target\":[\"https:\/\/politiciando.com.br\/?p=1581\"]}]},{\"@type\":\"BreadcrumbList\",\"@id\":\"https:\/\/politiciando.com.br\/?p=1581#breadcrumb\",\"itemListElement\":[{\"@type\":\"ListItem\",\"position\":1,\"item\":{\"@type\":\"WebPage\",\"@id\":\"https:\/\/politiciando.com.br\/\",\"url\":\"https:\/\/politiciando.com.br\/\",\"name\":\"Home\"}},{\"@type\":\"ListItem\",\"position\":2,\"item\":{\"@id\":\"https:\/\/politiciando.com.br\/?p=1581#webpage\"}}]},{\"@type\":\"Person\",\"@id\":\"https:\/\/politiciando.com.br\/#\/schema\/person\/be8395b998f06b83e7b3a1d9567ff61b\",\"name\":\"redacaopoliticiando\",\"image\":{\"@type\":\"ImageObject\",\"@id\":\"https:\/\/politiciando.com.br\/#personlogo\",\"inLanguage\":\"pt-BR\",\"url\":\"https:\/\/secure.gravatar.com\/avatar\/6cfd6b7f4d5132d5b42f746a58e576a9ab04eae227797efa7fdd7a4aeb90ca9c?s=96&d=mm&r=g\",\"contentUrl\":\"https:\/\/secure.gravatar.com\/avatar\/6cfd6b7f4d5132d5b42f746a58e576a9ab04eae227797efa7fdd7a4aeb90ca9c?s=96&d=mm&r=g\",\"caption\":\"redacaopoliticiando\"},\"sameAs\":[\"https:\/\/politiciando.com.br\"],\"url\":\"https:\/\/politiciando.com.br\/?author=1\"}]}<\/script>\n<!-- \/ Yoast SEO plugin. -->","jetpack_featured_media_url":"https:\/\/politiciando.com.br\/wp-content\/uploads\/2020\/12\/ac253885747f5d78cc11d636e72ced42.jpg","jetpack_sharing_enabled":true,"_links":{"self":[{"href":"https:\/\/politiciando.com.br\/index.php?rest_route=\/wp\/v2\/posts\/1581","targetHints":{"allow":["GET"]}}],"collection":[{"href":"https:\/\/politiciando.com.br\/index.php?rest_route=\/wp\/v2\/posts"}],"about":[{"href":"https:\/\/politiciando.com.br\/index.php?rest_route=\/wp\/v2\/types\/post"}],"author":[{"embeddable":true,"href":"https:\/\/politiciando.com.br\/index.php?rest_route=\/wp\/v2\/users\/1"}],"replies":[{"embeddable":true,"href":"https:\/\/politiciando.com.br\/index.php?rest_route=%2Fwp%2Fv2%2Fcomments&post=1581"}],"version-history":[{"count":1,"href":"https:\/\/politiciando.com.br\/index.php?rest_route=\/wp\/v2\/posts\/1581\/revisions"}],"predecessor-version":[{"id":1584,"href":"https:\/\/politiciando.com.br\/index.php?rest_route=\/wp\/v2\/posts\/1581\/revisions\/1584"}],"wp:featuredmedia":[{"embeddable":true,"href":"https:\/\/politiciando.com.br\/index.php?rest_route=\/wp\/v2\/media\/1583"}],"wp:attachment":[{"href":"https:\/\/politiciando.com.br\/index.php?rest_route=%2Fwp%2Fv2%2Fmedia&parent=1581"}],"wp:term":[{"taxonomy":"category","embeddable":true,"href":"https:\/\/politiciando.com.br\/index.php?rest_route=%2Fwp%2Fv2%2Fcategories&post=1581"},{"taxonomy":"post_tag","embeddable":true,"href":"https:\/\/politiciando.com.br\/index.php?rest_route=%2Fwp%2Fv2%2Ftags&post=1581"}],"curies":[{"name":"wp","href":"https:\/\/api.w.org\/{rel}","templated":true}]}}