{"id":1634,"date":"2020-12-15T06:39:39","date_gmt":"2020-12-15T09:39:39","guid":{"rendered":"https:\/\/politiciando.com.br\/?p=1634"},"modified":"2020-12-15T06:39:40","modified_gmt":"2020-12-15T09:39:40","slug":"bolsonaro-quer-que-vacinados-assinem-termo-de-responsabilidade","status":"publish","type":"post","link":"https:\/\/politiciando.com.br\/?p=1634","title":{"rendered":"Bolsonaro quer que vacinados assinem \u2018termo de responsabilidade"},"content":{"rendered":"\n<figure class=\"wp-block-image size-large\"><img loading=\"lazy\" decoding=\"async\" width=\"678\" height=\"452\" src=\"https:\/\/politiciando.com.br\/wp-content\/uploads\/2020\/12\/6ED29D5E-B135-47F9-8A50-2E46C7FC85DC.jpeg\" alt=\"\" class=\"wp-image-1635\" srcset=\"https:\/\/politiciando.com.br\/wp-content\/uploads\/2020\/12\/6ED29D5E-B135-47F9-8A50-2E46C7FC85DC.jpeg 678w, https:\/\/politiciando.com.br\/wp-content\/uploads\/2020\/12\/6ED29D5E-B135-47F9-8A50-2E46C7FC85DC-300x200.jpeg 300w\" sizes=\"auto, (max-width: 678px) 100vw, 678px\" \/><\/figure>\n\n\n\n<p>Em conversa com apoiadores na frente do Pal\u00e1cio da Alvorada nesta segunda-feira (14), o presidente&nbsp;<a href=\"http:\/\/istoe.com.br\/tag\/jair-bolsonaro\"><strong>Jair Bolsonaro<\/strong><\/a>&nbsp;(sem partido) afirmou que assinar\u00e1 uma medida provis\u00f3ria que vai estabelecer a necessidade de assinatura de um termo de responsabilidade por quem decidir tomar vacina contra a&nbsp;<a href=\"http:\/\/istoe.com.br\/tag\/covid-19\"><strong>Covid-19<\/strong><\/a>. As informa\u00e7\u00f5es s\u00e3o do jornal O Globo.<\/p>\n\n\n\n<p>\u201cTem gente que quer tomar, ent\u00e3o toma, a responsabilidade \u00e9 tua. Se der algum problema a\u00ed, espero que n\u00e3o d\u00ea\u2026\u201d, disse Bolsonaro.<\/p>\n\n\n\n<p>De acordo com o presidente, a Pfizer deixa claro no contrato que a empresa n\u00e3o se responsabiliza por efeitos colaterais.<\/p>\n\n\n\n<p>\u201cN\u00e3o \u00e9 obrigat\u00f3rio, voc\u00eas v\u00e3o ter que assinar termo de responsabilidade para tomar. Porque a Pfizer, por exemplo, \u00e9 bem clara no contrato: \u201cn\u00f3s n\u00e3o nos responsabilizamos por efeitos colaterais\u201d, disse o presidente.<\/p>\n\n\n\n<p>Bolsonaro tamb\u00e9m disse que deve assinar nesta ter\u00e7a-feira (15) uma MP liberando R$ 20 bilh\u00f5es para a compra de vacinas contra a Covid-19. O valor citado por Bolsonaro \u00e9 de dez vezes mais do que o liberado para a compra da vacina desenvolvida pela Universidade de Oxford e o laborat\u00f3rio AstraZeneca, no qual o governo desembolsar\u00e1 R$ 1,9 bilh\u00e3o para 100 milh\u00f5es de doses.<\/p>\n\n\n\n<p>O presidente tamb\u00e9m questionou o per\u00edodo de efic\u00e1cia da vacina contra o coronav\u00edrus.<\/p>\n\n\n\n<p>\u201cEssa vacina agora, qual a validade dela? Voc\u00ea toma hoje e fica imune por quanto tempo? Daqui a quanto tempo voc\u00ea tem que tomar outra dose? Est\u00e1 custando agora para n\u00f3s, no in\u00edcio, R$ 20 bilh\u00f5es\u201d, disse.<\/p>\n\n\n\n<p>Bolsonaro tamb\u00e9m voltou a defender medicamentos ineficazes para o tratamento da Covid-19, reclamou do uso de m\u00e1scaras e disse que quem est\u00e1 pegando covid agora \u00e9 porque \u201cficou em casa\u201d.<\/p>\n\n\n\n<p>\u201cQuem est\u00e1 pegando agora \u00e9 quem ficou em casa. E outra, esse v\u00edrus vai viver conosco at\u00e9 morrer\u201d, diz Bolsonaro.<\/p>\n\n\n\n<p>por terra<\/p>\n","protected":false},"excerpt":{"rendered":"<p>Em conversa com apoiadores na frente do Pal\u00e1cio da Alvorada nesta segunda-feira (14), o presidente&nbsp;Jair Bolsonaro&nbsp;(sem partido) afirmou que assinar\u00e1<\/p>\n","protected":false},"author":1,"featured_media":1635,"comment_status":"open","ping_status":"open","sticky":false,"template":"","format":"standard","meta":{"colormag_page_container_layout":"default_layout","colormag_page_sidebar_layout":"default_layout","_monsterinsights_skip_tracking":false,"_monsterinsights_sitenote_active":false,"_monsterinsights_sitenote_note":"","_monsterinsights_sitenote_category":0,"_jetpack_memberships_contains_paid_content":false,"footnotes":""},"categories":[5,47],"tags":[26,119,620,216,562,619,618,532],"class_list":["post-1634","post","type-post","status-publish","format-standard","has-post-thumbnail","hentry","category-politica","category-saude","tag-bolsonaro","tag-brasil","tag-eficaz","tag-eua","tag-pfizer","tag-responsabilidade","tag-termo","tag-vacina-2"],"yoast_head":"<!-- This site is optimized with the Yoast SEO plugin v16.3 - https:\/\/yoast.com\/wordpress\/plugins\/seo\/ -->\n<title>Bolsonaro quer que vacinados assinem \u2018termo de responsabilidade - Politiciando<\/title>\n<meta name=\"robots\" content=\"index, follow, max-snippet:-1, max-image-preview:large, max-video-preview:-1\" \/>\n<link rel=\"canonical\" href=\"https:\/\/politiciando.com.br\/?p=1634\" \/>\n<meta property=\"og:locale\" content=\"pt_BR\" \/>\n<meta property=\"og:type\" content=\"article\" \/>\n<meta property=\"og:title\" content=\"Bolsonaro quer que vacinados assinem \u2018termo de responsabilidade - Politiciando\" \/>\n<meta property=\"og:description\" content=\"Em conversa com apoiadores na frente do Pal\u00e1cio da Alvorada nesta segunda-feira (14), o presidente&nbsp;Jair Bolsonaro&nbsp;(sem partido) afirmou que assinar\u00e1\" \/>\n<meta property=\"og:url\" content=\"https:\/\/politiciando.com.br\/?p=1634\" \/>\n<meta property=\"og:site_name\" content=\"Politiciando\" \/>\n<meta property=\"article:publisher\" content=\"https:\/\/www.facebook.com\/Politician\" \/>\n<meta property=\"article:published_time\" content=\"2020-12-15T09:39:39+00:00\" \/>\n<meta property=\"article:modified_time\" content=\"2020-12-15T09:39:40+00:00\" \/>\n<meta property=\"og:image\" content=\"https:\/\/politiciando.com.br\/wp-content\/uploads\/2020\/12\/6ED29D5E-B135-47F9-8A50-2E46C7FC85DC.jpeg\" \/>\n\t<meta property=\"og:image:width\" content=\"678\" \/>\n\t<meta property=\"og:image:height\" content=\"452\" \/>\n<meta name=\"twitter:card\" content=\"summary_large_image\" \/>\n<meta name=\"twitter:creator\" content=\"@politiciando\" \/>\n<meta name=\"twitter:site\" content=\"@politiciando\" \/>\n<meta name=\"twitter:label1\" content=\"Est. tempo de leitura\">\n\t<meta name=\"twitter:data1\" content=\"2 minutos\">\n<script type=\"application\/ld+json\" class=\"yoast-schema-graph\">{\"@context\":\"https:\/\/schema.org\",\"@graph\":[{\"@type\":\"WebSite\",\"@id\":\"https:\/\/politiciando.com.br\/#website\",\"url\":\"https:\/\/politiciando.com.br\/\",\"name\":\"Politiciando\",\"description\":\"A Not\\u00edcia como tem que ser!\",\"potentialAction\":[{\"@type\":\"SearchAction\",\"target\":\"https:\/\/politiciando.com.br\/?s={search_term_string}\",\"query-input\":\"required name=search_term_string\"}],\"inLanguage\":\"pt-BR\"},{\"@type\":\"ImageObject\",\"@id\":\"https:\/\/politiciando.com.br\/?p=1634#primaryimage\",\"inLanguage\":\"pt-BR\",\"url\":\"https:\/\/politiciando.com.br\/wp-content\/uploads\/2020\/12\/6ED29D5E-B135-47F9-8A50-2E46C7FC85DC.jpeg\",\"contentUrl\":\"https:\/\/politiciando.com.br\/wp-content\/uploads\/2020\/12\/6ED29D5E-B135-47F9-8A50-2E46C7FC85DC.jpeg\",\"width\":678,\"height\":452},{\"@type\":\"WebPage\",\"@id\":\"https:\/\/politiciando.com.br\/?p=1634#webpage\",\"url\":\"https:\/\/politiciando.com.br\/?p=1634\",\"name\":\"Bolsonaro quer que vacinados assinem \\u2018termo de responsabilidade - Politiciando\",\"isPartOf\":{\"@id\":\"https:\/\/politiciando.com.br\/#website\"},\"primaryImageOfPage\":{\"@id\":\"https:\/\/politiciando.com.br\/?p=1634#primaryimage\"},\"datePublished\":\"2020-12-15T09:39:39+00:00\",\"dateModified\":\"2020-12-15T09:39:40+00:00\",\"author\":{\"@id\":\"https:\/\/politiciando.com.br\/#\/schema\/person\/be8395b998f06b83e7b3a1d9567ff61b\"},\"breadcrumb\":{\"@id\":\"https:\/\/politiciando.com.br\/?p=1634#breadcrumb\"},\"inLanguage\":\"pt-BR\",\"potentialAction\":[{\"@type\":\"ReadAction\",\"target\":[\"https:\/\/politiciando.com.br\/?p=1634\"]}]},{\"@type\":\"BreadcrumbList\",\"@id\":\"https:\/\/politiciando.com.br\/?p=1634#breadcrumb\",\"itemListElement\":[{\"@type\":\"ListItem\",\"position\":1,\"item\":{\"@type\":\"WebPage\",\"@id\":\"https:\/\/politiciando.com.br\/\",\"url\":\"https:\/\/politiciando.com.br\/\",\"name\":\"Home\"}},{\"@type\":\"ListItem\",\"position\":2,\"item\":{\"@id\":\"https:\/\/politiciando.com.br\/?p=1634#webpage\"}}]},{\"@type\":\"Person\",\"@id\":\"https:\/\/politiciando.com.br\/#\/schema\/person\/be8395b998f06b83e7b3a1d9567ff61b\",\"name\":\"redacaopoliticiando\",\"image\":{\"@type\":\"ImageObject\",\"@id\":\"https:\/\/politiciando.com.br\/#personlogo\",\"inLanguage\":\"pt-BR\",\"url\":\"https:\/\/secure.gravatar.com\/avatar\/6cfd6b7f4d5132d5b42f746a58e576a9ab04eae227797efa7fdd7a4aeb90ca9c?s=96&d=mm&r=g\",\"contentUrl\":\"https:\/\/secure.gravatar.com\/avatar\/6cfd6b7f4d5132d5b42f746a58e576a9ab04eae227797efa7fdd7a4aeb90ca9c?s=96&d=mm&r=g\",\"caption\":\"redacaopoliticiando\"},\"sameAs\":[\"https:\/\/politiciando.com.br\"],\"url\":\"https:\/\/politiciando.com.br\/?author=1\"}]}<\/script>\n<!-- \/ Yoast SEO plugin. -->","jetpack_featured_media_url":"https:\/\/politiciando.com.br\/wp-content\/uploads\/2020\/12\/6ED29D5E-B135-47F9-8A50-2E46C7FC85DC.jpeg","jetpack_sharing_enabled":true,"_links":{"self":[{"href":"https:\/\/politiciando.com.br\/index.php?rest_route=\/wp\/v2\/posts\/1634","targetHints":{"allow":["GET"]}}],"collection":[{"href":"https:\/\/politiciando.com.br\/index.php?rest_route=\/wp\/v2\/posts"}],"about":[{"href":"https:\/\/politiciando.com.br\/index.php?rest_route=\/wp\/v2\/types\/post"}],"author":[{"embeddable":true,"href":"https:\/\/politiciando.com.br\/index.php?rest_route=\/wp\/v2\/users\/1"}],"replies":[{"embeddable":true,"href":"https:\/\/politiciando.com.br\/index.php?rest_route=%2Fwp%2Fv2%2Fcomments&post=1634"}],"version-history":[{"count":1,"href":"https:\/\/politiciando.com.br\/index.php?rest_route=\/wp\/v2\/posts\/1634\/revisions"}],"predecessor-version":[{"id":1636,"href":"https:\/\/politiciando.com.br\/index.php?rest_route=\/wp\/v2\/posts\/1634\/revisions\/1636"}],"wp:featuredmedia":[{"embeddable":true,"href":"https:\/\/politiciando.com.br\/index.php?rest_route=\/wp\/v2\/media\/1635"}],"wp:attachment":[{"href":"https:\/\/politiciando.com.br\/index.php?rest_route=%2Fwp%2Fv2%2Fmedia&parent=1634"}],"wp:term":[{"taxonomy":"category","embeddable":true,"href":"https:\/\/politiciando.com.br\/index.php?rest_route=%2Fwp%2Fv2%2Fcategories&post=1634"},{"taxonomy":"post_tag","embeddable":true,"href":"https:\/\/politiciando.com.br\/index.php?rest_route=%2Fwp%2Fv2%2Ftags&post=1634"}],"curies":[{"name":"wp","href":"https:\/\/api.w.org\/{rel}","templated":true}]}}