{"id":1746,"date":"2020-12-23T06:58:29","date_gmt":"2020-12-23T09:58:29","guid":{"rendered":"https:\/\/politiciando.com.br\/?p=1746"},"modified":"2020-12-23T06:58:30","modified_gmt":"2020-12-23T09:58:30","slug":"estacao-na-antartica-tem-surto-de-covid-19-e-pandemia-agora-atinge-todos-os-continentes","status":"publish","type":"post","link":"https:\/\/politiciando.com.br\/?p=1746","title":{"rendered":"Esta\u00e7\u00e3o na Ant\u00e1rtica tem surto de Covid-19 e pandemia agora atinge todos os continentes"},"content":{"rendered":"\n<p>O novo coronav\u00edrus atingiu o continente ant\u00e1rtico, que at\u00e9 ent\u00e3o estava livre da Covid-19. O Ex\u00e9rcito chileno registrou 36 casos na esta\u00e7\u00e3o de pesquisa Bernardo O\u2019Higgins, dos quais 26 em militares e 10 em trabalhadores da manuten\u00e7\u00e3o. Todos foram levados de volta para o&nbsp;Chile.<\/p>\n\n\n\n<figure class=\"wp-block-image size-large\"><img loading=\"lazy\" decoding=\"async\" width=\"640\" height=\"480\" src=\"https:\/\/politiciando.com.br\/wp-content\/uploads\/2020\/12\/CA38DDEC-D033-488C-A6D7-D31432EBAE59.jpeg\" alt=\"\" class=\"wp-image-1747\" srcset=\"https:\/\/politiciando.com.br\/wp-content\/uploads\/2020\/12\/CA38DDEC-D033-488C-A6D7-D31432EBAE59.jpeg 640w, https:\/\/politiciando.com.br\/wp-content\/uploads\/2020\/12\/CA38DDEC-D033-488C-A6D7-D31432EBAE59-300x225.jpeg 300w\" sizes=\"auto, (max-width: 640px) 100vw, 640px\" \/><\/figure>\n\n\n\n<p>A not\u00edcia chega poucos dias depois que a Marinha chilena confirmou tr\u00eas casos em um navio que havia levado suprimentos e pessoal para a esta\u00e7\u00e3o.<\/p>\n\n\n\n<p>Isso significa que, agora, casos da Covid-19 j\u00e1 foram registrados em todos os seis continentes.<\/p>\n\n\n\n<p>O navio Sargento Aldea chegou \u00e0 esta\u00e7\u00e3o de pesquisa em 27 de novembro e navegou de volta ao Chile em 10 de dezembro.<\/p>\n\n\n\n<p>Tr\u00eas de seus tripulantes testaram positivo ao retornar \u00e0 base naval chilena em Talcahuano. A Marinha do Chile disse que todos os que embarcaram na viagem \u00e0 Ant\u00e1rtica fizeram testes de PCR e todos os resultados foram negativos.<\/p>\n\n\n\n<p>A esta\u00e7\u00e3o de pesquisa Bernardo O\u2019Higgins \u00e9 uma das quatro bases permanentes que o Chile tem na Ant\u00e1rtica e \u00e9 operada pelo Ex\u00e9rcito.<\/p>\n\n\n\n<p>O Chile \u00e9 o sexto pa\u00eds mais afetado da Am\u00e9rica Latina, com mais de 585 mil casos confirmados de coronav\u00edrus.<\/p>\n\n\n\n<p><strong>Desafio log\u00edstico<\/strong><\/p>\n\n\n\n<p>O principal desafio log\u00edstico \u00e9 a incerteza em torno das rotas a\u00e9reas. Muitos dos que v\u00e3o para a Ant\u00e1rtica a cada temporada de ver\u00e3o o fazem viajando de avi\u00e3o para a \u00c1frica do Sul, a Austr\u00e1lia\/Nova Zel\u00e2ndia ou o Chile.<\/p>\n\n\n\n<p>Dali, pegam um novo voo ou um navio para cruzar o oceano at\u00e9 o continente.<\/p>\n\n\n\n<p>Mas, com os corredores a\u00e9reos interrompidos no momento, estes tradicionais pontos de partida para o continente ant\u00e1rtico n\u00e3o est\u00e3o operando como deveriam.<\/p>\n\n\n\n<p>A pandemia do coronav\u00edrus atingiu o mundo em meados da temporada de ver\u00e3o de 2019\/2020. Tirar todo o pessoal tempor\u00e1rio do continente e traz\u00ea-lo para casa tamb\u00e9m provou ser uma dor de cabe\u00e7a log\u00edstica, e obrigou alguns cientistas e t\u00e9cnicos a enfrentar longas esperas e quarentena.<\/p>\n\n\n\n<p>BBC<\/p>\n","protected":false},"excerpt":{"rendered":"<p>O novo coronav\u00edrus atingiu o continente ant\u00e1rtico, que at\u00e9 ent\u00e3o estava livre da Covid-19. O Ex\u00e9rcito chileno registrou 36 casos<\/p>\n","protected":false},"author":1,"featured_media":1747,"comment_status":"open","ping_status":"open","sticky":false,"template":"","format":"standard","meta":{"colormag_page_container_layout":"default_layout","colormag_page_sidebar_layout":"default_layout","_monsterinsights_skip_tracking":false,"_monsterinsights_sitenote_active":false,"_monsterinsights_sitenote_note":"","_monsterinsights_sitenote_category":0,"_jetpack_memberships_contains_paid_content":false,"footnotes":""},"categories":[35],"tags":[724,725,169,164,726],"class_list":["post-1746","post","type-post","status-publish","format-standard","has-post-thumbnail","hentry","category-mundo","tag-antartica","tag-chile","tag-covid-19","tag-pandemia","tag-surto"],"yoast_head":"<!-- This site is optimized with the Yoast SEO plugin v16.3 - https:\/\/yoast.com\/wordpress\/plugins\/seo\/ -->\n<title>Esta\u00e7\u00e3o na Ant\u00e1rtica tem surto de Covid-19 e pandemia agora atinge todos os continentes - Politiciando<\/title>\n<meta name=\"robots\" content=\"index, follow, max-snippet:-1, max-image-preview:large, max-video-preview:-1\" \/>\n<link rel=\"canonical\" href=\"https:\/\/politiciando.com.br\/?p=1746\" \/>\n<meta property=\"og:locale\" content=\"pt_BR\" \/>\n<meta property=\"og:type\" content=\"article\" \/>\n<meta property=\"og:title\" content=\"Esta\u00e7\u00e3o na Ant\u00e1rtica tem surto de Covid-19 e pandemia agora atinge todos os continentes - Politiciando\" \/>\n<meta property=\"og:description\" content=\"O novo coronav\u00edrus atingiu o continente ant\u00e1rtico, que at\u00e9 ent\u00e3o estava livre da Covid-19. O Ex\u00e9rcito chileno registrou 36 casos\" \/>\n<meta property=\"og:url\" content=\"https:\/\/politiciando.com.br\/?p=1746\" \/>\n<meta property=\"og:site_name\" content=\"Politiciando\" \/>\n<meta property=\"article:publisher\" content=\"https:\/\/www.facebook.com\/Politician\" \/>\n<meta property=\"article:published_time\" content=\"2020-12-23T09:58:29+00:00\" \/>\n<meta property=\"article:modified_time\" content=\"2020-12-23T09:58:30+00:00\" \/>\n<meta property=\"og:image\" content=\"https:\/\/politiciando.com.br\/wp-content\/uploads\/2020\/12\/CA38DDEC-D033-488C-A6D7-D31432EBAE59.jpeg\" \/>\n\t<meta property=\"og:image:width\" content=\"640\" \/>\n\t<meta property=\"og:image:height\" content=\"480\" \/>\n<meta name=\"twitter:card\" content=\"summary_large_image\" \/>\n<meta name=\"twitter:creator\" content=\"@politiciando\" \/>\n<meta name=\"twitter:site\" content=\"@politiciando\" \/>\n<meta name=\"twitter:label1\" content=\"Est. tempo de leitura\">\n\t<meta name=\"twitter:data1\" content=\"2 minutos\">\n<script type=\"application\/ld+json\" class=\"yoast-schema-graph\">{\"@context\":\"https:\/\/schema.org\",\"@graph\":[{\"@type\":\"WebSite\",\"@id\":\"https:\/\/politiciando.com.br\/#website\",\"url\":\"https:\/\/politiciando.com.br\/\",\"name\":\"Politiciando\",\"description\":\"A Not\\u00edcia como tem que ser!\",\"potentialAction\":[{\"@type\":\"SearchAction\",\"target\":\"https:\/\/politiciando.com.br\/?s={search_term_string}\",\"query-input\":\"required name=search_term_string\"}],\"inLanguage\":\"pt-BR\"},{\"@type\":\"ImageObject\",\"@id\":\"https:\/\/politiciando.com.br\/?p=1746#primaryimage\",\"inLanguage\":\"pt-BR\",\"url\":\"https:\/\/politiciando.com.br\/wp-content\/uploads\/2020\/12\/CA38DDEC-D033-488C-A6D7-D31432EBAE59.jpeg\",\"contentUrl\":\"https:\/\/politiciando.com.br\/wp-content\/uploads\/2020\/12\/CA38DDEC-D033-488C-A6D7-D31432EBAE59.jpeg\",\"width\":640,\"height\":480},{\"@type\":\"WebPage\",\"@id\":\"https:\/\/politiciando.com.br\/?p=1746#webpage\",\"url\":\"https:\/\/politiciando.com.br\/?p=1746\",\"name\":\"Esta\\u00e7\\u00e3o na Ant\\u00e1rtica tem surto de Covid-19 e pandemia agora atinge todos os continentes - Politiciando\",\"isPartOf\":{\"@id\":\"https:\/\/politiciando.com.br\/#website\"},\"primaryImageOfPage\":{\"@id\":\"https:\/\/politiciando.com.br\/?p=1746#primaryimage\"},\"datePublished\":\"2020-12-23T09:58:29+00:00\",\"dateModified\":\"2020-12-23T09:58:30+00:00\",\"author\":{\"@id\":\"https:\/\/politiciando.com.br\/#\/schema\/person\/be8395b998f06b83e7b3a1d9567ff61b\"},\"breadcrumb\":{\"@id\":\"https:\/\/politiciando.com.br\/?p=1746#breadcrumb\"},\"inLanguage\":\"pt-BR\",\"potentialAction\":[{\"@type\":\"ReadAction\",\"target\":[\"https:\/\/politiciando.com.br\/?p=1746\"]}]},{\"@type\":\"BreadcrumbList\",\"@id\":\"https:\/\/politiciando.com.br\/?p=1746#breadcrumb\",\"itemListElement\":[{\"@type\":\"ListItem\",\"position\":1,\"item\":{\"@type\":\"WebPage\",\"@id\":\"https:\/\/politiciando.com.br\/\",\"url\":\"https:\/\/politiciando.com.br\/\",\"name\":\"Home\"}},{\"@type\":\"ListItem\",\"position\":2,\"item\":{\"@id\":\"https:\/\/politiciando.com.br\/?p=1746#webpage\"}}]},{\"@type\":\"Person\",\"@id\":\"https:\/\/politiciando.com.br\/#\/schema\/person\/be8395b998f06b83e7b3a1d9567ff61b\",\"name\":\"redacaopoliticiando\",\"image\":{\"@type\":\"ImageObject\",\"@id\":\"https:\/\/politiciando.com.br\/#personlogo\",\"inLanguage\":\"pt-BR\",\"url\":\"https:\/\/secure.gravatar.com\/avatar\/6cfd6b7f4d5132d5b42f746a58e576a9ab04eae227797efa7fdd7a4aeb90ca9c?s=96&d=mm&r=g\",\"contentUrl\":\"https:\/\/secure.gravatar.com\/avatar\/6cfd6b7f4d5132d5b42f746a58e576a9ab04eae227797efa7fdd7a4aeb90ca9c?s=96&d=mm&r=g\",\"caption\":\"redacaopoliticiando\"},\"sameAs\":[\"https:\/\/politiciando.com.br\"],\"url\":\"https:\/\/politiciando.com.br\/?author=1\"}]}<\/script>\n<!-- \/ Yoast SEO plugin. -->","jetpack_featured_media_url":"https:\/\/politiciando.com.br\/wp-content\/uploads\/2020\/12\/CA38DDEC-D033-488C-A6D7-D31432EBAE59.jpeg","jetpack_sharing_enabled":true,"_links":{"self":[{"href":"https:\/\/politiciando.com.br\/index.php?rest_route=\/wp\/v2\/posts\/1746","targetHints":{"allow":["GET"]}}],"collection":[{"href":"https:\/\/politiciando.com.br\/index.php?rest_route=\/wp\/v2\/posts"}],"about":[{"href":"https:\/\/politiciando.com.br\/index.php?rest_route=\/wp\/v2\/types\/post"}],"author":[{"embeddable":true,"href":"https:\/\/politiciando.com.br\/index.php?rest_route=\/wp\/v2\/users\/1"}],"replies":[{"embeddable":true,"href":"https:\/\/politiciando.com.br\/index.php?rest_route=%2Fwp%2Fv2%2Fcomments&post=1746"}],"version-history":[{"count":1,"href":"https:\/\/politiciando.com.br\/index.php?rest_route=\/wp\/v2\/posts\/1746\/revisions"}],"predecessor-version":[{"id":1748,"href":"https:\/\/politiciando.com.br\/index.php?rest_route=\/wp\/v2\/posts\/1746\/revisions\/1748"}],"wp:featuredmedia":[{"embeddable":true,"href":"https:\/\/politiciando.com.br\/index.php?rest_route=\/wp\/v2\/media\/1747"}],"wp:attachment":[{"href":"https:\/\/politiciando.com.br\/index.php?rest_route=%2Fwp%2Fv2%2Fmedia&parent=1746"}],"wp:term":[{"taxonomy":"category","embeddable":true,"href":"https:\/\/politiciando.com.br\/index.php?rest_route=%2Fwp%2Fv2%2Fcategories&post=1746"},{"taxonomy":"post_tag","embeddable":true,"href":"https:\/\/politiciando.com.br\/index.php?rest_route=%2Fwp%2Fv2%2Ftags&post=1746"}],"curies":[{"name":"wp","href":"https:\/\/api.w.org\/{rel}","templated":true}]}}