{"id":1822,"date":"2020-12-26T09:48:38","date_gmt":"2020-12-26T12:48:38","guid":{"rendered":"https:\/\/politiciando.com.br\/?p=1822"},"modified":"2020-12-26T09:48:39","modified_gmt":"2020-12-26T12:48:39","slug":"argentina-barra-entrada-de-turistas-ate-dia-8-de-janeiro-inclusive-brasileiros","status":"publish","type":"post","link":"https:\/\/politiciando.com.br\/?p=1822","title":{"rendered":"Argentina barra entrada de turistas at\u00e9 dia 8 de janeiro, inclusive brasileiros"},"content":{"rendered":"\n<p>Medida foi tomada em meio ao temor pelo aumento de casos de Covid-19; h\u00e1 tamb\u00e9m mudan\u00e7a em regras para argentinos e residentes<\/p>\n\n\n\n<figure class=\"wp-block-image size-large\"><img loading=\"lazy\" decoding=\"async\" width=\"1024\" height=\"615\" src=\"https:\/\/politiciando.com.br\/wp-content\/uploads\/2020\/12\/F280F62B-0B69-422E-ACE0-8E1CCA11E439-1024x615.jpeg\" alt=\"\" class=\"wp-image-1823\" srcset=\"https:\/\/politiciando.com.br\/wp-content\/uploads\/2020\/12\/F280F62B-0B69-422E-ACE0-8E1CCA11E439-1024x615.jpeg 1024w, https:\/\/politiciando.com.br\/wp-content\/uploads\/2020\/12\/F280F62B-0B69-422E-ACE0-8E1CCA11E439-300x180.jpeg 300w, https:\/\/politiciando.com.br\/wp-content\/uploads\/2020\/12\/F280F62B-0B69-422E-ACE0-8E1CCA11E439-768x461.jpeg 768w, https:\/\/politiciando.com.br\/wp-content\/uploads\/2020\/12\/F280F62B-0B69-422E-ACE0-8E1CCA11E439.jpeg 1086w\" sizes=\"auto, (max-width: 1024px) 100vw, 1024px\" \/><figcaption>Ag\u00eancia o globo<\/figcaption><\/figure>\n\n\n\n<p>A Argentina suspendeu a entrada de turistas&nbsp;brasileiros no pa\u00eds, a partir desta sexta-feira, at\u00e9 o dia 8 de janeiro. A medida&nbsp;\u00e9 v\u00e1lida tamb\u00e9m para outros pa\u00edses com aumento de casos e mortes pela Covid-19.<\/p>\n\n\n\n<p>Argentinos e residentes que regressarem ao pa\u00eds precisam apresentar\u00a0 teste negativo para Covid-19\u00a0 do tipo\u00a0 PCR, realizado 72 horas antes do voo, e cumprir uma quarentena de sete dias. Os\u00a0 estrangeiros autorizados pela Dire\u00e7\u00e3o Nacional de Migra\u00e7\u00e3o\u00a0 tamb\u00e9m devem apresentar um seguro de assist\u00eancia m\u00e9dica internacional.<\/p>\n\n\n\n<p>Apenas dois aeroportos da Argentina&nbsp; foram autorizados para viagens internacionais, Ezeiza e San Fernando, ambos atendendo a regi\u00e3o da capital, Buenos Aires. A proibi\u00e7\u00e3o do ingresso de estrangeiros vale para os pa\u00edses lim\u00edtrofes: Brasil, Uruguai, Chile, Bol\u00edvia e Paraguai.<\/p>\n\n\n\n<p>Preocupados com a nova cepa do coronav\u00edrus, que pode ser at\u00e9 70% mais transmiss\u00edvel,\u00a0 a Argentina j\u00e1 havia interrompido a chegada e sa\u00edda de voos para o Reino Unido. Agora, tamb\u00e9m suspendeu os voos com It\u00e1lia, Dinamarca, Pa\u00edses Baixos e Austr\u00e1lia, devido \u00e0 situa\u00e7\u00e3o epidemiol\u00f3gica destes pa\u00edses.<\/p>\n\n\n\n<p>Em nota,&nbsp; a Latam informou que cabe a empresa&nbsp; apenas aplicar essas regras. &#8220;A companhia refor\u00e7a ainda que os passageiros devem consultar antes de seu voo as constantes atualiza\u00e7\u00f5es das exig\u00eancias do pa\u00eds de destino da sua viagem, observando as regras e restri\u00e7\u00f5es para o seu embarque&#8221;, diz o texto.<\/p>\n\n\n\n<p>Ainda de acordo com Latam, os passageiros afetados com a medida poder\u00e3o optar pela remarca\u00e7\u00e3o da data do voo sem o pagamento de multa , o reembolso completo ou a remarca\u00e7\u00e3o para outro destino sujeito a diferen\u00e7a tarif\u00e1ria.<\/p>\n\n\n\n<p>O Globo <\/p>\n","protected":false},"excerpt":{"rendered":"<p>Medida foi tomada em meio ao temor pelo aumento de casos de Covid-19; h\u00e1 tamb\u00e9m mudan\u00e7a em regras para argentinos<\/p>\n","protected":false},"author":1,"featured_media":1823,"comment_status":"open","ping_status":"open","sticky":false,"template":"","format":"standard","meta":{"colormag_page_container_layout":"default_layout","colormag_page_sidebar_layout":"default_layout","_monsterinsights_skip_tracking":false,"_monsterinsights_sitenote_active":false,"_monsterinsights_sitenote_note":"","_monsterinsights_sitenote_category":0,"_jetpack_memberships_contains_paid_content":false,"footnotes":""},"categories":[35,47],"tags":[766,765,767,768],"class_list":["post-1822","post","type-post","status-publish","format-standard","has-post-thumbnail","hentry","category-mundo","category-saude","tag-aeroporto","tag-argwmtina","tag-fechado","tag-turistas"],"yoast_head":"<!-- This site is optimized with the Yoast SEO plugin v16.3 - https:\/\/yoast.com\/wordpress\/plugins\/seo\/ -->\n<title>Argentina barra entrada de turistas at\u00e9 dia 8 de janeiro, inclusive brasileiros - Politiciando<\/title>\n<meta name=\"robots\" content=\"index, follow, max-snippet:-1, max-image-preview:large, max-video-preview:-1\" \/>\n<link rel=\"canonical\" href=\"https:\/\/politiciando.com.br\/?p=1822\" \/>\n<meta property=\"og:locale\" content=\"pt_BR\" \/>\n<meta property=\"og:type\" content=\"article\" \/>\n<meta property=\"og:title\" content=\"Argentina barra entrada de turistas at\u00e9 dia 8 de janeiro, inclusive brasileiros - Politiciando\" \/>\n<meta property=\"og:description\" content=\"Medida foi tomada em meio ao temor pelo aumento de casos de Covid-19; h\u00e1 tamb\u00e9m mudan\u00e7a em regras para argentinos\" \/>\n<meta property=\"og:url\" content=\"https:\/\/politiciando.com.br\/?p=1822\" \/>\n<meta property=\"og:site_name\" content=\"Politiciando\" \/>\n<meta property=\"article:publisher\" content=\"https:\/\/www.facebook.com\/Politician\" \/>\n<meta property=\"article:published_time\" content=\"2020-12-26T12:48:38+00:00\" \/>\n<meta property=\"article:modified_time\" content=\"2020-12-26T12:48:39+00:00\" \/>\n<meta property=\"og:image\" content=\"https:\/\/politiciando.com.br\/wp-content\/uploads\/2020\/12\/F280F62B-0B69-422E-ACE0-8E1CCA11E439.jpeg\" \/>\n\t<meta property=\"og:image:width\" content=\"1086\" \/>\n\t<meta property=\"og:image:height\" content=\"652\" \/>\n<meta name=\"twitter:card\" content=\"summary_large_image\" \/>\n<meta name=\"twitter:creator\" content=\"@politiciando\" \/>\n<meta name=\"twitter:site\" content=\"@politiciando\" \/>\n<meta name=\"twitter:label1\" content=\"Est. tempo de leitura\">\n\t<meta name=\"twitter:data1\" content=\"2 minutos\">\n<script type=\"application\/ld+json\" class=\"yoast-schema-graph\">{\"@context\":\"https:\/\/schema.org\",\"@graph\":[{\"@type\":\"WebSite\",\"@id\":\"https:\/\/politiciando.com.br\/#website\",\"url\":\"https:\/\/politiciando.com.br\/\",\"name\":\"Politiciando\",\"description\":\"A Not\\u00edcia como tem que ser!\",\"potentialAction\":[{\"@type\":\"SearchAction\",\"target\":\"https:\/\/politiciando.com.br\/?s={search_term_string}\",\"query-input\":\"required name=search_term_string\"}],\"inLanguage\":\"pt-BR\"},{\"@type\":\"ImageObject\",\"@id\":\"https:\/\/politiciando.com.br\/?p=1822#primaryimage\",\"inLanguage\":\"pt-BR\",\"url\":\"https:\/\/politiciando.com.br\/wp-content\/uploads\/2020\/12\/F280F62B-0B69-422E-ACE0-8E1CCA11E439.jpeg\",\"contentUrl\":\"https:\/\/politiciando.com.br\/wp-content\/uploads\/2020\/12\/F280F62B-0B69-422E-ACE0-8E1CCA11E439.jpeg\",\"width\":1086,\"height\":652},{\"@type\":\"WebPage\",\"@id\":\"https:\/\/politiciando.com.br\/?p=1822#webpage\",\"url\":\"https:\/\/politiciando.com.br\/?p=1822\",\"name\":\"Argentina barra entrada de turistas at\\u00e9 dia 8 de janeiro, inclusive brasileiros - Politiciando\",\"isPartOf\":{\"@id\":\"https:\/\/politiciando.com.br\/#website\"},\"primaryImageOfPage\":{\"@id\":\"https:\/\/politiciando.com.br\/?p=1822#primaryimage\"},\"datePublished\":\"2020-12-26T12:48:38+00:00\",\"dateModified\":\"2020-12-26T12:48:39+00:00\",\"author\":{\"@id\":\"https:\/\/politiciando.com.br\/#\/schema\/person\/be8395b998f06b83e7b3a1d9567ff61b\"},\"breadcrumb\":{\"@id\":\"https:\/\/politiciando.com.br\/?p=1822#breadcrumb\"},\"inLanguage\":\"pt-BR\",\"potentialAction\":[{\"@type\":\"ReadAction\",\"target\":[\"https:\/\/politiciando.com.br\/?p=1822\"]}]},{\"@type\":\"BreadcrumbList\",\"@id\":\"https:\/\/politiciando.com.br\/?p=1822#breadcrumb\",\"itemListElement\":[{\"@type\":\"ListItem\",\"position\":1,\"item\":{\"@type\":\"WebPage\",\"@id\":\"https:\/\/politiciando.com.br\/\",\"url\":\"https:\/\/politiciando.com.br\/\",\"name\":\"Home\"}},{\"@type\":\"ListItem\",\"position\":2,\"item\":{\"@id\":\"https:\/\/politiciando.com.br\/?p=1822#webpage\"}}]},{\"@type\":\"Person\",\"@id\":\"https:\/\/politiciando.com.br\/#\/schema\/person\/be8395b998f06b83e7b3a1d9567ff61b\",\"name\":\"redacaopoliticiando\",\"image\":{\"@type\":\"ImageObject\",\"@id\":\"https:\/\/politiciando.com.br\/#personlogo\",\"inLanguage\":\"pt-BR\",\"url\":\"https:\/\/secure.gravatar.com\/avatar\/6cfd6b7f4d5132d5b42f746a58e576a9ab04eae227797efa7fdd7a4aeb90ca9c?s=96&d=mm&r=g\",\"contentUrl\":\"https:\/\/secure.gravatar.com\/avatar\/6cfd6b7f4d5132d5b42f746a58e576a9ab04eae227797efa7fdd7a4aeb90ca9c?s=96&d=mm&r=g\",\"caption\":\"redacaopoliticiando\"},\"sameAs\":[\"https:\/\/politiciando.com.br\"],\"url\":\"https:\/\/politiciando.com.br\/?author=1\"}]}<\/script>\n<!-- \/ Yoast SEO plugin. -->","jetpack_featured_media_url":"https:\/\/politiciando.com.br\/wp-content\/uploads\/2020\/12\/F280F62B-0B69-422E-ACE0-8E1CCA11E439.jpeg","jetpack_sharing_enabled":true,"_links":{"self":[{"href":"https:\/\/politiciando.com.br\/index.php?rest_route=\/wp\/v2\/posts\/1822","targetHints":{"allow":["GET"]}}],"collection":[{"href":"https:\/\/politiciando.com.br\/index.php?rest_route=\/wp\/v2\/posts"}],"about":[{"href":"https:\/\/politiciando.com.br\/index.php?rest_route=\/wp\/v2\/types\/post"}],"author":[{"embeddable":true,"href":"https:\/\/politiciando.com.br\/index.php?rest_route=\/wp\/v2\/users\/1"}],"replies":[{"embeddable":true,"href":"https:\/\/politiciando.com.br\/index.php?rest_route=%2Fwp%2Fv2%2Fcomments&post=1822"}],"version-history":[{"count":1,"href":"https:\/\/politiciando.com.br\/index.php?rest_route=\/wp\/v2\/posts\/1822\/revisions"}],"predecessor-version":[{"id":1824,"href":"https:\/\/politiciando.com.br\/index.php?rest_route=\/wp\/v2\/posts\/1822\/revisions\/1824"}],"wp:featuredmedia":[{"embeddable":true,"href":"https:\/\/politiciando.com.br\/index.php?rest_route=\/wp\/v2\/media\/1823"}],"wp:attachment":[{"href":"https:\/\/politiciando.com.br\/index.php?rest_route=%2Fwp%2Fv2%2Fmedia&parent=1822"}],"wp:term":[{"taxonomy":"category","embeddable":true,"href":"https:\/\/politiciando.com.br\/index.php?rest_route=%2Fwp%2Fv2%2Fcategories&post=1822"},{"taxonomy":"post_tag","embeddable":true,"href":"https:\/\/politiciando.com.br\/index.php?rest_route=%2Fwp%2Fv2%2Ftags&post=1822"}],"curies":[{"name":"wp","href":"https:\/\/api.w.org\/{rel}","templated":true}]}}