{"id":1828,"date":"2020-12-26T16:05:54","date_gmt":"2020-12-26T19:05:54","guid":{"rendered":"https:\/\/politiciando.com.br\/?p=1828"},"modified":"2020-12-26T16:05:55","modified_gmt":"2020-12-26T19:05:55","slug":"excesso-de-videoconferencias-afeta-a-saude-mental-dizem-psiquiatras","status":"publish","type":"post","link":"https:\/\/politiciando.com.br\/?p=1828","title":{"rendered":"Excesso de videoconfer\u00eancias afeta a sa\u00fade mental, dizem psiquiatras"},"content":{"rendered":"\n<h4 class=\"wp-block-heading\">Encontros virtuais produzem uma esp\u00e9cie de \u201cfadiga do zoom\u201d<\/h4>\n\n\n\n<figure class=\"wp-block-image size-large\"><img loading=\"lazy\" decoding=\"async\" width=\"1024\" height=\"613\" src=\"https:\/\/politiciando.com.br\/wp-content\/uploads\/2020\/12\/01916C57-7A43-4356-983C-04B3F815955F-1024x613.jpeg\" alt=\"\" class=\"wp-image-1829\" srcset=\"https:\/\/politiciando.com.br\/wp-content\/uploads\/2020\/12\/01916C57-7A43-4356-983C-04B3F815955F-1024x613.jpeg 1024w, https:\/\/politiciando.com.br\/wp-content\/uploads\/2020\/12\/01916C57-7A43-4356-983C-04B3F815955F-300x179.jpeg 300w, https:\/\/politiciando.com.br\/wp-content\/uploads\/2020\/12\/01916C57-7A43-4356-983C-04B3F815955F-768x459.jpeg 768w, https:\/\/politiciando.com.br\/wp-content\/uploads\/2020\/12\/01916C57-7A43-4356-983C-04B3F815955F.jpeg 1170w\" sizes=\"auto, (max-width: 1024px) 100vw, 1024px\" \/><\/figure>\n\n\n\n<p>No contexto da pandemia do novo coronav\u00edrus (covid-19) e do isolamento imposto para conter a dissemina\u00e7\u00e3o da covid-19, aumentou o uso das plataformas&nbsp;<em>online<\/em>&nbsp;de videoconfer\u00eancia como forma de manter o contato social entre as pessoas. Mas o excesso de encontros virtuais acabou produzindo uma esp\u00e9cie de \u201cfadiga do<em>&nbsp;zoom<\/em>\u201d, segundo identificou a Associa\u00e7\u00e3o Brasileira de Psiquiatria (ABP).<img decoding=\"async\" src=\"https:\/\/agenciabrasil.ebc.com.br\/ebc.png?id=1397375&amp;o=node\"><img decoding=\"async\" src=\"https:\/\/agenciabrasil.ebc.com.br\/ebc.gif?id=1397375&amp;o=node\"><\/p>\n\n\n\n<p>Para mostrar o impacto das videoconfer\u00eancias na sa\u00fade mental dos brasileiros, a ABP realizou a primeira pesquisa sobre o tema no per\u00edodo de 14 de agosto a 21 de novembro. A sondagem revela a eleva\u00e7\u00e3o das queixas de pacientes sobre o excesso de trabalho por videoconfer\u00eancias nos \u00faltimos cinco meses, recebidas por 56,1% dos psiquiatras associados da ABP entrevistados.&nbsp;<\/p>\n\n\n\n<p>\u201cOs pacientes relataram que a \u201cfadiga do&nbsp;<em>zoom<\/em>\u201d \u00e9 um fato na vida delas, que elas de fato aumentaram o trabalho via teleconfer\u00eancia e adoeceram, precisaram de ajuda\u201d, disse \u00e0 Ag\u00eancia Brasil o presidente da ABP, Antonio Geraldo da Silva.<\/p>\n\n\n\n<p>O levantamento foi feito junto aos psiquiatras associados da ABP que atendem no Sistema \u00danico de Sa\u00fade (SUS), no sistema privado e suplementar, e mostrou tamb\u00e9m que 63,3% deles perceberam um aumento de prescri\u00e7\u00e3o de psicotr\u00f3picos (rem\u00e9dios controlados) para tratar pessoas que tinham a queixa de excesso de trabalho por videoconfer\u00eancia. Os m\u00e9dicos associados da ABP notaram ainda a eleva\u00e7\u00e3o de 70,1% da necessidade de prescreverem psicoterapia para seus pacientes tamb\u00e9m com essa fadiga.<\/p>\n\n\n\n<h2 class=\"wp-block-heading\">Fato novo<\/h2>\n\n\n\n<p>\u201c\u00c9 uma situa\u00e7\u00e3o nova, \u00e9 um fato novo. Mas estamos percebendo que h\u00e1 um cansa\u00e7o das pessoas em usar a videoconfer\u00eancia, porque ela retira de voc\u00ea toda privacidade, aumenta sua carga de trabalho e sua carga de descanso fica comprometida e isso \u00e9, realmente, adoecedor\u201d, disse Silva.&nbsp;<\/p>\n\n\n\n<p>De acordo com o presidente da ABP, as pessoas passaram a trabalhar em casa e os hor\u00e1rios rotineiros foram rompidos. \u201cOs chefes passaram a entender que as pessoas est\u00e3o dispon\u00edveis 24 horas\u201d. No teletrabalho, muitas vezes, as pessoas entram em uma videoconfer\u00eancia \u00e0s 8h e saem somente ao meio-dia\u201d, disse Silva. \u201cHouve uma perda dos limites relacionais\u201d.<\/p>\n\n\n\n<p>Na avalia\u00e7\u00e3o do presidente da ABP, o cuidado com a sa\u00fade mental da popula\u00e7\u00e3o deve ser abrangente e direcionado a todos para haver uma mudan\u00e7a de pensamento e comportamento. Enfatizou que as preocupa\u00e7\u00f5es com a onda de consequ\u00eancias \u00e0 sa\u00fade mental derivadas da pandemia permanecem com tend\u00eancia ascendente.&nbsp;<\/p>\n\n\n\n<p>Segundo Silva, a agenda da sa\u00fade mental \u201c\u00e9 urgente e ser\u00e1 um dos pilares para o bom enfrentamento \u00e0s demais consequ\u00eancias trazidas pela pandemia. A sa\u00fade mental \u00e9 a chave para enfrentarmos o cen\u00e1rio atual e seus desdobramentos\u201d.<\/p>\n\n\n\n<p>A ABP estima que h\u00e1 50 milh\u00f5es de pessoas com algum tipo de doen\u00e7a mental no Brasil. O pa\u00eds engloba o maior n\u00famero de pessoas com casos de transtornos de ansiedade do mundo. S\u00e3o cerca de 19 milh\u00f5es de casos, que correspondem a 9% da popula\u00e7\u00e3o. Al\u00e9m disso, o Brasil ocupa o segundo lugar no mundo e o primeiro na Am\u00e9rica Latina em pessoas com quadros depressivos.<\/p>\n\n\n\n<h2 class=\"wp-block-heading\">Filtro<\/h2>\n\n\n\n<p>Na avalia\u00e7\u00e3o do psiquiatra Jorge Jaber, da Associa\u00e7\u00e3o de Psiquiatria do Estado do Rio de Janeiro (Aperj), o excesso de informa\u00e7\u00f5es pode provocar um certo cansa\u00e7o mental. Ele recomenda que as pessoas utilizem um filtro, uma sele\u00e7\u00e3o das fontes, buscando institui\u00e7\u00f5es tradicionais para obter conhecimento ou tirar d\u00favidas.<\/p>\n\n\n\n<p>Sobre prescri\u00e7\u00e3o de rem\u00e9dios, Jaber v\u00ea uma tend\u00eancia comum nos pacientes psiqui\u00e1tricos de conseguir mais receitas do que seria necess\u00e1rio. Neste momento de pandemia, ele atribui esse movimento a tr\u00eas fatores: o custo muitas vezes inacess\u00edvel das consultas; a redu\u00e7\u00e3o da capacidade do atendimento p\u00fablico aos pacientes psiqui\u00e1tricos; e o receio do paciente de n\u00e3o ter o rem\u00e9dio \u00e0 m\u00e3o, em um momento de crise.<\/p>\n\n\n\n<p>Ag\u00eancia Brasil<\/p>\n","protected":false},"excerpt":{"rendered":"<p>Encontros virtuais produzem uma esp\u00e9cie de \u201cfadiga do zoom\u201d No contexto da pandemia do novo coronav\u00edrus (covid-19) e do isolamento<\/p>\n","protected":false},"author":1,"featured_media":1829,"comment_status":"open","ping_status":"open","sticky":false,"template":"","format":"standard","meta":{"colormag_page_container_layout":"default_layout","colormag_page_sidebar_layout":"default_layout","_monsterinsights_skip_tracking":false,"_monsterinsights_sitenote_active":false,"_monsterinsights_sitenote_note":"","_monsterinsights_sitenote_category":0,"_jetpack_memberships_contains_paid_content":false,"footnotes":""},"categories":[47],"tags":[285,770],"class_list":["post-1828","post","type-post","status-publish","format-standard","has-post-thumbnail","hentry","category-saude","tag-saude","tag-videoconferencia"],"yoast_head":"<!-- This site is optimized with the Yoast SEO plugin v16.3 - https:\/\/yoast.com\/wordpress\/plugins\/seo\/ -->\n<title>Excesso de videoconfer\u00eancias afeta a sa\u00fade mental, dizem psiquiatras - Politiciando<\/title>\n<meta name=\"robots\" content=\"index, follow, max-snippet:-1, max-image-preview:large, max-video-preview:-1\" \/>\n<link rel=\"canonical\" href=\"https:\/\/politiciando.com.br\/?p=1828\" \/>\n<meta property=\"og:locale\" content=\"pt_BR\" \/>\n<meta property=\"og:type\" content=\"article\" \/>\n<meta property=\"og:title\" content=\"Excesso de videoconfer\u00eancias afeta a sa\u00fade mental, dizem psiquiatras - Politiciando\" \/>\n<meta property=\"og:description\" content=\"Encontros virtuais produzem uma esp\u00e9cie de \u201cfadiga do zoom\u201d No contexto da pandemia do novo coronav\u00edrus (covid-19) e do isolamento\" \/>\n<meta property=\"og:url\" content=\"https:\/\/politiciando.com.br\/?p=1828\" \/>\n<meta property=\"og:site_name\" content=\"Politiciando\" \/>\n<meta property=\"article:publisher\" content=\"https:\/\/www.facebook.com\/Politician\" \/>\n<meta property=\"article:published_time\" content=\"2020-12-26T19:05:54+00:00\" \/>\n<meta property=\"article:modified_time\" content=\"2020-12-26T19:05:55+00:00\" \/>\n<meta property=\"og:image\" content=\"https:\/\/politiciando.com.br\/wp-content\/uploads\/2020\/12\/01916C57-7A43-4356-983C-04B3F815955F.jpeg\" \/>\n\t<meta property=\"og:image:width\" content=\"1170\" \/>\n\t<meta property=\"og:image:height\" content=\"700\" \/>\n<meta name=\"twitter:card\" content=\"summary_large_image\" \/>\n<meta name=\"twitter:creator\" content=\"@politiciando\" \/>\n<meta name=\"twitter:site\" content=\"@politiciando\" \/>\n<meta name=\"twitter:label1\" content=\"Est. tempo de leitura\">\n\t<meta name=\"twitter:data1\" content=\"3 minutos\">\n<script type=\"application\/ld+json\" class=\"yoast-schema-graph\">{\"@context\":\"https:\/\/schema.org\",\"@graph\":[{\"@type\":\"WebSite\",\"@id\":\"https:\/\/politiciando.com.br\/#website\",\"url\":\"https:\/\/politiciando.com.br\/\",\"name\":\"Politiciando\",\"description\":\"A Not\\u00edcia como tem que ser!\",\"potentialAction\":[{\"@type\":\"SearchAction\",\"target\":\"https:\/\/politiciando.com.br\/?s={search_term_string}\",\"query-input\":\"required name=search_term_string\"}],\"inLanguage\":\"pt-BR\"},{\"@type\":\"ImageObject\",\"@id\":\"https:\/\/politiciando.com.br\/?p=1828#primaryimage\",\"inLanguage\":\"pt-BR\",\"url\":\"https:\/\/politiciando.com.br\/wp-content\/uploads\/2020\/12\/01916C57-7A43-4356-983C-04B3F815955F.jpeg\",\"contentUrl\":\"https:\/\/politiciando.com.br\/wp-content\/uploads\/2020\/12\/01916C57-7A43-4356-983C-04B3F815955F.jpeg\",\"width\":1170,\"height\":700},{\"@type\":\"WebPage\",\"@id\":\"https:\/\/politiciando.com.br\/?p=1828#webpage\",\"url\":\"https:\/\/politiciando.com.br\/?p=1828\",\"name\":\"Excesso de videoconfer\\u00eancias afeta a sa\\u00fade mental, dizem psiquiatras - Politiciando\",\"isPartOf\":{\"@id\":\"https:\/\/politiciando.com.br\/#website\"},\"primaryImageOfPage\":{\"@id\":\"https:\/\/politiciando.com.br\/?p=1828#primaryimage\"},\"datePublished\":\"2020-12-26T19:05:54+00:00\",\"dateModified\":\"2020-12-26T19:05:55+00:00\",\"author\":{\"@id\":\"https:\/\/politiciando.com.br\/#\/schema\/person\/be8395b998f06b83e7b3a1d9567ff61b\"},\"breadcrumb\":{\"@id\":\"https:\/\/politiciando.com.br\/?p=1828#breadcrumb\"},\"inLanguage\":\"pt-BR\",\"potentialAction\":[{\"@type\":\"ReadAction\",\"target\":[\"https:\/\/politiciando.com.br\/?p=1828\"]}]},{\"@type\":\"BreadcrumbList\",\"@id\":\"https:\/\/politiciando.com.br\/?p=1828#breadcrumb\",\"itemListElement\":[{\"@type\":\"ListItem\",\"position\":1,\"item\":{\"@type\":\"WebPage\",\"@id\":\"https:\/\/politiciando.com.br\/\",\"url\":\"https:\/\/politiciando.com.br\/\",\"name\":\"Home\"}},{\"@type\":\"ListItem\",\"position\":2,\"item\":{\"@id\":\"https:\/\/politiciando.com.br\/?p=1828#webpage\"}}]},{\"@type\":\"Person\",\"@id\":\"https:\/\/politiciando.com.br\/#\/schema\/person\/be8395b998f06b83e7b3a1d9567ff61b\",\"name\":\"redacaopoliticiando\",\"image\":{\"@type\":\"ImageObject\",\"@id\":\"https:\/\/politiciando.com.br\/#personlogo\",\"inLanguage\":\"pt-BR\",\"url\":\"https:\/\/secure.gravatar.com\/avatar\/6cfd6b7f4d5132d5b42f746a58e576a9ab04eae227797efa7fdd7a4aeb90ca9c?s=96&d=mm&r=g\",\"contentUrl\":\"https:\/\/secure.gravatar.com\/avatar\/6cfd6b7f4d5132d5b42f746a58e576a9ab04eae227797efa7fdd7a4aeb90ca9c?s=96&d=mm&r=g\",\"caption\":\"redacaopoliticiando\"},\"sameAs\":[\"https:\/\/politiciando.com.br\"],\"url\":\"https:\/\/politiciando.com.br\/?author=1\"}]}<\/script>\n<!-- \/ Yoast SEO plugin. -->","jetpack_featured_media_url":"https:\/\/politiciando.com.br\/wp-content\/uploads\/2020\/12\/01916C57-7A43-4356-983C-04B3F815955F.jpeg","jetpack_sharing_enabled":true,"_links":{"self":[{"href":"https:\/\/politiciando.com.br\/index.php?rest_route=\/wp\/v2\/posts\/1828","targetHints":{"allow":["GET"]}}],"collection":[{"href":"https:\/\/politiciando.com.br\/index.php?rest_route=\/wp\/v2\/posts"}],"about":[{"href":"https:\/\/politiciando.com.br\/index.php?rest_route=\/wp\/v2\/types\/post"}],"author":[{"embeddable":true,"href":"https:\/\/politiciando.com.br\/index.php?rest_route=\/wp\/v2\/users\/1"}],"replies":[{"embeddable":true,"href":"https:\/\/politiciando.com.br\/index.php?rest_route=%2Fwp%2Fv2%2Fcomments&post=1828"}],"version-history":[{"count":1,"href":"https:\/\/politiciando.com.br\/index.php?rest_route=\/wp\/v2\/posts\/1828\/revisions"}],"predecessor-version":[{"id":1830,"href":"https:\/\/politiciando.com.br\/index.php?rest_route=\/wp\/v2\/posts\/1828\/revisions\/1830"}],"wp:featuredmedia":[{"embeddable":true,"href":"https:\/\/politiciando.com.br\/index.php?rest_route=\/wp\/v2\/media\/1829"}],"wp:attachment":[{"href":"https:\/\/politiciando.com.br\/index.php?rest_route=%2Fwp%2Fv2%2Fmedia&parent=1828"}],"wp:term":[{"taxonomy":"category","embeddable":true,"href":"https:\/\/politiciando.com.br\/index.php?rest_route=%2Fwp%2Fv2%2Fcategories&post=1828"},{"taxonomy":"post_tag","embeddable":true,"href":"https:\/\/politiciando.com.br\/index.php?rest_route=%2Fwp%2Fv2%2Ftags&post=1828"}],"curies":[{"name":"wp","href":"https:\/\/api.w.org\/{rel}","templated":true}]}}