{"id":2136,"date":"2021-01-18T09:05:37","date_gmt":"2021-01-18T12:05:37","guid":{"rendered":"https:\/\/politiciando.com.br\/?p=2136"},"modified":"2021-01-18T09:05:39","modified_gmt":"2021-01-18T12:05:39","slug":"doria-rebate-pazuello-e-diz-que-governo-federal-faz-golpe-de-morte","status":"publish","type":"post","link":"https:\/\/politiciando.com.br\/?p=2136","title":{"rendered":"Doria rebate Pazuello e diz que &#8216;governo federal faz golpe de morte"},"content":{"rendered":"\n<p>O governador de S\u00e3o Paulo, Jo\u00e3o Doria (PSDB), rebateu o ministro da Sa\u00fade, Eduardo Pazuello, que acusou o governador de &#8220;desprezar a lealdade federativa&#8221; e promover uma &#8220;jogada de marketing&#8221;. Minutos ap\u00f3s a aprova\u00e7\u00e3o pela Anvisa do uso emergencial da vacina CoronaVac, contra covid-19, Doria participou de um evento para vacinar a enfermeira M\u00f4nica Calazans, tornando-a a primeira pessoa no Brasil a receber um imunizante.<\/p>\n\n\n\n<figure class=\"wp-block-image size-large\"><img loading=\"lazy\" decoding=\"async\" width=\"822\" height=\"462\" src=\"https:\/\/politiciando.com.br\/wp-content\/uploads\/2021\/01\/Sem-titulo-2.png\" alt=\"\" class=\"wp-image-2138\" srcset=\"https:\/\/politiciando.com.br\/wp-content\/uploads\/2021\/01\/Sem-titulo-2.png 822w, https:\/\/politiciando.com.br\/wp-content\/uploads\/2021\/01\/Sem-titulo-2-300x169.png 300w, https:\/\/politiciando.com.br\/wp-content\/uploads\/2021\/01\/Sem-titulo-2-768x432.png 768w\" sizes=\"auto, (max-width: 822px) 100vw, 822px\" \/><\/figure>\n\n\n\n<p>Pazuello est\u00e1 protestando, quando devia estar agradecendo. \u00c9 inacredit\u00e1vel o que estamos vivendo no Brasil. Lamento, ministro, que o senhor, que devia estar grato \u00e0 Anvisa e a S\u00e3o Paulo, use o tempo para protestar contra isso. \u00c9 inacredit\u00e1vel uma situa\u00e7\u00e3o como essa. Aqui, lutamos pela vida. E Bras\u00edlia, luta pelo que? Jo\u00e3o Doria, governador de S\u00e3o Paulo<\/p>\n\n\n\n<p>O governador disse estar &#8220;at\u00f4nito&#8221; com as declara\u00e7\u00f5es do ministro. &#8220;Ele diz que as vacinas foram compradas com dinheiro do SUS, e n\u00e3o com dinheiro do governo de S\u00e3o Paulo. \u00c9 inacredit\u00e1vel como o ministro da Sa\u00fade, sem ser m\u00e9dico, um desastre completo, ainda mente. A vacina do Butantan s\u00f3 est\u00e1 em S\u00e3o Paulo e no Brasil porque foi investimento do governo do estado de S\u00e3o Paulo. N\u00e3o h\u00e1 nenhum centavo, nem para estudo, pesquisa, nada, do governo federal. Seja honesto, chega de mentiras&#8221;, falou o governador<\/p>\n\n\n\n<p>Em outro momento da entrevista, Doria rebateu a acusa\u00e7\u00e3o de que estaria dando um &#8220;golpe de marketing&#8221;. &#8220;O governo federal faz golpes de mortes h\u00e1 onze meses contra brasileiros, com negacionismo, cloroquina, falta de agulha e orienta\u00e7\u00e3o, frases lament\u00e1veis. S\u00e3o Paulo continuar\u00e1 a fazer o que lhe cabe, destinando vacinas que caber\u00e3o ao Minist\u00e9rio da Sa\u00fade. A vacina do Butantan \u00e9 a do Brasil, \u00e9 a \u00fanica que temos no pa\u00eds porque S\u00e3o Paulo fez. N\u00e3o foi o Minist\u00e9rio da Sa\u00fade, n\u00e3o foi o ministro Pazuello, n\u00e3o foi Bolsonaro. Foram cientistas do Butantan. O golpe de morte \u00e9 o que d\u00e1 Jair Bolsonaro, e a incompet\u00eancia do seu governo&#8221;, disse<\/p>\n\n\n\n<p>&#8216;Tenham humildade&#8217; O governador mandou um recado para Pazuello e Bolsonaro: &#8220;Sei que \u00e9 dif\u00edcil ao senhor [Pazuello] e a Jair Bolsonaro ter esse sentimento, mas tenham um pingo de humildade para reconhecer o esfor\u00e7o que S\u00e3o Paulo fez para oferecer a vacina para os brasileiros\u201d<\/p>\n\n\n\n<p>Em pronunciamento, Doria atacou o governo Bolsonaro. &#8220;&#8216;E da\u00ed?&#8217;, disse um brasileiro. &#8216;Pressa para qu\u00ea?&#8217;, disse outro brasileiro. &#8216;Toma cloroquina que passa&#8217;, afirmou um l\u00edder do pa\u00eds. &#8216;J\u00e1 fizemos tudo&#8217;, repetiu esse mesmo personagem. A vacina \u00e9 uma li\u00e7\u00e3o para voc\u00eas, autorit\u00e1rios, que desprezam a vida, que n\u00e3o t\u00eam compaix\u00e3o.&#8221; Em tom triunfalista, o governador celebrou o estado de S\u00e3o Paulo, citando uma mensagem recebida de Luiz Henrique Mandetta, ex-ministro da Sa\u00fade do governo Bolsonaro, e a Revolu\u00e7\u00e3o Constitucionalista de 1932.<\/p>\n\n\n\n<p>A CoronaVac \u00e9 uma aposta do governador de S\u00e3o Paulo. Ser\u00e1 produzida para uso no Brasil pelo Instituto Butantan, de S\u00e3o Paulo, com o laborat\u00f3rio chin\u00eas Sinovac. Al\u00e9m da CoronaVac, a Anvisa tamb\u00e9m aprovou o uso emergencial da vacina da Oxford\/AstraZeneca, com participa\u00e7\u00e3o da Fiocruz.<\/p>\n\n\n\n<figure class=\"wp-block-embed-twitter wp-block-embed is-type-rich is-provider-twitter\"><div class=\"wp-block-embed__wrapper\">\n<blockquote class=\"twitter-tweet\" data-width=\"550\" data-dnt=\"true\"><p lang=\"pt\" dir=\"ltr\">Dia hist\u00f3rico para ci\u00eancia brasileira. A Anvisa acaba de aprovar por maioria o uso emergencial da Vacina do Butantan. Vit\u00f3ria da ci\u00eancia. Vit\u00f3ria da vida. Vit\u00f3ria do Brasil. <a href=\"https:\/\/twitter.com\/hashtag\/VacinaJ%C3%A1?src=hash&amp;ref_src=twsrc%5Etfw\">#VacinaJ\u00e1<\/a> <a href=\"https:\/\/t.co\/DJiVmc00no\">pic.twitter.com\/DJiVmc00no<\/a><\/p>&mdash; Jo\u00e3o Doria (@jdoriajr) <a href=\"https:\/\/twitter.com\/jdoriajr\/status\/1350869338128076802?ref_src=twsrc%5Etfw\">January 17, 2021<\/a><\/blockquote><script async src=\"https:\/\/platform.twitter.com\/widgets.js\" charset=\"utf-8\"><\/script>\n<\/div><\/figure>\n\n\n\n<p>Por Uol<\/p>\n","protected":false},"excerpt":{"rendered":"<p>O governador de S\u00e3o Paulo, Jo\u00e3o Doria (PSDB), rebateu o ministro da Sa\u00fade, Eduardo Pazuello, que acusou o governador de<\/p>\n","protected":false},"author":1,"featured_media":2138,"comment_status":"open","ping_status":"open","sticky":false,"template":"","format":"standard","meta":{"colormag_page_container_layout":"default_layout","colormag_page_sidebar_layout":"default_layout","_monsterinsights_skip_tracking":false,"_monsterinsights_sitenote_active":false,"_monsterinsights_sitenote_note":"","_monsterinsights_sitenote_category":0,"_jetpack_memberships_contains_paid_content":false,"footnotes":""},"categories":[47],"tags":[384,382,932,484,574,934,653],"class_list":["post-2136","post","type-post","status-publish","format-standard","has-post-thumbnail","hentry","category-saude","tag-anvisa","tag-coronavac","tag-doria","tag-governador","tag-governo-federal","tag-morte","tag-pazuello"],"yoast_head":"<!-- This site is optimized with the Yoast SEO plugin v16.3 - https:\/\/yoast.com\/wordpress\/plugins\/seo\/ -->\n<title>Doria rebate Pazuello e diz que &#039;governo federal faz golpe de morte - Politiciando<\/title>\n<meta name=\"robots\" content=\"index, follow, max-snippet:-1, max-image-preview:large, max-video-preview:-1\" \/>\n<link rel=\"canonical\" href=\"https:\/\/politiciando.com.br\/?p=2136\" \/>\n<meta property=\"og:locale\" content=\"pt_BR\" \/>\n<meta property=\"og:type\" content=\"article\" \/>\n<meta property=\"og:title\" content=\"Doria rebate Pazuello e diz que &#039;governo federal faz golpe de morte - Politiciando\" \/>\n<meta property=\"og:description\" content=\"O governador de S\u00e3o Paulo, Jo\u00e3o Doria (PSDB), rebateu o ministro da Sa\u00fade, Eduardo Pazuello, que acusou o governador de\" \/>\n<meta property=\"og:url\" content=\"https:\/\/politiciando.com.br\/?p=2136\" \/>\n<meta property=\"og:site_name\" content=\"Politiciando\" \/>\n<meta property=\"article:publisher\" content=\"https:\/\/www.facebook.com\/Politician\" \/>\n<meta property=\"article:published_time\" content=\"2021-01-18T12:05:37+00:00\" \/>\n<meta property=\"article:modified_time\" content=\"2021-01-18T12:05:39+00:00\" \/>\n<meta property=\"og:image\" content=\"https:\/\/politiciando.com.br\/wp-content\/uploads\/2021\/01\/Sem-titulo-2.png\" \/>\n\t<meta property=\"og:image:width\" content=\"822\" \/>\n\t<meta property=\"og:image:height\" content=\"462\" \/>\n<meta name=\"twitter:card\" content=\"summary_large_image\" \/>\n<meta name=\"twitter:creator\" content=\"@politiciando\" \/>\n<meta name=\"twitter:site\" content=\"@politiciando\" \/>\n<meta name=\"twitter:label1\" content=\"Est. tempo de leitura\">\n\t<meta name=\"twitter:data1\" content=\"3 minutos\">\n<script type=\"application\/ld+json\" class=\"yoast-schema-graph\">{\"@context\":\"https:\/\/schema.org\",\"@graph\":[{\"@type\":\"WebSite\",\"@id\":\"https:\/\/politiciando.com.br\/#website\",\"url\":\"https:\/\/politiciando.com.br\/\",\"name\":\"Politiciando\",\"description\":\"A Not\\u00edcia como tem que ser!\",\"potentialAction\":[{\"@type\":\"SearchAction\",\"target\":\"https:\/\/politiciando.com.br\/?s={search_term_string}\",\"query-input\":\"required name=search_term_string\"}],\"inLanguage\":\"pt-BR\"},{\"@type\":\"ImageObject\",\"@id\":\"https:\/\/politiciando.com.br\/?p=2136#primaryimage\",\"inLanguage\":\"pt-BR\",\"url\":\"https:\/\/politiciando.com.br\/wp-content\/uploads\/2021\/01\/Sem-titulo-2.png\",\"contentUrl\":\"https:\/\/politiciando.com.br\/wp-content\/uploads\/2021\/01\/Sem-titulo-2.png\",\"width\":822,\"height\":462},{\"@type\":\"WebPage\",\"@id\":\"https:\/\/politiciando.com.br\/?p=2136#webpage\",\"url\":\"https:\/\/politiciando.com.br\/?p=2136\",\"name\":\"Doria rebate Pazuello e diz que 'governo federal faz golpe de morte - Politiciando\",\"isPartOf\":{\"@id\":\"https:\/\/politiciando.com.br\/#website\"},\"primaryImageOfPage\":{\"@id\":\"https:\/\/politiciando.com.br\/?p=2136#primaryimage\"},\"datePublished\":\"2021-01-18T12:05:37+00:00\",\"dateModified\":\"2021-01-18T12:05:39+00:00\",\"author\":{\"@id\":\"https:\/\/politiciando.com.br\/#\/schema\/person\/be8395b998f06b83e7b3a1d9567ff61b\"},\"breadcrumb\":{\"@id\":\"https:\/\/politiciando.com.br\/?p=2136#breadcrumb\"},\"inLanguage\":\"pt-BR\",\"potentialAction\":[{\"@type\":\"ReadAction\",\"target\":[\"https:\/\/politiciando.com.br\/?p=2136\"]}]},{\"@type\":\"BreadcrumbList\",\"@id\":\"https:\/\/politiciando.com.br\/?p=2136#breadcrumb\",\"itemListElement\":[{\"@type\":\"ListItem\",\"position\":1,\"item\":{\"@type\":\"WebPage\",\"@id\":\"https:\/\/politiciando.com.br\/\",\"url\":\"https:\/\/politiciando.com.br\/\",\"name\":\"Home\"}},{\"@type\":\"ListItem\",\"position\":2,\"item\":{\"@id\":\"https:\/\/politiciando.com.br\/?p=2136#webpage\"}}]},{\"@type\":\"Person\",\"@id\":\"https:\/\/politiciando.com.br\/#\/schema\/person\/be8395b998f06b83e7b3a1d9567ff61b\",\"name\":\"redacaopoliticiando\",\"image\":{\"@type\":\"ImageObject\",\"@id\":\"https:\/\/politiciando.com.br\/#personlogo\",\"inLanguage\":\"pt-BR\",\"url\":\"https:\/\/secure.gravatar.com\/avatar\/6cfd6b7f4d5132d5b42f746a58e576a9ab04eae227797efa7fdd7a4aeb90ca9c?s=96&d=mm&r=g\",\"contentUrl\":\"https:\/\/secure.gravatar.com\/avatar\/6cfd6b7f4d5132d5b42f746a58e576a9ab04eae227797efa7fdd7a4aeb90ca9c?s=96&d=mm&r=g\",\"caption\":\"redacaopoliticiando\"},\"sameAs\":[\"https:\/\/politiciando.com.br\"],\"url\":\"https:\/\/politiciando.com.br\/?author=1\"}]}<\/script>\n<!-- \/ Yoast SEO plugin. -->","jetpack_featured_media_url":"https:\/\/politiciando.com.br\/wp-content\/uploads\/2021\/01\/Sem-titulo-2.png","jetpack_sharing_enabled":true,"_links":{"self":[{"href":"https:\/\/politiciando.com.br\/index.php?rest_route=\/wp\/v2\/posts\/2136","targetHints":{"allow":["GET"]}}],"collection":[{"href":"https:\/\/politiciando.com.br\/index.php?rest_route=\/wp\/v2\/posts"}],"about":[{"href":"https:\/\/politiciando.com.br\/index.php?rest_route=\/wp\/v2\/types\/post"}],"author":[{"embeddable":true,"href":"https:\/\/politiciando.com.br\/index.php?rest_route=\/wp\/v2\/users\/1"}],"replies":[{"embeddable":true,"href":"https:\/\/politiciando.com.br\/index.php?rest_route=%2Fwp%2Fv2%2Fcomments&post=2136"}],"version-history":[{"count":1,"href":"https:\/\/politiciando.com.br\/index.php?rest_route=\/wp\/v2\/posts\/2136\/revisions"}],"predecessor-version":[{"id":2139,"href":"https:\/\/politiciando.com.br\/index.php?rest_route=\/wp\/v2\/posts\/2136\/revisions\/2139"}],"wp:featuredmedia":[{"embeddable":true,"href":"https:\/\/politiciando.com.br\/index.php?rest_route=\/wp\/v2\/media\/2138"}],"wp:attachment":[{"href":"https:\/\/politiciando.com.br\/index.php?rest_route=%2Fwp%2Fv2%2Fmedia&parent=2136"}],"wp:term":[{"taxonomy":"category","embeddable":true,"href":"https:\/\/politiciando.com.br\/index.php?rest_route=%2Fwp%2Fv2%2Fcategories&post=2136"},{"taxonomy":"post_tag","embeddable":true,"href":"https:\/\/politiciando.com.br\/index.php?rest_route=%2Fwp%2Fv2%2Ftags&post=2136"}],"curies":[{"name":"wp","href":"https:\/\/api.w.org\/{rel}","templated":true}]}}