{"id":2141,"date":"2021-01-18T19:23:10","date_gmt":"2021-01-18T22:23:10","guid":{"rendered":"https:\/\/politiciando.com.br\/?p=2141"},"modified":"2021-01-18T19:27:23","modified_gmt":"2021-01-18T22:27:23","slug":"joao-azevedo-explica-eficacia-da-vacina-contra-covid-19","status":"publish","type":"post","link":"https:\/\/politiciando.com.br\/?p=2141","title":{"rendered":"Jo\u00e3o  Azev\u00eado explica efic\u00e1cia da vacina contra Covid-19"},"content":{"rendered":"\n<p>Em v\u00eddeo divulgado nas redes sociais nesta segunda-feira (18), O governador Jo\u00e3o Azev\u00eado falou sobre a efic\u00e1cia da vacina para Covid-19.<\/p>\n\n\n\n<figure class=\"wp-block-image size-large\"><img loading=\"lazy\" decoding=\"async\" width=\"828\" height=\"461\" src=\"https:\/\/politiciando.com.br\/wp-content\/uploads\/2021\/01\/19B1A8F4-0ED3-483D-A124-15CFFD4D910A.jpeg\" alt=\"\" class=\"wp-image-2143\" srcset=\"https:\/\/politiciando.com.br\/wp-content\/uploads\/2021\/01\/19B1A8F4-0ED3-483D-A124-15CFFD4D910A.jpeg 828w, https:\/\/politiciando.com.br\/wp-content\/uploads\/2021\/01\/19B1A8F4-0ED3-483D-A124-15CFFD4D910A-300x167.jpeg 300w, https:\/\/politiciando.com.br\/wp-content\/uploads\/2021\/01\/19B1A8F4-0ED3-483D-A124-15CFFD4D910A-768x428.jpeg 768w, https:\/\/politiciando.com.br\/wp-content\/uploads\/2021\/01\/19B1A8F4-0ED3-483D-A124-15CFFD4D910A-800x445.jpeg 800w\" sizes=\"auto, (max-width: 828px) 100vw, 828px\" \/><\/figure>\n\n\n\n<p>&#8220;N\u00e3o v\u00e1 na conversa de meia d\u00fazia de mentirosos que est\u00e3o por a\u00ed, espalhando fake news, querendo atrapalhar um processo como esse&#8221;, disse o governador.<\/p>\n\n\n\n<figure class=\"wp-block-video\"><video height=\"828\" style=\"aspect-ratio: 828 \/ 828;\" width=\"828\" controls src=\"https:\/\/politiciando.com.br\/wp-content\/uploads\/2021\/01\/FullSizeRender.mov\"><\/video><figcaption>assista ao V\u00eddeo <\/figcaption><\/figure>\n","protected":false},"excerpt":{"rendered":"<p>Em v\u00eddeo divulgado nas redes sociais nesta segunda-feira (18), O governador Jo\u00e3o Azev\u00eado falou sobre a efic\u00e1cia da vacina para<\/p>\n","protected":false},"author":1,"featured_media":2143,"comment_status":"open","ping_status":"open","sticky":false,"template":"","format":"standard","meta":{"colormag_page_container_layout":"default_layout","colormag_page_sidebar_layout":"default_layout","_monsterinsights_skip_tracking":false,"_monsterinsights_sitenote_active":false,"_monsterinsights_sitenote_note":"","_monsterinsights_sitenote_category":0,"_jetpack_memberships_contains_paid_content":false,"footnotes":""},"categories":[47],"tags":[154,532],"class_list":["post-2141","post","type-post","status-publish","format-standard","has-post-thumbnail","hentry","category-saude","tag-covid","tag-vacina-2"],"yoast_head":"<!-- This site is optimized with the Yoast SEO plugin v16.3 - https:\/\/yoast.com\/wordpress\/plugins\/seo\/ -->\n<title>Jo\u00e3o Azev\u00eado explica efic\u00e1cia da vacina contra Covid-19 - Politiciando<\/title>\n<meta name=\"robots\" content=\"index, follow, max-snippet:-1, max-image-preview:large, max-video-preview:-1\" \/>\n<link rel=\"canonical\" href=\"https:\/\/politiciando.com.br\/?p=2141\" \/>\n<meta property=\"og:locale\" content=\"pt_BR\" \/>\n<meta property=\"og:type\" content=\"article\" \/>\n<meta property=\"og:title\" content=\"Jo\u00e3o Azev\u00eado explica efic\u00e1cia da vacina contra Covid-19 - Politiciando\" \/>\n<meta property=\"og:description\" content=\"Em v\u00eddeo divulgado nas redes sociais nesta segunda-feira (18), O governador Jo\u00e3o Azev\u00eado falou sobre a efic\u00e1cia da vacina para\" \/>\n<meta property=\"og:url\" content=\"https:\/\/politiciando.com.br\/?p=2141\" \/>\n<meta property=\"og:site_name\" content=\"Politiciando\" \/>\n<meta property=\"article:publisher\" content=\"https:\/\/www.facebook.com\/Politician\" \/>\n<meta property=\"article:published_time\" content=\"2021-01-18T22:23:10+00:00\" \/>\n<meta property=\"article:modified_time\" content=\"2021-01-18T22:27:23+00:00\" \/>\n<meta property=\"og:image\" content=\"https:\/\/politiciando.com.br\/wp-content\/uploads\/2021\/01\/19B1A8F4-0ED3-483D-A124-15CFFD4D910A.jpeg\" \/>\n\t<meta property=\"og:image:width\" content=\"828\" \/>\n\t<meta property=\"og:image:height\" content=\"461\" \/>\n<meta name=\"twitter:card\" content=\"summary_large_image\" \/>\n<meta name=\"twitter:creator\" content=\"@politiciando\" \/>\n<meta name=\"twitter:site\" content=\"@politiciando\" \/>\n<script type=\"application\/ld+json\" class=\"yoast-schema-graph\">{\"@context\":\"https:\/\/schema.org\",\"@graph\":[{\"@type\":\"WebSite\",\"@id\":\"https:\/\/politiciando.com.br\/#website\",\"url\":\"https:\/\/politiciando.com.br\/\",\"name\":\"Politiciando\",\"description\":\"A Not\\u00edcia como tem que ser!\",\"potentialAction\":[{\"@type\":\"SearchAction\",\"target\":\"https:\/\/politiciando.com.br\/?s={search_term_string}\",\"query-input\":\"required name=search_term_string\"}],\"inLanguage\":\"pt-BR\"},{\"@type\":\"ImageObject\",\"@id\":\"https:\/\/politiciando.com.br\/?p=2141#primaryimage\",\"inLanguage\":\"pt-BR\",\"url\":\"https:\/\/politiciando.com.br\/wp-content\/uploads\/2021\/01\/19B1A8F4-0ED3-483D-A124-15CFFD4D910A.jpeg\",\"contentUrl\":\"https:\/\/politiciando.com.br\/wp-content\/uploads\/2021\/01\/19B1A8F4-0ED3-483D-A124-15CFFD4D910A.jpeg\",\"width\":828,\"height\":461},{\"@type\":\"WebPage\",\"@id\":\"https:\/\/politiciando.com.br\/?p=2141#webpage\",\"url\":\"https:\/\/politiciando.com.br\/?p=2141\",\"name\":\"Jo\\u00e3o Azev\\u00eado explica efic\\u00e1cia da vacina contra Covid-19 - Politiciando\",\"isPartOf\":{\"@id\":\"https:\/\/politiciando.com.br\/#website\"},\"primaryImageOfPage\":{\"@id\":\"https:\/\/politiciando.com.br\/?p=2141#primaryimage\"},\"datePublished\":\"2021-01-18T22:23:10+00:00\",\"dateModified\":\"2021-01-18T22:27:23+00:00\",\"author\":{\"@id\":\"https:\/\/politiciando.com.br\/#\/schema\/person\/be8395b998f06b83e7b3a1d9567ff61b\"},\"breadcrumb\":{\"@id\":\"https:\/\/politiciando.com.br\/?p=2141#breadcrumb\"},\"inLanguage\":\"pt-BR\",\"potentialAction\":[{\"@type\":\"ReadAction\",\"target\":[\"https:\/\/politiciando.com.br\/?p=2141\"]}]},{\"@type\":\"BreadcrumbList\",\"@id\":\"https:\/\/politiciando.com.br\/?p=2141#breadcrumb\",\"itemListElement\":[{\"@type\":\"ListItem\",\"position\":1,\"item\":{\"@type\":\"WebPage\",\"@id\":\"https:\/\/politiciando.com.br\/\",\"url\":\"https:\/\/politiciando.com.br\/\",\"name\":\"Home\"}},{\"@type\":\"ListItem\",\"position\":2,\"item\":{\"@id\":\"https:\/\/politiciando.com.br\/?p=2141#webpage\"}}]},{\"@type\":\"Person\",\"@id\":\"https:\/\/politiciando.com.br\/#\/schema\/person\/be8395b998f06b83e7b3a1d9567ff61b\",\"name\":\"redacaopoliticiando\",\"image\":{\"@type\":\"ImageObject\",\"@id\":\"https:\/\/politiciando.com.br\/#personlogo\",\"inLanguage\":\"pt-BR\",\"url\":\"https:\/\/secure.gravatar.com\/avatar\/6cfd6b7f4d5132d5b42f746a58e576a9ab04eae227797efa7fdd7a4aeb90ca9c?s=96&d=mm&r=g\",\"contentUrl\":\"https:\/\/secure.gravatar.com\/avatar\/6cfd6b7f4d5132d5b42f746a58e576a9ab04eae227797efa7fdd7a4aeb90ca9c?s=96&d=mm&r=g\",\"caption\":\"redacaopoliticiando\"},\"sameAs\":[\"https:\/\/politiciando.com.br\"],\"url\":\"https:\/\/politiciando.com.br\/?author=1\"}]}<\/script>\n<!-- \/ Yoast SEO plugin. -->","jetpack_featured_media_url":"https:\/\/politiciando.com.br\/wp-content\/uploads\/2021\/01\/19B1A8F4-0ED3-483D-A124-15CFFD4D910A.jpeg","jetpack_sharing_enabled":true,"_links":{"self":[{"href":"https:\/\/politiciando.com.br\/index.php?rest_route=\/wp\/v2\/posts\/2141","targetHints":{"allow":["GET"]}}],"collection":[{"href":"https:\/\/politiciando.com.br\/index.php?rest_route=\/wp\/v2\/posts"}],"about":[{"href":"https:\/\/politiciando.com.br\/index.php?rest_route=\/wp\/v2\/types\/post"}],"author":[{"embeddable":true,"href":"https:\/\/politiciando.com.br\/index.php?rest_route=\/wp\/v2\/users\/1"}],"replies":[{"embeddable":true,"href":"https:\/\/politiciando.com.br\/index.php?rest_route=%2Fwp%2Fv2%2Fcomments&post=2141"}],"version-history":[{"count":2,"href":"https:\/\/politiciando.com.br\/index.php?rest_route=\/wp\/v2\/posts\/2141\/revisions"}],"predecessor-version":[{"id":2145,"href":"https:\/\/politiciando.com.br\/index.php?rest_route=\/wp\/v2\/posts\/2141\/revisions\/2145"}],"wp:featuredmedia":[{"embeddable":true,"href":"https:\/\/politiciando.com.br\/index.php?rest_route=\/wp\/v2\/media\/2143"}],"wp:attachment":[{"href":"https:\/\/politiciando.com.br\/index.php?rest_route=%2Fwp%2Fv2%2Fmedia&parent=2141"}],"wp:term":[{"taxonomy":"category","embeddable":true,"href":"https:\/\/politiciando.com.br\/index.php?rest_route=%2Fwp%2Fv2%2Fcategories&post=2141"},{"taxonomy":"post_tag","embeddable":true,"href":"https:\/\/politiciando.com.br\/index.php?rest_route=%2Fwp%2Fv2%2Ftags&post=2141"}],"curies":[{"name":"wp","href":"https:\/\/api.w.org\/{rel}","templated":true}]}}