{"id":2146,"date":"2021-01-18T23:04:22","date_gmt":"2021-01-19T02:04:22","guid":{"rendered":"https:\/\/politiciando.com.br\/?p=2146"},"modified":"2021-01-19T06:46:26","modified_gmt":"2021-01-19T09:46:26","slug":"petrobras-confirma-reajuste-de-r-015-no-preco-do-litro-da-gasolina","status":"publish","type":"post","link":"https:\/\/politiciando.com.br\/?p=2146","title":{"rendered":"Petrobras confirma reajuste de R$ 0,15 no pre\u00e7o do litro da gasolina"},"content":{"rendered":"\n<p>A Petrobras confirmou que, a partir de hoje, reajustar\u00e1 o pre\u00e7o m\u00e9dio da gasolina, nas refinarias, em R$ 0,15. Segundo a companhia, o derivado passar\u00e1 a ser vendido pela companhia a R$1,98 por litro.<\/p>\n\n\n\n<figure class=\"wp-block-image size-large\"><img loading=\"lazy\" decoding=\"async\" width=\"828\" height=\"553\" src=\"https:\/\/politiciando.com.br\/wp-content\/uploads\/2021\/01\/389D64D7-4455-42DC-BE00-3B878081FCF7.jpeg\" alt=\"\" class=\"wp-image-2147\" srcset=\"https:\/\/politiciando.com.br\/wp-content\/uploads\/2021\/01\/389D64D7-4455-42DC-BE00-3B878081FCF7.jpeg 828w, https:\/\/politiciando.com.br\/wp-content\/uploads\/2021\/01\/389D64D7-4455-42DC-BE00-3B878081FCF7-300x200.jpeg 300w, https:\/\/politiciando.com.br\/wp-content\/uploads\/2021\/01\/389D64D7-4455-42DC-BE00-3B878081FCF7-768x513.jpeg 768w\" sizes=\"auto, (max-width: 828px) 100vw, 828px\" \/><figcaption>\u2014 Foto: Getty Images<\/figcaption><\/figure>\n\n\n\n<p>A estatal destacou, em nota, que seus pre\u00e7os t\u00eam como refer\u00eancia os pre\u00e7os de paridade de importa\u00e7\u00e3o (PPI) e, dessa forma, acompanham as varia\u00e7\u00f5es do valor do produto no mercado internacional e da taxa de c\u00e2mbio, para cima e para baixo.&nbsp;<\/p>\n\n\n\n<p>A empresa citou que, em 2020, o pre\u00e7o m\u00e9dio da gasolina comercializada pela companhia atingiu m\u00ednimo de R$ 0,91 por litro e que, segundo dados do Global Petrol Prices, de 11 de janeiro, o pre\u00e7o m\u00e9dio ao consumidor de gasolina no Brasil era o 52\u00ba mais barato dentre 165 pesquisados, estando 21,6% abaixo da m\u00e9dia de US$ 1,05 por litro.<\/p>\n\n\n\n<p>Importante ressaltar tamb\u00e9m que o pre\u00e7o da gasolina vendida na bomba do posto revendedor \u00e9 diferente do valor cobrado nas refinarias pela Petrobras. At\u00e9 chegar ao consumidor s\u00e3o acrescidos tributos federais e estaduais, custos para aquisi\u00e7\u00e3o e mistura obrigat\u00f3ria de biocombust\u00edveis pelas distribuidoras, al\u00e9m das margens brutas das companhias distribuidoras e dos pr\u00f3prios postos revendedores de combust\u00edveis\u201d, destacou, em nota.<\/p>\n\n\n\n<p>Este \u00e9 o primeiro ajuste nos pre\u00e7os da empresa no ano e ocorre em meio \u00e0 valoriza\u00e7\u00e3o do petr\u00f3leo no mercado internacional.&nbsp;<\/p>\n\n\n\n<p>O \u00faltimo reajuste da Petrobras ocorreu h\u00e1 praticamente tr\u00eas semanas, no dia 29 de dezembro de 2020. Na ocasi\u00e3o, a petroleira havia anunciado um aumento de 4% no diesel e de 5% na gasolina. Desde ent\u00e3o, o barril do tipo Brent, refer\u00eancia internacional, acumula uma alta da ordem de 8%.<\/p>\n\n\n\n<p>O reajuste se d\u00e1 em meio a queixa de concorrentes de que a Petrobras vinha praticando pre\u00e7os abaixo da paridade internacional. A Associa\u00e7\u00e3o Brasileira dos Importadores de Combust\u00edveis (Abicom) chegou a enviar um of\u00edcio, este m\u00eas, ao Conselho Administrativo de Defesa Econ\u00f4mica (Cade), alertando o \u00f3rg\u00e3o antitruste para pr\u00e1ticas de \u201cpre\u00e7os predat\u00f3rios\u201d por parte da estatal.&nbsp;<\/p>\n\n\n\n<h2 class=\"wp-block-heading\">Mais caros nos postos<\/h2>\n\n\n\n<p>O pre\u00e7o do combust\u00edvel f\u00f3ssil adquirido pelos motoristas e de seu competidor renov\u00e1vel, o etanol hidratado, dever\u00e1 subir quase 5%, nas contas da consultoria FG\/A.<\/p>\n\n\n\n<p>fonte: valor <\/p>\n","protected":false},"excerpt":{"rendered":"<p>A Petrobras confirmou que, a partir de hoje, reajustar\u00e1 o pre\u00e7o m\u00e9dio da gasolina, nas refinarias, em R$ 0,15. Segundo<\/p>\n","protected":false},"author":1,"featured_media":2147,"comment_status":"open","ping_status":"open","sticky":false,"template":"","format":"standard","meta":{"colormag_page_container_layout":"default_layout","colormag_page_sidebar_layout":"default_layout","_monsterinsights_skip_tracking":false,"_monsterinsights_sitenote_active":false,"_monsterinsights_sitenote_note":"","_monsterinsights_sitenote_category":0,"_jetpack_memberships_contains_paid_content":false,"footnotes":""},"categories":[1],"tags":[631,935,936],"class_list":["post-2146","post","type-post","status-publish","format-standard","has-post-thumbnail","hentry","category-economia","tag-aumento","tag-gasolina","tag-petrobras"],"yoast_head":"<!-- This site is optimized with the Yoast SEO plugin v16.3 - https:\/\/yoast.com\/wordpress\/plugins\/seo\/ -->\n<title>Petrobras confirma reajuste de R$ 0,15 no pre\u00e7o do litro da gasolina - Politiciando<\/title>\n<meta name=\"robots\" content=\"index, follow, max-snippet:-1, max-image-preview:large, max-video-preview:-1\" \/>\n<link rel=\"canonical\" href=\"https:\/\/politiciando.com.br\/?p=2146\" \/>\n<meta property=\"og:locale\" content=\"pt_BR\" \/>\n<meta property=\"og:type\" content=\"article\" \/>\n<meta property=\"og:title\" content=\"Petrobras confirma reajuste de R$ 0,15 no pre\u00e7o do litro da gasolina - Politiciando\" \/>\n<meta property=\"og:description\" content=\"A Petrobras confirmou que, a partir de hoje, reajustar\u00e1 o pre\u00e7o m\u00e9dio da gasolina, nas refinarias, em R$ 0,15. Segundo\" \/>\n<meta property=\"og:url\" content=\"https:\/\/politiciando.com.br\/?p=2146\" \/>\n<meta property=\"og:site_name\" content=\"Politiciando\" \/>\n<meta property=\"article:publisher\" content=\"https:\/\/www.facebook.com\/Politician\" \/>\n<meta property=\"article:published_time\" content=\"2021-01-19T02:04:22+00:00\" \/>\n<meta property=\"article:modified_time\" content=\"2021-01-19T09:46:26+00:00\" \/>\n<meta property=\"og:image\" content=\"https:\/\/politiciando.com.br\/wp-content\/uploads\/2021\/01\/389D64D7-4455-42DC-BE00-3B878081FCF7.jpeg\" \/>\n\t<meta property=\"og:image:width\" content=\"828\" \/>\n\t<meta property=\"og:image:height\" content=\"553\" \/>\n<meta name=\"twitter:card\" content=\"summary_large_image\" \/>\n<meta name=\"twitter:creator\" content=\"@politiciando\" \/>\n<meta name=\"twitter:site\" content=\"@politiciando\" \/>\n<meta name=\"twitter:label1\" content=\"Est. tempo de leitura\">\n\t<meta name=\"twitter:data1\" content=\"2 minutos\">\n<script type=\"application\/ld+json\" class=\"yoast-schema-graph\">{\"@context\":\"https:\/\/schema.org\",\"@graph\":[{\"@type\":\"WebSite\",\"@id\":\"https:\/\/politiciando.com.br\/#website\",\"url\":\"https:\/\/politiciando.com.br\/\",\"name\":\"Politiciando\",\"description\":\"A Not\\u00edcia como tem que ser!\",\"potentialAction\":[{\"@type\":\"SearchAction\",\"target\":\"https:\/\/politiciando.com.br\/?s={search_term_string}\",\"query-input\":\"required name=search_term_string\"}],\"inLanguage\":\"pt-BR\"},{\"@type\":\"ImageObject\",\"@id\":\"https:\/\/politiciando.com.br\/?p=2146#primaryimage\",\"inLanguage\":\"pt-BR\",\"url\":\"https:\/\/politiciando.com.br\/wp-content\/uploads\/2021\/01\/389D64D7-4455-42DC-BE00-3B878081FCF7.jpeg\",\"contentUrl\":\"https:\/\/politiciando.com.br\/wp-content\/uploads\/2021\/01\/389D64D7-4455-42DC-BE00-3B878081FCF7.jpeg\",\"width\":828,\"height\":553},{\"@type\":\"WebPage\",\"@id\":\"https:\/\/politiciando.com.br\/?p=2146#webpage\",\"url\":\"https:\/\/politiciando.com.br\/?p=2146\",\"name\":\"Petrobras confirma reajuste de R$ 0,15 no pre\\u00e7o do litro da gasolina - Politiciando\",\"isPartOf\":{\"@id\":\"https:\/\/politiciando.com.br\/#website\"},\"primaryImageOfPage\":{\"@id\":\"https:\/\/politiciando.com.br\/?p=2146#primaryimage\"},\"datePublished\":\"2021-01-19T02:04:22+00:00\",\"dateModified\":\"2021-01-19T09:46:26+00:00\",\"author\":{\"@id\":\"https:\/\/politiciando.com.br\/#\/schema\/person\/be8395b998f06b83e7b3a1d9567ff61b\"},\"breadcrumb\":{\"@id\":\"https:\/\/politiciando.com.br\/?p=2146#breadcrumb\"},\"inLanguage\":\"pt-BR\",\"potentialAction\":[{\"@type\":\"ReadAction\",\"target\":[\"https:\/\/politiciando.com.br\/?p=2146\"]}]},{\"@type\":\"BreadcrumbList\",\"@id\":\"https:\/\/politiciando.com.br\/?p=2146#breadcrumb\",\"itemListElement\":[{\"@type\":\"ListItem\",\"position\":1,\"item\":{\"@type\":\"WebPage\",\"@id\":\"https:\/\/politiciando.com.br\/\",\"url\":\"https:\/\/politiciando.com.br\/\",\"name\":\"Home\"}},{\"@type\":\"ListItem\",\"position\":2,\"item\":{\"@id\":\"https:\/\/politiciando.com.br\/?p=2146#webpage\"}}]},{\"@type\":\"Person\",\"@id\":\"https:\/\/politiciando.com.br\/#\/schema\/person\/be8395b998f06b83e7b3a1d9567ff61b\",\"name\":\"redacaopoliticiando\",\"image\":{\"@type\":\"ImageObject\",\"@id\":\"https:\/\/politiciando.com.br\/#personlogo\",\"inLanguage\":\"pt-BR\",\"url\":\"https:\/\/secure.gravatar.com\/avatar\/6cfd6b7f4d5132d5b42f746a58e576a9ab04eae227797efa7fdd7a4aeb90ca9c?s=96&d=mm&r=g\",\"contentUrl\":\"https:\/\/secure.gravatar.com\/avatar\/6cfd6b7f4d5132d5b42f746a58e576a9ab04eae227797efa7fdd7a4aeb90ca9c?s=96&d=mm&r=g\",\"caption\":\"redacaopoliticiando\"},\"sameAs\":[\"https:\/\/politiciando.com.br\"],\"url\":\"https:\/\/politiciando.com.br\/?author=1\"}]}<\/script>\n<!-- \/ Yoast SEO plugin. -->","jetpack_featured_media_url":"https:\/\/politiciando.com.br\/wp-content\/uploads\/2021\/01\/389D64D7-4455-42DC-BE00-3B878081FCF7.jpeg","jetpack_sharing_enabled":true,"_links":{"self":[{"href":"https:\/\/politiciando.com.br\/index.php?rest_route=\/wp\/v2\/posts\/2146","targetHints":{"allow":["GET"]}}],"collection":[{"href":"https:\/\/politiciando.com.br\/index.php?rest_route=\/wp\/v2\/posts"}],"about":[{"href":"https:\/\/politiciando.com.br\/index.php?rest_route=\/wp\/v2\/types\/post"}],"author":[{"embeddable":true,"href":"https:\/\/politiciando.com.br\/index.php?rest_route=\/wp\/v2\/users\/1"}],"replies":[{"embeddable":true,"href":"https:\/\/politiciando.com.br\/index.php?rest_route=%2Fwp%2Fv2%2Fcomments&post=2146"}],"version-history":[{"count":2,"href":"https:\/\/politiciando.com.br\/index.php?rest_route=\/wp\/v2\/posts\/2146\/revisions"}],"predecessor-version":[{"id":2154,"href":"https:\/\/politiciando.com.br\/index.php?rest_route=\/wp\/v2\/posts\/2146\/revisions\/2154"}],"wp:featuredmedia":[{"embeddable":true,"href":"https:\/\/politiciando.com.br\/index.php?rest_route=\/wp\/v2\/media\/2147"}],"wp:attachment":[{"href":"https:\/\/politiciando.com.br\/index.php?rest_route=%2Fwp%2Fv2%2Fmedia&parent=2146"}],"wp:term":[{"taxonomy":"category","embeddable":true,"href":"https:\/\/politiciando.com.br\/index.php?rest_route=%2Fwp%2Fv2%2Fcategories&post=2146"},{"taxonomy":"post_tag","embeddable":true,"href":"https:\/\/politiciando.com.br\/index.php?rest_route=%2Fwp%2Fv2%2Ftags&post=2146"}],"curies":[{"name":"wp","href":"https:\/\/api.w.org\/{rel}","templated":true}]}}