{"id":2332,"date":"2021-02-03T08:51:13","date_gmt":"2021-02-03T11:51:13","guid":{"rendered":"https:\/\/politiciando.com.br\/?p=2332"},"modified":"2021-02-03T08:51:14","modified_gmt":"2021-02-03T11:51:14","slug":"vacinas-contra-covid-imunizacao-em-massa-ja-aponta-queda-de-infeccoes-e-internacoes-em-israel","status":"publish","type":"post","link":"https:\/\/politiciando.com.br\/?p=2332","title":{"rendered":"Vacinas contra covid: imuniza\u00e7\u00e3o em massa j\u00e1 aponta queda de infec\u00e7\u00f5es e interna\u00e7\u00f5es em Israel"},"content":{"rendered":"\n<p><strong>O programa de vacina\u00e7\u00e3o de Israel est\u00e1 mostrando sinais positivos na redu\u00e7\u00e3o de infec\u00e7\u00f5es por covid-19 e no total de hospitaliza\u00e7\u00f5es pela doen\u00e7a na faixa et\u00e1ria acima dos 60 anos.<\/strong><\/p>\n\n\n\n<figure class=\"wp-block-image size-large\"><img loading=\"lazy\" decoding=\"async\" width=\"800\" height=\"450\" src=\"https:\/\/politiciando.com.br\/wp-content\/uploads\/2021\/02\/116764389_gettyimages-1230911878.jpg\" alt=\"\" class=\"wp-image-2333\" srcset=\"https:\/\/politiciando.com.br\/wp-content\/uploads\/2021\/02\/116764389_gettyimages-1230911878.jpg 800w, https:\/\/politiciando.com.br\/wp-content\/uploads\/2021\/02\/116764389_gettyimages-1230911878-300x169.jpg 300w, https:\/\/politiciando.com.br\/wp-content\/uploads\/2021\/02\/116764389_gettyimages-1230911878-768x432.jpg 768w\" sizes=\"auto, (max-width: 800px) 100vw, 800px\" \/><\/figure>\n\n\n\n<p>A queda parece ser mais vis\u00edvel em pessoas mais velhas e nas \u00e1reas onde houve maior avan\u00e7o da imuniza\u00e7\u00e3o.<\/p>\n\n\n\n<p>Isso sugere que a vacina est\u00e1 surtindo efeito na sa\u00fade coletiva, e n\u00e3o somente o atual lockdown imposto no pa\u00eds, que reduz o contato entre as pessoas e, por consequ\u00eancia, o n\u00famero de cont\u00e1gios.<\/p>\n\n\n\n<p>Os n\u00fameros do Minist\u00e9rio da Sa\u00fade de Israel mostram que apenas 531 maiores de 60 anos dos quase 750 mil vacinados tiveram resultado positivo para coronav\u00edrus (0,07% do total) depois de receberem as doses da vacina, mas com sintomas leves.<\/p>\n\n\n\n<p>Outras 38 pessoas foram hospitalizadas com sintomas moderados, graves ou cr\u00edticos da doen\u00e7a \u2014 uma propor\u00e7\u00e3o \u00ednfima.]<\/p>\n\n\n\n<p>O Minist\u00e9rio da Sa\u00fade avaliou os prontu\u00e1rios m\u00e9dicos de quase 1 milh\u00e3o de pessoas no total \u2014 743.845 das quais tinham mais de 60 anos \u2014 at\u00e9 pelo menos sete dias ap\u00f3s terem recebido uma segunda dose da vacina.<\/p>\n\n\n\n<p>Houve tr\u00eas mortes em vacinados com mais de 60 anos, mas \u00e9 imposs\u00edvel de determinar se eles contra\u00edram a doen\u00e7a antes de receberem o imunizante ou antes que sua imunidade tivesse tempo de se desenvolver ap\u00f3s a vacina.<\/p>\n\n\n\n<p>Antes que a vacina tivesse tempo de fazer efeito, mais de 7.000 infec\u00e7\u00f5es foram registradas, pouco menos de 700 casos de doen\u00e7a moderada a cr\u00edtica e 307 mortes.<\/p>\n\n\n\n<p>Os dados do Minist\u00e9rio da Sa\u00fade sugerem que as infec\u00e7\u00f5es ca\u00edram consistentemente de 14 dias ap\u00f3s o recebimento da primeira inje\u00e7\u00e3o em diante.<\/p>\n\n\n\n<p>Embora a maior queda observada tenha sido em pessoas sete dias depois da segunda dose da vacina, isso n\u00e3o pode ser usado como evid\u00eancia a favor ou contra a estrat\u00e9gia de locais que decidiram adiar a segunda dose.<\/p>\n\n\n\n<p>Israel tem consistentemente dado \u00e0s pessoas duas doses da vacina com n\u00e3o mais do que tr\u00eas semanas de intervalo, mas n\u00e3o se espera que a primeira dose forne\u00e7a prote\u00e7\u00e3o por pelo menos duas semanas depois da inje\u00e7\u00e3o.<\/p>\n\n\n\n<p>Portanto, n\u00e3o \u00e9 poss\u00edvel, olhando para esses dados, desvendar o impacto da segunda dose.<\/p>\n\n\n\n<p>A primeira dose leva mais tempo para mostrar qualquer efeito, pois prepara o sistema imunol\u00f3gico para come\u00e7ar a reconhecer e combater o v\u00edrus.<\/p>\n\n\n\n<p>Israel distribuiu 5 milh\u00f5es de doses da vacina para uma popula\u00e7\u00e3o de cerca de 9 milh\u00f5es de pessoas \u2014 e cerca de 1 milh\u00e3o de pessoas receberam duas doses.<\/p>\n\n\n\n<p>A pesquisa ainda n\u00e3o definiu se a vacina impede completamente as pessoas de transportar e transmitir o v\u00edrus.<\/p>\n\n\n\n<p>Portanto, por enquanto, embora muitas pessoas permane\u00e7am n\u00e3o vacinadas, aqueles que receberam a vacina ainda est\u00e3o sendo instru\u00eddos a manter o distanciamento social e usar m\u00e1scaras de prote\u00e7\u00e3o.<\/p>\n\n\n\n<p><strong>O lockdown \u00e9 um fator<\/strong><strong>&nbsp;relevante para esses n\u00fameros<\/strong><strong>?<\/strong><\/p>\n\n\n\n<p>Os dados do Minist\u00e9rio da Sa\u00fade apenas analisaram infec\u00e7\u00f5es e doen\u00e7as em pessoas vacinadas \u2014 n\u00e3o envolveram um grupo de controle de pessoas n\u00e3o vacinadas como um ensaio cl\u00ednico faria.<\/p>\n\n\n\n<p>Mas uma equipe de pesquisadores do Instituto Weizmann de Ci\u00eancia, da Universidade de Tel-Aviv e do Technion \u2014 Instituto de Tecnologia de Israel \u2014, tentou determinar se a queda observada nos casos se deve \u00e0 vacina e n\u00e3o apenas ao efeito das restri\u00e7\u00f5es do lockdown.<\/p>\n\n\n\n<p>Os pesquisadores analisaram os dados nacionais por idade e por cidade.<\/p>\n\n\n\n<p>Eles identificaram quedas maiores em infec\u00e7\u00f5es e hospitaliza\u00e7\u00f5es tanto em pessoas com mais de 60 anos, que foram vacinadas primeiro, quanto nas cidades que vacinaram uma maior propor\u00e7\u00e3o de pessoas mais cedo.<\/p>\n\n\n\n<p>Essas mudan\u00e7as relativas n\u00e3o foram vistas em lockdowns anteriores.<\/p>\n\n\n\n<p>Isso d\u00e1 sinais positivos de que as quedas podem estar relacionadas \u00e0 vacina, e n\u00e3o apenas \u00e0s restri\u00e7\u00f5es atuais.<\/p>\n\n\n\n<p>Separadamente, o segundo maior provedor de sa\u00fade de Israel, o Maccabi, publicou n\u00fameros mostrando que 66 pessoas de um grupo de 248 mil vacinadas (0,03%) contra\u00edram o v\u00edrus mais de uma semana ap\u00f3s receberem uma segunda dose da vacina.<\/p>\n\n\n\n<p>Desses 66, todos tiveram sintomas leves e nenhum foi hospitalizado.<\/p>\n\n\n\n<p>Ao contr\u00e1rio do Minist\u00e9rio da Sa\u00fade, o Maccabi comparou a taxa de infec\u00e7\u00e3o com 900 mil pessoas n\u00e3o vacinadas com um perfil demogr\u00e1fico semelhante. Nesse grupo, durante o mesmo per\u00edodo, 8.250 se infectaram com o coronav\u00edrus \u2014 mais de 30 vezes mais.<\/p>\n\n\n\n<p>Eles estimaram que a vacina foi 92% eficaz quando usada em uma popula\u00e7\u00e3o \u2014 muito semelhante aos 95% anunciados pela farmac\u00eautica Pfizer em um ensaio cl\u00ednico controlado.<\/p>\n\n\n\n<p>Da BBC News<\/p>\n","protected":false},"excerpt":{"rendered":"<p>O programa de vacina\u00e7\u00e3o de Israel est\u00e1 mostrando sinais positivos na redu\u00e7\u00e3o de infec\u00e7\u00f5es por covid-19 e no total de<\/p>\n","protected":false},"author":1,"featured_media":2333,"comment_status":"open","ping_status":"open","sticky":false,"template":"","format":"standard","meta":{"colormag_page_container_layout":"default_layout","colormag_page_sidebar_layout":"default_layout","_monsterinsights_skip_tracking":false,"_monsterinsights_sitenote_active":false,"_monsterinsights_sitenote_note":"","_monsterinsights_sitenote_category":0,"_jetpack_memberships_contains_paid_content":false,"footnotes":""},"categories":[35,47],"tags":[154,169,998,997,996],"class_list":["post-2332","post","type-post","status-publish","format-standard","has-post-thumbnail","hentry","category-mundo","category-saude","tag-covid","tag-covid-19","tag-doenca","tag-israel","tag-vacinas"],"yoast_head":"<!-- This site is optimized with the Yoast SEO plugin v16.3 - https:\/\/yoast.com\/wordpress\/plugins\/seo\/ -->\n<title>Vacinas contra covid: imuniza\u00e7\u00e3o em massa j\u00e1 aponta queda de infec\u00e7\u00f5es e interna\u00e7\u00f5es em Israel - Politiciando<\/title>\n<meta name=\"robots\" content=\"index, follow, max-snippet:-1, max-image-preview:large, max-video-preview:-1\" \/>\n<link rel=\"canonical\" href=\"https:\/\/politiciando.com.br\/?p=2332\" \/>\n<meta property=\"og:locale\" content=\"pt_BR\" \/>\n<meta property=\"og:type\" content=\"article\" \/>\n<meta property=\"og:title\" content=\"Vacinas contra covid: imuniza\u00e7\u00e3o em massa j\u00e1 aponta queda de infec\u00e7\u00f5es e interna\u00e7\u00f5es em Israel - Politiciando\" \/>\n<meta property=\"og:description\" content=\"O programa de vacina\u00e7\u00e3o de Israel est\u00e1 mostrando sinais positivos na redu\u00e7\u00e3o de infec\u00e7\u00f5es por covid-19 e no total de\" \/>\n<meta property=\"og:url\" content=\"https:\/\/politiciando.com.br\/?p=2332\" \/>\n<meta property=\"og:site_name\" content=\"Politiciando\" \/>\n<meta property=\"article:publisher\" content=\"https:\/\/www.facebook.com\/Politician\" \/>\n<meta property=\"article:published_time\" content=\"2021-02-03T11:51:13+00:00\" \/>\n<meta property=\"article:modified_time\" content=\"2021-02-03T11:51:14+00:00\" \/>\n<meta property=\"og:image\" content=\"https:\/\/politiciando.com.br\/wp-content\/uploads\/2021\/02\/116764389_gettyimages-1230911878.jpg\" \/>\n\t<meta property=\"og:image:width\" content=\"800\" \/>\n\t<meta property=\"og:image:height\" content=\"450\" \/>\n<meta name=\"twitter:card\" content=\"summary_large_image\" \/>\n<meta name=\"twitter:creator\" content=\"@politiciando\" \/>\n<meta name=\"twitter:site\" content=\"@politiciando\" \/>\n<meta name=\"twitter:label1\" content=\"Est. tempo de leitura\">\n\t<meta name=\"twitter:data1\" content=\"4 minutos\">\n<script type=\"application\/ld+json\" class=\"yoast-schema-graph\">{\"@context\":\"https:\/\/schema.org\",\"@graph\":[{\"@type\":\"WebSite\",\"@id\":\"https:\/\/politiciando.com.br\/#website\",\"url\":\"https:\/\/politiciando.com.br\/\",\"name\":\"Politiciando\",\"description\":\"A Not\\u00edcia como tem que ser!\",\"potentialAction\":[{\"@type\":\"SearchAction\",\"target\":\"https:\/\/politiciando.com.br\/?s={search_term_string}\",\"query-input\":\"required name=search_term_string\"}],\"inLanguage\":\"pt-BR\"},{\"@type\":\"ImageObject\",\"@id\":\"https:\/\/politiciando.com.br\/?p=2332#primaryimage\",\"inLanguage\":\"pt-BR\",\"url\":\"https:\/\/politiciando.com.br\/wp-content\/uploads\/2021\/02\/116764389_gettyimages-1230911878.jpg\",\"contentUrl\":\"https:\/\/politiciando.com.br\/wp-content\/uploads\/2021\/02\/116764389_gettyimages-1230911878.jpg\",\"width\":800,\"height\":450},{\"@type\":\"WebPage\",\"@id\":\"https:\/\/politiciando.com.br\/?p=2332#webpage\",\"url\":\"https:\/\/politiciando.com.br\/?p=2332\",\"name\":\"Vacinas contra covid: imuniza\\u00e7\\u00e3o em massa j\\u00e1 aponta queda de infec\\u00e7\\u00f5es e interna\\u00e7\\u00f5es em Israel - Politiciando\",\"isPartOf\":{\"@id\":\"https:\/\/politiciando.com.br\/#website\"},\"primaryImageOfPage\":{\"@id\":\"https:\/\/politiciando.com.br\/?p=2332#primaryimage\"},\"datePublished\":\"2021-02-03T11:51:13+00:00\",\"dateModified\":\"2021-02-03T11:51:14+00:00\",\"author\":{\"@id\":\"https:\/\/politiciando.com.br\/#\/schema\/person\/be8395b998f06b83e7b3a1d9567ff61b\"},\"breadcrumb\":{\"@id\":\"https:\/\/politiciando.com.br\/?p=2332#breadcrumb\"},\"inLanguage\":\"pt-BR\",\"potentialAction\":[{\"@type\":\"ReadAction\",\"target\":[\"https:\/\/politiciando.com.br\/?p=2332\"]}]},{\"@type\":\"BreadcrumbList\",\"@id\":\"https:\/\/politiciando.com.br\/?p=2332#breadcrumb\",\"itemListElement\":[{\"@type\":\"ListItem\",\"position\":1,\"item\":{\"@type\":\"WebPage\",\"@id\":\"https:\/\/politiciando.com.br\/\",\"url\":\"https:\/\/politiciando.com.br\/\",\"name\":\"Home\"}},{\"@type\":\"ListItem\",\"position\":2,\"item\":{\"@id\":\"https:\/\/politiciando.com.br\/?p=2332#webpage\"}}]},{\"@type\":\"Person\",\"@id\":\"https:\/\/politiciando.com.br\/#\/schema\/person\/be8395b998f06b83e7b3a1d9567ff61b\",\"name\":\"redacaopoliticiando\",\"image\":{\"@type\":\"ImageObject\",\"@id\":\"https:\/\/politiciando.com.br\/#personlogo\",\"inLanguage\":\"pt-BR\",\"url\":\"https:\/\/secure.gravatar.com\/avatar\/6cfd6b7f4d5132d5b42f746a58e576a9ab04eae227797efa7fdd7a4aeb90ca9c?s=96&d=mm&r=g\",\"contentUrl\":\"https:\/\/secure.gravatar.com\/avatar\/6cfd6b7f4d5132d5b42f746a58e576a9ab04eae227797efa7fdd7a4aeb90ca9c?s=96&d=mm&r=g\",\"caption\":\"redacaopoliticiando\"},\"sameAs\":[\"https:\/\/politiciando.com.br\"],\"url\":\"https:\/\/politiciando.com.br\/?author=1\"}]}<\/script>\n<!-- \/ Yoast SEO plugin. -->","jetpack_featured_media_url":"https:\/\/politiciando.com.br\/wp-content\/uploads\/2021\/02\/116764389_gettyimages-1230911878.jpg","jetpack_sharing_enabled":true,"_links":{"self":[{"href":"https:\/\/politiciando.com.br\/index.php?rest_route=\/wp\/v2\/posts\/2332","targetHints":{"allow":["GET"]}}],"collection":[{"href":"https:\/\/politiciando.com.br\/index.php?rest_route=\/wp\/v2\/posts"}],"about":[{"href":"https:\/\/politiciando.com.br\/index.php?rest_route=\/wp\/v2\/types\/post"}],"author":[{"embeddable":true,"href":"https:\/\/politiciando.com.br\/index.php?rest_route=\/wp\/v2\/users\/1"}],"replies":[{"embeddable":true,"href":"https:\/\/politiciando.com.br\/index.php?rest_route=%2Fwp%2Fv2%2Fcomments&post=2332"}],"version-history":[{"count":1,"href":"https:\/\/politiciando.com.br\/index.php?rest_route=\/wp\/v2\/posts\/2332\/revisions"}],"predecessor-version":[{"id":2334,"href":"https:\/\/politiciando.com.br\/index.php?rest_route=\/wp\/v2\/posts\/2332\/revisions\/2334"}],"wp:featuredmedia":[{"embeddable":true,"href":"https:\/\/politiciando.com.br\/index.php?rest_route=\/wp\/v2\/media\/2333"}],"wp:attachment":[{"href":"https:\/\/politiciando.com.br\/index.php?rest_route=%2Fwp%2Fv2%2Fmedia&parent=2332"}],"wp:term":[{"taxonomy":"category","embeddable":true,"href":"https:\/\/politiciando.com.br\/index.php?rest_route=%2Fwp%2Fv2%2Fcategories&post=2332"},{"taxonomy":"post_tag","embeddable":true,"href":"https:\/\/politiciando.com.br\/index.php?rest_route=%2Fwp%2Fv2%2Ftags&post=2332"}],"curies":[{"name":"wp","href":"https:\/\/api.w.org\/{rel}","templated":true}]}}