{"id":2513,"date":"2021-02-20T08:23:16","date_gmt":"2021-02-20T11:23:16","guid":{"rendered":"https:\/\/politiciando.com.br\/?p=2513"},"modified":"2021-02-20T08:23:17","modified_gmt":"2021-02-20T11:23:17","slug":"presidente-do-stjd-da-sinal-positivo-a-pedido-do-vasco-e-jogo-do-inter-pode-ser-impugnado","status":"publish","type":"post","link":"https:\/\/politiciando.com.br\/?p=2513","title":{"rendered":"Presidente do STJD d\u00e1 sinal positivo a pedido do Vasco, e jogo do Inter pode ser impugnado"},"content":{"rendered":"\n<figure class=\"wp-block-image size-large\"><img loading=\"lazy\" decoding=\"async\" width=\"640\" height=\"400\" src=\"https:\/\/politiciando.com.br\/wp-content\/uploads\/2021\/02\/5A671AC4-4B00-43DC-9EAD-6A1AF6859007.png\" alt=\"\" class=\"wp-image-2514\" srcset=\"https:\/\/politiciando.com.br\/wp-content\/uploads\/2021\/02\/5A671AC4-4B00-43DC-9EAD-6A1AF6859007.png 640w, https:\/\/politiciando.com.br\/wp-content\/uploads\/2021\/02\/5A671AC4-4B00-43DC-9EAD-6A1AF6859007-300x188.png 300w\" sizes=\"auto, (max-width: 640px) 100vw, 640px\" \/><\/figure>\n\n\n\n<p><em>FOTO: RICARDO DUARTE\/INTERNACIONAL<\/em><\/p>\n\n\n\n<p>O Campeonato Brasileiro de 2020 tem sido disputado nos campos e tamb\u00e9m no tribunal. Nesta sexta-feira, Ot\u00e1vio Noronha, presidente do&nbsp;<a href=\"https:\/\/colunadofla.com\/2021\/02\/stjd-arquiva-inquerito-referente-a-acusacao-de-racismo-feita-por-gerson-contra-ramirez\/\" target=\"_blank\" rel=\"noreferrer noopener\">STJD<\/a>, Deu sinal positivo ao pedido do Vasco para impugna\u00e7\u00e3o da partida contra o Internacional pela 36\u00aa rodada da competi\u00e7\u00e3o. Na ocasi\u00e3o, o time carioca perdeu por dois a zero, por\u00e9m um dos gols marcados pelo Inter foi em condi\u00e7\u00e3o duvidosa e n\u00e3o passou por checagem do VAR, por erro t\u00e9cnico.<\/p>\n\n\n\n<p>Na solicita\u00e7\u00e3o, o mandat\u00e1rio do STJD de definiu intima\u00e7\u00e3o, com urg\u00eancia, para que a CBF junte os \u00e1udios e os v\u00eddeos dos respons\u00e1veis pelo VAR no jogo em quest\u00e3o. Junto a isso, os clubes, a Procuradoria do STJD e da CBF ter\u00e3o acesso ao material.<\/p>\n\n\n\n<p>Dessa forma, ap\u00f3s a juntada, que os clubes envolvidos na partida,&nbsp;<a href=\"https:\/\/colunadofla.com\/2021\/02\/em-nota-empresa-responsavel-pelo-arbitro-de-video-esclarece-problemas-de-var-descalibrado-em-vasco-x-internacional\/\" target=\"_blank\" rel=\"noreferrer noopener\">Vasco e Internacional,<\/a>&nbsp;e a CBF ter\u00e3o dois dias para se manifestar. Al\u00e9m disso, somente ap\u00f3s o recebimento de todas as provas e solicita\u00e7\u00f5es, STJD se manifestar\u00e1 a respeito da decis\u00e3o.<\/p>\n\n\n\n<p>Al\u00e9m disso, vale destacar que o presidente da entidade ainda determinou pedido de an\u00e1lise da conduta do \u00e1rbitro Fl\u00e1vio Rodrigues de Souza, que apitou a partida entre Vasco e Internacional.<\/p>\n\n\n\n<p><strong>CONFIRA O COMUNICADO:<\/strong><\/p>\n\n\n\n<p><em>\u201cTrata-se de IMPUGNA\u00c7\u00c3O DE PARTIDA formulada pelo C. R. VASCO DA GAMA, visando a anula\u00e7\u00e3o do jogo v\u00e1lido pela 36\u00aa rodada do Campeonato Brasileiro S\u00e9rie A 2020, contra o SPORT CLUB INTERNACIONAL.<\/em><\/p>\n\n\n\n<p><em>A jurisprud\u00eancia hist\u00f3rica e pac\u00edfica deste STJD \u00e9 no sentido que somente o erro de direito \u00e9 que pode servir para arrimar a pretens\u00e3o de Impugna\u00e7\u00e3o ao Resultado da Partida, e o princ\u00edpio do pro competitione informa que n\u00e3o se deve vulgarizar este instituto, deixando em d\u00favidas o resultado obtido em campo, quando inexistem fundamentos m\u00ednimos que arrimem a pretens\u00e3o.<\/em><\/p>\n\n\n\n<p><em>Esta Presid\u00eancia, cumprindo o mister que lhe \u00e9 confiado pelo CBJD, t\u00eam sido extremamente criteriosa no ju\u00edzo de admissibilidade deste procedimento de fundamenta\u00e7\u00e3o vinculada, e que n\u00e3o pode, de jeito algum, transmutar-se em esp\u00e9cie de estabelecimento de um \u201cterceiro tempo\u201d de partida.<\/em><\/p>\n\n\n\n<p><em>No presente caso, narra o C. R. Vasco da Gama que na partida, decorreu erro de direito por parte da arbitragem, que segundo sustenta, foi causa eficiente para altera\u00e7\u00e3o do resultado da contenda, j\u00e1 que, na ocasi\u00e3o, quando eram jogados apenas 9 minutos do primeiro tempo, houve um Gol a favor da Equipe advers\u00e1ria, do S. C. Internacional, que, apesar de impor natural dificuldade para a avalia\u00e7\u00e3o humana sobre a condi\u00e7\u00e3o do Jogador que finalizou a jogada, n\u00e3o se procedeu \u00e0 revis\u00e3o por meio do V.A.R, uma vez que, segundo consta, o recurso tecnol\u00f3gico estaria momentaneamente descalibrado.<\/em><\/p>\n\n\n\n<p><em>Aduz a Agremia\u00e7\u00e3o Requerente, que n\u00e3o pretende discutir quest\u00f5es de fato sobre o erro ou acerto da valida\u00e7\u00e3o da jogada pelo \u00c1rbitro de Campo, na forma como ali\u00e1s admite expressamente, preconizam as regras pertinentes para a eventual impossibilidade de utiliza\u00e7\u00e3o do V.A.R.. Afirma que sua causa de pedir, seria mesmo a verifica\u00e7\u00e3o da corre\u00e7\u00e3o das atitudes adotadas pela Equipe de Arbitragem \u00e0 luz das normas aplic\u00e1veis \u00e0 esp\u00e9cie, a partir do momento da falha operacional, o que, ao menos em tese, ao seu ju\u00edzo, poderia configurar erro de direito.<\/em><\/p>\n\n\n\n<p><em>Tal avalia\u00e7\u00e3o, conforme se extra\u00ed da Exordial, demanda, entretanto, atividade probat\u00f3ria que refoge \u00e0 capacidade da parte no ex\u00edguo prazo decadencial de 2 dias, que ali\u00e1s, foi regiamente observado pela Requerente.<\/em><\/p>\n\n\n\n<p><em>\u00c9 que ao fim e ao cabo, dentre outras quest\u00f5es protocolares que n\u00e3o teriam sido, segundo se alega, observadas pela Equipe de Arbitragem, questiona o C. R. Vasco da Gama, a atitude do \u00c1rbitro Central, de n\u00e3o ter, ao menos aparentemente, sequer questionado sobre a possibilidade de pronto conserto do Sistema, ou aguardado, por alguns momentos, o restabelecimento do V.A.R., que segundo consta, em declara\u00e7\u00e3o do CeO da Empresa respons\u00e1vel pela sua opera\u00e7\u00e3o, voltou a funcionar em muito breve tempo.<\/em><\/p>\n\n\n\n<p><em>Veja-se que na S\u00famula da Partida o \u00c1rbitro n\u00e3o fez qualquer refer\u00eancia \u00e0 adversidade encontrada no Sistema e sobre a impossibilidade de confirma\u00e7\u00e3o da regularidade da Jogada do Gol, na forma que imp\u00f5em as regras pertinentes.<\/em><\/p>\n\n\n\n<p><em>Assim, de fato, ganha relevo a prova pretendida pela Requerente, visto que as Grava\u00e7\u00f5es revelar\u00e3o a din\u00e2mica do acontecimento, a comunica\u00e7\u00e3o entre os envolvidos e a forma de tomada de decis\u00e3o, que pode, sem d\u00favida, repercutir no presente caso.<\/em><\/p>\n\n\n\n<p><em>Aqui, um importante ponto de distin\u00e7\u00e3o de hip\u00f3teses pret\u00e9ritas.<\/em><\/p>\n\n\n\n<p><em>Esta Presid\u00eancia \u00e9 sempre criteriosa ao verificar se h\u00e1 ou n\u00e3o pretens\u00e3o qualificada por alguma resist\u00eancia para que se configure o necess\u00e1rio interesse de agir, exigindo sempre da parte, que demonstre que antes de vindicar provid\u00eancias da Justi\u00e7a Desportiva, comprove que de alguma forma tentou, pela via administrativa, alcan\u00e7ar seu intento sem lograr \u00eaxito.<\/em><\/p>\n\n\n\n<p><em>Registre-se que o C. R. Vasco da Gama faz prova de que pleiteou junto \u00e0 CBF o acesso \u00e0s grava\u00e7\u00f5es do V.A.R. que requer aqui por esta via, mas, segundo consta, at\u00e9 o presente momento isso n\u00e3o lhe foi oportunizado pela Entidade M\u00e1xima do Futebol Nacional.<\/em><\/p>\n\n\n\n<p><em>Veja-se que os acontecimentos narrados na exordial ocorreram em meio \u00e0 passagem do Carnaval, que na cidade e no estado do Rio de Janeiro, onde est\u00e3o sediados o Requerente, a CBF e este Tribunal, e onde foi realizada a partida objeto desta demanda, foi mantido o feriado, o que certamente dificultou sobremaneira as provid\u00eancias para viabilizar o acesso ao material.<\/em><\/p>\n\n\n\n<p><em>Fato \u00e9, entretanto, que por meio de peti\u00e7\u00e3o incidental juntada pelo Requerente, ficou demonstrado que o Corinthians obteve acesso \u00e0s grava\u00e7\u00f5es do VAR na partida na qual enfrentou o C. R. Flamengo, no mesmo dia e hor\u00e1rio da contenda entre o Vasco, ora Requerente, e o S. C. Internacional.<\/em><\/p>\n\n\n\n<p><em>Assim \u00e9 que, excepcionalmente, e tamb\u00e9m, em obs\u00e9quio ao princ\u00edpio da celeridade, para que se possa imprimir o mais breve rito a este procedimento, visto que o Campeonato encontra-se em sua reta final, tenho por bem deferir o pleito incidental formulado, sobrestando a an\u00e1lise da admissibilidade deste procedimento, para depois da juntada das referidas provas vindicadas.<\/em><\/p>\n\n\n\n<p><em>Pelo exposto \u00e9 que (a) defiro o requerimento incidental formulado, determinando \u00e0 Secretaria que Oficie a CBF, para que, com urg\u00eancia, fa\u00e7a juntar a estes autos a grava\u00e7\u00e3o do V.A.R., tanto dos \u00e1udios quanto do v\u00eddeo, de todo o per\u00edodo relacionado \u00e0 partida em quest\u00e3o; inclusive dos momentos que antecedem a realiza\u00e7\u00e3o da partida e at\u00e9 o encerramento; (b) sobresto o ju\u00edzo de admissibilidade deste procedimento para o momento posterior \u00e0 juntada da prova e manifesta\u00e7\u00e3o das partes.<\/em><\/p>\n\n\n\n<p><em>Com a juntada das provas, d\u00ea-se vista ao Clube Requerente, para sobre elas se manifestar, no prazo de 2 dias.<\/em><\/p>\n\n\n\n<p><em>Cite-se o S. C. Internacional e a CBF, para em querendo, apresentar suas manifesta\u00e7\u00f5es, no prazo legal, podendo, outrossim, em querendo, manifestarem-se tamb\u00e9m, sobre as provas que ser\u00e3o juntadas aos autos.<\/em><\/p>\n\n\n\n<p><em>Ci\u00eancia \u00e0 D. PGJD, inclusive para ci\u00eancia e ado\u00e7\u00e3o das medidas que reputar cab\u00edveis \u00e0 luz da conduta atribu\u00edda ao \u00c1rbitro da Partida\u201d, escreveu Ot\u00e1vio Noronha.\u201d<\/em><\/p>\n\n\n\n<p>coluna do Fla<\/p>\n","protected":false},"excerpt":{"rendered":"<p>FOTO: RICARDO DUARTE\/INTERNACIONAL O Campeonato Brasileiro de 2020 tem sido disputado nos campos e tamb\u00e9m no tribunal. Nesta sexta-feira, Ot\u00e1vio<\/p>\n","protected":false},"author":1,"featured_media":2514,"comment_status":"open","ping_status":"open","sticky":false,"template":"","format":"standard","meta":{"colormag_page_container_layout":"default_layout","colormag_page_sidebar_layout":"default_layout","_monsterinsights_skip_tracking":false,"_monsterinsights_sitenote_active":false,"_monsterinsights_sitenote_note":"","_monsterinsights_sitenote_category":0,"_jetpack_memberships_contains_paid_content":false,"footnotes":""},"categories":[6],"tags":[18,66,55,272],"class_list":["post-2513","post","type-post","status-publish","format-standard","has-post-thumbnail","hentry","category-esporte","tag-cbf","tag-flamengo","tag-futebol","tag-vasco"],"yoast_head":"<!-- This site is optimized with the Yoast SEO plugin v16.3 - https:\/\/yoast.com\/wordpress\/plugins\/seo\/ -->\n<title>Presidente do STJD d\u00e1 sinal positivo a pedido do Vasco, e jogo do Inter pode ser impugnado - Politiciando<\/title>\n<meta name=\"robots\" content=\"index, follow, max-snippet:-1, max-image-preview:large, max-video-preview:-1\" \/>\n<link rel=\"canonical\" href=\"https:\/\/politiciando.com.br\/?p=2513\" \/>\n<meta property=\"og:locale\" content=\"pt_BR\" \/>\n<meta property=\"og:type\" content=\"article\" \/>\n<meta property=\"og:title\" content=\"Presidente do STJD d\u00e1 sinal positivo a pedido do Vasco, e jogo do Inter pode ser impugnado - Politiciando\" \/>\n<meta property=\"og:description\" content=\"FOTO: RICARDO DUARTE\/INTERNACIONAL O Campeonato Brasileiro de 2020 tem sido disputado nos campos e tamb\u00e9m no tribunal. Nesta sexta-feira, Ot\u00e1vio\" \/>\n<meta property=\"og:url\" content=\"https:\/\/politiciando.com.br\/?p=2513\" \/>\n<meta property=\"og:site_name\" content=\"Politiciando\" \/>\n<meta property=\"article:publisher\" content=\"https:\/\/www.facebook.com\/Politician\" \/>\n<meta property=\"article:published_time\" content=\"2021-02-20T11:23:16+00:00\" \/>\n<meta property=\"article:modified_time\" content=\"2021-02-20T11:23:17+00:00\" \/>\n<meta property=\"og:image\" content=\"https:\/\/politiciando.com.br\/wp-content\/uploads\/2021\/02\/5A671AC4-4B00-43DC-9EAD-6A1AF6859007.png\" \/>\n\t<meta property=\"og:image:width\" content=\"640\" \/>\n\t<meta property=\"og:image:height\" content=\"400\" \/>\n<meta name=\"twitter:card\" content=\"summary_large_image\" \/>\n<meta name=\"twitter:creator\" content=\"@politiciando\" \/>\n<meta name=\"twitter:site\" content=\"@politiciando\" \/>\n<meta name=\"twitter:label1\" content=\"Est. tempo de leitura\">\n\t<meta name=\"twitter:data1\" content=\"6 minutos\">\n<script type=\"application\/ld+json\" class=\"yoast-schema-graph\">{\"@context\":\"https:\/\/schema.org\",\"@graph\":[{\"@type\":\"WebSite\",\"@id\":\"https:\/\/politiciando.com.br\/#website\",\"url\":\"https:\/\/politiciando.com.br\/\",\"name\":\"Politiciando\",\"description\":\"A Not\\u00edcia como tem que ser!\",\"potentialAction\":[{\"@type\":\"SearchAction\",\"target\":\"https:\/\/politiciando.com.br\/?s={search_term_string}\",\"query-input\":\"required name=search_term_string\"}],\"inLanguage\":\"pt-BR\"},{\"@type\":\"ImageObject\",\"@id\":\"https:\/\/politiciando.com.br\/?p=2513#primaryimage\",\"inLanguage\":\"pt-BR\",\"url\":\"https:\/\/politiciando.com.br\/wp-content\/uploads\/2021\/02\/5A671AC4-4B00-43DC-9EAD-6A1AF6859007.png\",\"contentUrl\":\"https:\/\/politiciando.com.br\/wp-content\/uploads\/2021\/02\/5A671AC4-4B00-43DC-9EAD-6A1AF6859007.png\",\"width\":640,\"height\":400},{\"@type\":\"WebPage\",\"@id\":\"https:\/\/politiciando.com.br\/?p=2513#webpage\",\"url\":\"https:\/\/politiciando.com.br\/?p=2513\",\"name\":\"Presidente do STJD d\\u00e1 sinal positivo a pedido do Vasco, e jogo do Inter pode ser impugnado - Politiciando\",\"isPartOf\":{\"@id\":\"https:\/\/politiciando.com.br\/#website\"},\"primaryImageOfPage\":{\"@id\":\"https:\/\/politiciando.com.br\/?p=2513#primaryimage\"},\"datePublished\":\"2021-02-20T11:23:16+00:00\",\"dateModified\":\"2021-02-20T11:23:17+00:00\",\"author\":{\"@id\":\"https:\/\/politiciando.com.br\/#\/schema\/person\/be8395b998f06b83e7b3a1d9567ff61b\"},\"breadcrumb\":{\"@id\":\"https:\/\/politiciando.com.br\/?p=2513#breadcrumb\"},\"inLanguage\":\"pt-BR\",\"potentialAction\":[{\"@type\":\"ReadAction\",\"target\":[\"https:\/\/politiciando.com.br\/?p=2513\"]}]},{\"@type\":\"BreadcrumbList\",\"@id\":\"https:\/\/politiciando.com.br\/?p=2513#breadcrumb\",\"itemListElement\":[{\"@type\":\"ListItem\",\"position\":1,\"item\":{\"@type\":\"WebPage\",\"@id\":\"https:\/\/politiciando.com.br\/\",\"url\":\"https:\/\/politiciando.com.br\/\",\"name\":\"Home\"}},{\"@type\":\"ListItem\",\"position\":2,\"item\":{\"@id\":\"https:\/\/politiciando.com.br\/?p=2513#webpage\"}}]},{\"@type\":\"Person\",\"@id\":\"https:\/\/politiciando.com.br\/#\/schema\/person\/be8395b998f06b83e7b3a1d9567ff61b\",\"name\":\"redacaopoliticiando\",\"image\":{\"@type\":\"ImageObject\",\"@id\":\"https:\/\/politiciando.com.br\/#personlogo\",\"inLanguage\":\"pt-BR\",\"url\":\"https:\/\/secure.gravatar.com\/avatar\/6cfd6b7f4d5132d5b42f746a58e576a9ab04eae227797efa7fdd7a4aeb90ca9c?s=96&d=mm&r=g\",\"contentUrl\":\"https:\/\/secure.gravatar.com\/avatar\/6cfd6b7f4d5132d5b42f746a58e576a9ab04eae227797efa7fdd7a4aeb90ca9c?s=96&d=mm&r=g\",\"caption\":\"redacaopoliticiando\"},\"sameAs\":[\"https:\/\/politiciando.com.br\"],\"url\":\"https:\/\/politiciando.com.br\/?author=1\"}]}<\/script>\n<!-- \/ Yoast SEO plugin. -->","jetpack_featured_media_url":"https:\/\/politiciando.com.br\/wp-content\/uploads\/2021\/02\/5A671AC4-4B00-43DC-9EAD-6A1AF6859007.png","jetpack_sharing_enabled":true,"_links":{"self":[{"href":"https:\/\/politiciando.com.br\/index.php?rest_route=\/wp\/v2\/posts\/2513","targetHints":{"allow":["GET"]}}],"collection":[{"href":"https:\/\/politiciando.com.br\/index.php?rest_route=\/wp\/v2\/posts"}],"about":[{"href":"https:\/\/politiciando.com.br\/index.php?rest_route=\/wp\/v2\/types\/post"}],"author":[{"embeddable":true,"href":"https:\/\/politiciando.com.br\/index.php?rest_route=\/wp\/v2\/users\/1"}],"replies":[{"embeddable":true,"href":"https:\/\/politiciando.com.br\/index.php?rest_route=%2Fwp%2Fv2%2Fcomments&post=2513"}],"version-history":[{"count":1,"href":"https:\/\/politiciando.com.br\/index.php?rest_route=\/wp\/v2\/posts\/2513\/revisions"}],"predecessor-version":[{"id":2515,"href":"https:\/\/politiciando.com.br\/index.php?rest_route=\/wp\/v2\/posts\/2513\/revisions\/2515"}],"wp:featuredmedia":[{"embeddable":true,"href":"https:\/\/politiciando.com.br\/index.php?rest_route=\/wp\/v2\/media\/2514"}],"wp:attachment":[{"href":"https:\/\/politiciando.com.br\/index.php?rest_route=%2Fwp%2Fv2%2Fmedia&parent=2513"}],"wp:term":[{"taxonomy":"category","embeddable":true,"href":"https:\/\/politiciando.com.br\/index.php?rest_route=%2Fwp%2Fv2%2Fcategories&post=2513"},{"taxonomy":"post_tag","embeddable":true,"href":"https:\/\/politiciando.com.br\/index.php?rest_route=%2Fwp%2Fv2%2Ftags&post=2513"}],"curies":[{"name":"wp","href":"https:\/\/api.w.org\/{rel}","templated":true}]}}