{"id":2517,"date":"2021-02-23T07:11:53","date_gmt":"2021-02-23T10:11:53","guid":{"rendered":"https:\/\/politiciando.com.br\/?p=2517"},"modified":"2021-02-23T07:11:59","modified_gmt":"2021-02-23T10:11:59","slug":"covid-19-mortes-somam-mais-de-247-mil-e-casos-quase-102-milhoes","status":"publish","type":"post","link":"https:\/\/politiciando.com.br\/?p=2517","title":{"rendered":"Covid-19: mortes somam mais de 247 mil e casos, quase 10,2 milh\u00f5es"},"content":{"rendered":"\n<h3 class=\"wp-block-heading\">Segundo Minist\u00e9rio da Sa\u00fade, 9.139.215 pessoas j\u00e1 se recuperaram<\/h3>\n\n\n\n<p>O n\u00famero de pessoas que n\u00e3o resistiram \u00e0 covid-19 no Brasil subiu para 247.143. Em 24 horas, foram registradas 639 mortes. H\u00e1 ainda 2.833 \u00f3bitos em investiga\u00e7\u00e3o no pa\u00eds.<img decoding=\"async\" src=\"https:\/\/agenciabrasil.ebc.com.br\/ebc.png?id=1401980&amp;o=node\"><img decoding=\"async\" src=\"https:\/\/agenciabrasil.ebc.com.br\/ebc.gif?id=1401980&amp;o=node\"><\/p>\n\n\n\n<p>J\u00e1 o total de pessoas infectadas pelo coronav\u00edrus desde o in\u00edcio da pandemia chegou a 10.195.160. Em 24 horas, foram confirmados pelas autoridades sanit\u00e1rias 26.986 novos casos.<\/p>\n\n\n\n<p>Os dados est\u00e3o na atualiza\u00e7\u00e3o di\u00e1ria do Minist\u00e9rio da Sa\u00fade, divulgada na noite desta segunda-feira (22). O balan\u00e7o \u00e9 produzido a partir de informa\u00e7\u00f5es fornecidas pelas secretarias estaduais de sa\u00fade.<\/p>\n\n\n\n<p>H\u00e1, ao todo, 808.802 pessoas com casos ativos da doen\u00e7a em acompanhamento por profissionais de sa\u00fade e 9.139.215 pacientes j\u00e1 se recuperaram.<\/p>\n\n\n\n<h2 class=\"wp-block-heading\">Estados<\/h2>\n\n\n\n<p>Na lista de estados com mais mortes est\u00e3o S\u00e3o Paulo (57.842), Rio de Janeiro (32.256), Minas Gerais (17.733) e Rio Grande do Sul (11.820). As unidades da Federa\u00e7\u00e3o com menos \u00f3bitos s\u00e3o Acre (968), Roraima (1.037), Amap\u00e1 (1.125), Tocantins (1.485) e Rond\u00f4nia (2.940).<\/p>\n\n\n\n<p>Em n\u00famero de casos, S\u00e3o Paulo tamb\u00e9m lidera (1.978.477), seguido por Minas Gerais (842.377), Bahia (655.481), Santa Catarina (641.840) e Paran\u00e1 (617.165).<\/p>\n\n\n\n<figure class=\"wp-block-image\"><img decoding=\"async\" src=\"https:\/\/imagens.ebc.com.br\/o14iUNHKgbqXkC4k9p2Lg_o3o3M=\/754x0\/smart\/https:\/\/agenciabrasil.ebc.com.br\/sites\/default\/files\/thumbnails\/image\/whatsapp_image_2021-02-22_at_19.50.52.jpeg?itok=pcVh6rG2\" alt=\"boletim epidemiol\u00f3gico Minist\u00e9rio da Sa\u00fade 22.02.2021\" title=\"Minist\u00e9rio da Sa\u00fade\"\/><\/figure>\n\n\n\n<p>boletim epidemiol\u00f3gico Minist\u00e9rio da Sa\u00fade 22.02.2021 &#8211;\u00a0<strong>Minist\u00e9rio da Sa\u00fade<\/strong><\/p>\n\n\n\n<p>Ag\u00eancia Brasil<\/p>\n","protected":false},"excerpt":{"rendered":"<p>Segundo Minist\u00e9rio da Sa\u00fade, 9.139.215 pessoas j\u00e1 se recuperaram O n\u00famero de pessoas que n\u00e3o resistiram \u00e0 covid-19 no Brasil<\/p>\n","protected":false},"author":1,"featured_media":2518,"comment_status":"open","ping_status":"open","sticky":false,"template":"","format":"standard","meta":{"colormag_page_container_layout":"default_layout","colormag_page_sidebar_layout":"default_layout","_monsterinsights_skip_tracking":false,"_monsterinsights_sitenote_active":false,"_monsterinsights_sitenote_note":"","_monsterinsights_sitenote_category":0,"_jetpack_memberships_contains_paid_content":false,"footnotes":""},"categories":[47],"tags":[],"class_list":["post-2517","post","type-post","status-publish","format-standard","has-post-thumbnail","hentry","category-saude"],"yoast_head":"<!-- This site is optimized with the Yoast SEO plugin v16.3 - https:\/\/yoast.com\/wordpress\/plugins\/seo\/ -->\n<title>Covid-19: mortes somam mais de 247 mil e casos, quase 10,2 milh\u00f5es - Politiciando<\/title>\n<meta name=\"robots\" content=\"index, follow, max-snippet:-1, max-image-preview:large, max-video-preview:-1\" \/>\n<link rel=\"canonical\" href=\"https:\/\/politiciando.com.br\/?p=2517\" \/>\n<meta property=\"og:locale\" content=\"pt_BR\" \/>\n<meta property=\"og:type\" content=\"article\" \/>\n<meta property=\"og:title\" content=\"Covid-19: mortes somam mais de 247 mil e casos, quase 10,2 milh\u00f5es - Politiciando\" \/>\n<meta property=\"og:description\" content=\"Segundo Minist\u00e9rio da Sa\u00fade, 9.139.215 pessoas j\u00e1 se recuperaram O n\u00famero de pessoas que n\u00e3o resistiram \u00e0 covid-19 no Brasil\" \/>\n<meta property=\"og:url\" content=\"https:\/\/politiciando.com.br\/?p=2517\" \/>\n<meta property=\"og:site_name\" content=\"Politiciando\" \/>\n<meta property=\"article:publisher\" content=\"https:\/\/www.facebook.com\/Politician\" \/>\n<meta property=\"article:published_time\" content=\"2021-02-23T10:11:53+00:00\" \/>\n<meta property=\"article:modified_time\" content=\"2021-02-23T10:11:59+00:00\" \/>\n<meta property=\"og:image\" content=\"https:\/\/politiciando.com.br\/wp-content\/uploads\/2021\/02\/ibmp_intec_2020_c_itamar_crispim-8678_0.jpg\" \/>\n\t<meta property=\"og:image:width\" content=\"1170\" \/>\n\t<meta property=\"og:image:height\" content=\"700\" \/>\n<meta name=\"twitter:card\" content=\"summary_large_image\" \/>\n<meta name=\"twitter:creator\" content=\"@politiciando\" \/>\n<meta name=\"twitter:site\" content=\"@politiciando\" \/>\n<meta name=\"twitter:label1\" content=\"Est. tempo de leitura\">\n\t<meta name=\"twitter:data1\" content=\"1 minuto\">\n<script type=\"application\/ld+json\" class=\"yoast-schema-graph\">{\"@context\":\"https:\/\/schema.org\",\"@graph\":[{\"@type\":\"WebSite\",\"@id\":\"https:\/\/politiciando.com.br\/#website\",\"url\":\"https:\/\/politiciando.com.br\/\",\"name\":\"Politiciando\",\"description\":\"A Not\\u00edcia como tem que ser!\",\"potentialAction\":[{\"@type\":\"SearchAction\",\"target\":\"https:\/\/politiciando.com.br\/?s={search_term_string}\",\"query-input\":\"required name=search_term_string\"}],\"inLanguage\":\"pt-BR\"},{\"@type\":\"ImageObject\",\"@id\":\"https:\/\/politiciando.com.br\/?p=2517#primaryimage\",\"inLanguage\":\"pt-BR\",\"url\":\"https:\/\/politiciando.com.br\/wp-content\/uploads\/2021\/02\/ibmp_intec_2020_c_itamar_crispim-8678_0.jpg\",\"contentUrl\":\"https:\/\/politiciando.com.br\/wp-content\/uploads\/2021\/02\/ibmp_intec_2020_c_itamar_crispim-8678_0.jpg\",\"width\":1170,\"height\":700,\"caption\":\"Covid-19: Fiocruz amplia capacidade nacional de testagem\"},{\"@type\":\"WebPage\",\"@id\":\"https:\/\/politiciando.com.br\/?p=2517#webpage\",\"url\":\"https:\/\/politiciando.com.br\/?p=2517\",\"name\":\"Covid-19: mortes somam mais de 247 mil e casos, quase 10,2 milh\\u00f5es - Politiciando\",\"isPartOf\":{\"@id\":\"https:\/\/politiciando.com.br\/#website\"},\"primaryImageOfPage\":{\"@id\":\"https:\/\/politiciando.com.br\/?p=2517#primaryimage\"},\"datePublished\":\"2021-02-23T10:11:53+00:00\",\"dateModified\":\"2021-02-23T10:11:59+00:00\",\"author\":{\"@id\":\"https:\/\/politiciando.com.br\/#\/schema\/person\/be8395b998f06b83e7b3a1d9567ff61b\"},\"breadcrumb\":{\"@id\":\"https:\/\/politiciando.com.br\/?p=2517#breadcrumb\"},\"inLanguage\":\"pt-BR\",\"potentialAction\":[{\"@type\":\"ReadAction\",\"target\":[\"https:\/\/politiciando.com.br\/?p=2517\"]}]},{\"@type\":\"BreadcrumbList\",\"@id\":\"https:\/\/politiciando.com.br\/?p=2517#breadcrumb\",\"itemListElement\":[{\"@type\":\"ListItem\",\"position\":1,\"item\":{\"@type\":\"WebPage\",\"@id\":\"https:\/\/politiciando.com.br\/\",\"url\":\"https:\/\/politiciando.com.br\/\",\"name\":\"Home\"}},{\"@type\":\"ListItem\",\"position\":2,\"item\":{\"@id\":\"https:\/\/politiciando.com.br\/?p=2517#webpage\"}}]},{\"@type\":\"Person\",\"@id\":\"https:\/\/politiciando.com.br\/#\/schema\/person\/be8395b998f06b83e7b3a1d9567ff61b\",\"name\":\"redacaopoliticiando\",\"image\":{\"@type\":\"ImageObject\",\"@id\":\"https:\/\/politiciando.com.br\/#personlogo\",\"inLanguage\":\"pt-BR\",\"url\":\"https:\/\/secure.gravatar.com\/avatar\/6cfd6b7f4d5132d5b42f746a58e576a9ab04eae227797efa7fdd7a4aeb90ca9c?s=96&d=mm&r=g\",\"contentUrl\":\"https:\/\/secure.gravatar.com\/avatar\/6cfd6b7f4d5132d5b42f746a58e576a9ab04eae227797efa7fdd7a4aeb90ca9c?s=96&d=mm&r=g\",\"caption\":\"redacaopoliticiando\"},\"sameAs\":[\"https:\/\/politiciando.com.br\"],\"url\":\"https:\/\/politiciando.com.br\/?author=1\"}]}<\/script>\n<!-- \/ Yoast SEO plugin. -->","jetpack_featured_media_url":"https:\/\/politiciando.com.br\/wp-content\/uploads\/2021\/02\/ibmp_intec_2020_c_itamar_crispim-8678_0.jpg","jetpack_sharing_enabled":true,"_links":{"self":[{"href":"https:\/\/politiciando.com.br\/index.php?rest_route=\/wp\/v2\/posts\/2517","targetHints":{"allow":["GET"]}}],"collection":[{"href":"https:\/\/politiciando.com.br\/index.php?rest_route=\/wp\/v2\/posts"}],"about":[{"href":"https:\/\/politiciando.com.br\/index.php?rest_route=\/wp\/v2\/types\/post"}],"author":[{"embeddable":true,"href":"https:\/\/politiciando.com.br\/index.php?rest_route=\/wp\/v2\/users\/1"}],"replies":[{"embeddable":true,"href":"https:\/\/politiciando.com.br\/index.php?rest_route=%2Fwp%2Fv2%2Fcomments&post=2517"}],"version-history":[{"count":2,"href":"https:\/\/politiciando.com.br\/index.php?rest_route=\/wp\/v2\/posts\/2517\/revisions"}],"predecessor-version":[{"id":2520,"href":"https:\/\/politiciando.com.br\/index.php?rest_route=\/wp\/v2\/posts\/2517\/revisions\/2520"}],"wp:featuredmedia":[{"embeddable":true,"href":"https:\/\/politiciando.com.br\/index.php?rest_route=\/wp\/v2\/media\/2518"}],"wp:attachment":[{"href":"https:\/\/politiciando.com.br\/index.php?rest_route=%2Fwp%2Fv2%2Fmedia&parent=2517"}],"wp:term":[{"taxonomy":"category","embeddable":true,"href":"https:\/\/politiciando.com.br\/index.php?rest_route=%2Fwp%2Fv2%2Fcategories&post=2517"},{"taxonomy":"post_tag","embeddable":true,"href":"https:\/\/politiciando.com.br\/index.php?rest_route=%2Fwp%2Fv2%2Ftags&post=2517"}],"curies":[{"name":"wp","href":"https:\/\/api.w.org\/{rel}","templated":true}]}}