{"id":2550,"date":"2021-02-26T08:18:14","date_gmt":"2021-02-26T11:18:14","guid":{"rendered":"https:\/\/politiciando.com.br\/?p=2550"},"modified":"2021-02-26T08:18:15","modified_gmt":"2021-02-26T11:18:15","slug":"rogerio-ceni-a-torcida-flamenguista-amanhece-mais-alegre","status":"publish","type":"post","link":"https:\/\/politiciando.com.br\/?p=2550","title":{"rendered":"Rog\u00e9rio Ceni: \u201cA torcida flamenguista amanhece mais alegre\u201d"},"content":{"rendered":"\n<h3 class=\"wp-block-heading\">T\u00e9cnico desconversa sobre o futuro ap\u00f3s a conquista do Brasileiro<\/h3>\n\n\n\n<p>Ap\u00f3s garantir o t\u00edtulo do Campeonato Brasileiro, na noite da \u00faltima quinta-feira (25), mesmo com derrota de 2 a 1 para o S\u00e3o Paulo no est\u00e1dio do Morumbi, o t\u00e9cnico Rog\u00e9rio Ceni afirmou que a conquista \u00e9 motivo de alegria para a torcida da equipe carioca em todo o Brasil.<img decoding=\"async\" src=\"https:\/\/agenciabrasil.ebc.com.br\/ebc.png?id=1402417&amp;o=node\"><img decoding=\"async\" src=\"https:\/\/agenciabrasil.ebc.com.br\/ebc.gif?id=1402417&amp;o=node\"><\/p>\n\n\n\n<p>\u201cDevido a tudo o que aconteceu no Brasil e no Mundo [em refer\u00eancia \u00e0 pandemia do novo coronav\u00edrus], acho que a torcida flamenguista no Brasil como um todo, mas no Rio de Janeiro em especial, amanhece muito mais alegre, muito mais feliz\u201d, declarou o treinador em entrevista coletiva ap\u00f3s a partida.<\/p>\n\n\n\n<figure class=\"wp-block-embed-twitter wp-block-embed is-type-rich is-provider-twitter\"><div class=\"wp-block-embed__wrapper\">\n<blockquote class=\"twitter-tweet\" data-width=\"550\" data-dnt=\"true\"><p lang=\"pt\" dir=\"ltr\">CONTRATOU UM TREINADOR COM O NOME DE ROG\u00c9RIO&#8230; O novo comandante dos Coringas entrou pra hist\u00f3ria do <a href=\"https:\/\/twitter.com\/Flamengo?ref_src=twsrc%5Etfw\">@Flamengo<\/a>! Parab\u00e9ns, Ceni. Agora voc\u00ea pode conhecer o Rio de Janeiro e comemorar a conquista! Rog\u00e9rio de sol, de c\u00e9u, de mar. Voltaremos juntos pra Cidade Maravilhosa! <a href=\"https:\/\/twitter.com\/hashtag\/BRFLA?src=hash&amp;ref_src=twsrc%5Etfw\">#BRFLA<\/a> <a href=\"https:\/\/t.co\/EOJ7gydh7G\">pic.twitter.com\/EOJ7gydh7G<\/a><\/p>&mdash; Brasileir\u00e3o Assa\u00ed (@Brasileirao) <a href=\"https:\/\/twitter.com\/Brasileirao\/status\/1365135295654592512?ref_src=twsrc%5Etfw\">February 26, 2021<\/a><\/blockquote><script async src=\"https:\/\/platform.twitter.com\/widgets.js\" charset=\"utf-8\"><\/script>\n<\/div><\/figure>\n\n\n\n<p>Ao ser questionado sobre o sentimento em garantir a conquista do Brasileiro justamente no est\u00e1dio do Morumbi, onde atuou por longos anos defendendo o S\u00e3o Paulo, Ceni afirmou que era um feito especial: \u201cComecei a minha carreira como atleta aqui. Fiquei durante 25 anos nesse clube, tenho o maior respeito e o maior carinho pelo S\u00e3o Paulo. \u00c9 uma hist\u00f3ria que n\u00e3o vai se apagar nunca. Foi a primeira parte da minha vida, como atleta, vivida aqui, e sou eternamente grato. E agora, na segunda parte da minha vida, come\u00e7ando aqui no S\u00e3o Paulo como treinador, e indo para o Fortaleza, tenho esse presente que \u00e9 ganhar um Campeonato Brasileiro rubro-negro. Colocar uma estrela no peito das cores vermelha e preta do Flamengo\u201d.<\/p>\n\n\n\n<p>Mesmo em meio a tanta festa, o treinador foi questionado sobre os rumores de que poderia deixar o Flamengo na pr\u00f3xima temporada. Mas ele desconversou, afirmando que o principal agora era \u201cdesfrutar ao m\u00e1ximo o momento\u201d.<\/p>\n\n\n\n<p>\u201cCom quatro anos de carreira, ser campe\u00e3o pelo Flamengo\u00a0\u00e9 algo fant\u00e1stico. Ent\u00e3o quero aproveitar o momento. N\u00e3o tem proposta, absolutamente nada. Sigo extremamente focado no meu trabalho\u201d, afirmou.<\/p>\n\n\n\n<p>Por fim ele falou que compreende as cr\u00edticas que recebe de parte da torcida, pelo fato de o time n\u00e3o apresentar o mesmo futebol da equipe dirigida pelo t\u00e9cnico portugu\u00eas Jorge Jesus em 2019.<\/p>\n\n\n\n<figure class=\"wp-block-embed-twitter wp-block-embed is-type-rich is-provider-twitter\"><div class=\"wp-block-embed__wrapper\">\n<blockquote class=\"twitter-tweet\" data-width=\"550\" data-dnt=\"true\"><p lang=\"es\" dir=\"ltr\">Consagrado! <a href=\"https:\/\/twitter.com\/hashtag\/BRFLA?src=hash&amp;ref_src=twsrc%5Etfw\">#BRFLA<\/a> <br><br>\ud83d\udcf8 Marcello Zambrana\/AGIF <a href=\"https:\/\/t.co\/fnuRNOkOgX\">pic.twitter.com\/fnuRNOkOgX<\/a><\/p>&mdash; Brasileir\u00e3o Assa\u00ed (@Brasileirao) <a href=\"https:\/\/twitter.com\/Brasileirao\/status\/1365139104934076418?ref_src=twsrc%5Etfw\">February 26, 2021<\/a><\/blockquote><script async src=\"https:\/\/platform.twitter.com\/widgets.js\" charset=\"utf-8\"><\/script>\n<\/div><\/figure>\n\n\n\n<p>\u201cEntendo as cr\u00edticas. O Flamengo vem de um ano de 2019 extremamente vencedor, que nunca havia existido na hist\u00f3ria do clube. Entendo sempre as compara\u00e7\u00f5es, as cr\u00edticas fazem parte do trabalho, mas espero que voc\u00eas [torcedores] entendam que, apesar de ter jogado a vida inteira no S\u00e3o Paulo, sempre fui o melhor cara que eu pude ser todos os dias. E em cada lugar no qual trabalhar, buscarei ser o melhor cara que posso ser todos os dias. Ent\u00e3o fiz o meu melhor, desde que assumi o Flamengo\u201d, concluiu Rog\u00e9rio Ceni.<\/p>\n\n\n\n<p>AGENCIA BRASIL<\/p>\n\n\n\n<p><\/p>\n","protected":false},"excerpt":{"rendered":"<p>T\u00e9cnico desconversa sobre o futuro ap\u00f3s a conquista do Brasileiro Ap\u00f3s garantir o t\u00edtulo do Campeonato Brasileiro, na noite da<\/p>\n","protected":false},"author":1,"featured_media":2553,"comment_status":"open","ping_status":"open","sticky":false,"template":"","format":"standard","meta":{"colormag_page_container_layout":"default_layout","colormag_page_sidebar_layout":"default_layout","_monsterinsights_skip_tracking":false,"_monsterinsights_sitenote_active":false,"_monsterinsights_sitenote_note":"","_monsterinsights_sitenote_category":0,"_jetpack_memberships_contains_paid_content":false,"footnotes":""},"categories":[6],"tags":[119,55],"class_list":["post-2550","post","type-post","status-publish","format-standard","has-post-thumbnail","hentry","category-esporte","tag-brasil","tag-futebol"],"yoast_head":"<!-- This site is optimized with the Yoast SEO plugin v16.3 - https:\/\/yoast.com\/wordpress\/plugins\/seo\/ -->\n<title>Rog\u00e9rio Ceni: \u201cA torcida flamenguista amanhece mais alegre\u201d - Politiciando<\/title>\n<meta name=\"robots\" content=\"index, follow, max-snippet:-1, max-image-preview:large, max-video-preview:-1\" \/>\n<link rel=\"canonical\" href=\"https:\/\/politiciando.com.br\/?p=2550\" \/>\n<meta property=\"og:locale\" content=\"pt_BR\" \/>\n<meta property=\"og:type\" content=\"article\" \/>\n<meta property=\"og:title\" content=\"Rog\u00e9rio Ceni: \u201cA torcida flamenguista amanhece mais alegre\u201d - Politiciando\" \/>\n<meta property=\"og:description\" content=\"T\u00e9cnico desconversa sobre o futuro ap\u00f3s a conquista do Brasileiro Ap\u00f3s garantir o t\u00edtulo do Campeonato Brasileiro, na noite da\" \/>\n<meta property=\"og:url\" content=\"https:\/\/politiciando.com.br\/?p=2550\" \/>\n<meta property=\"og:site_name\" content=\"Politiciando\" \/>\n<meta property=\"article:publisher\" content=\"https:\/\/www.facebook.com\/Politician\" \/>\n<meta property=\"article:published_time\" content=\"2021-02-26T11:18:14+00:00\" \/>\n<meta property=\"article:modified_time\" content=\"2021-02-26T11:18:15+00:00\" \/>\n<meta property=\"og:image\" content=\"https:\/\/politiciando.com.br\/wp-content\/uploads\/2021\/02\/EvIA2RkXYAkXOUZ.jpg\" \/>\n\t<meta property=\"og:image:width\" content=\"1080\" \/>\n\t<meta property=\"og:image:height\" content=\"846\" \/>\n<meta name=\"twitter:card\" content=\"summary_large_image\" \/>\n<meta name=\"twitter:creator\" content=\"@politiciando\" \/>\n<meta name=\"twitter:site\" content=\"@politiciando\" \/>\n<meta name=\"twitter:label1\" content=\"Est. tempo de leitura\">\n\t<meta name=\"twitter:data1\" content=\"2 minutos\">\n<script type=\"application\/ld+json\" class=\"yoast-schema-graph\">{\"@context\":\"https:\/\/schema.org\",\"@graph\":[{\"@type\":\"WebSite\",\"@id\":\"https:\/\/politiciando.com.br\/#website\",\"url\":\"https:\/\/politiciando.com.br\/\",\"name\":\"Politiciando\",\"description\":\"A Not\\u00edcia como tem que ser!\",\"potentialAction\":[{\"@type\":\"SearchAction\",\"target\":\"https:\/\/politiciando.com.br\/?s={search_term_string}\",\"query-input\":\"required name=search_term_string\"}],\"inLanguage\":\"pt-BR\"},{\"@type\":\"ImageObject\",\"@id\":\"https:\/\/politiciando.com.br\/?p=2550#primaryimage\",\"inLanguage\":\"pt-BR\",\"url\":\"https:\/\/politiciando.com.br\/wp-content\/uploads\/2021\/02\/EvIA2RkXYAkXOUZ.jpg\",\"contentUrl\":\"https:\/\/politiciando.com.br\/wp-content\/uploads\/2021\/02\/EvIA2RkXYAkXOUZ.jpg\",\"width\":1080,\"height\":846},{\"@type\":\"WebPage\",\"@id\":\"https:\/\/politiciando.com.br\/?p=2550#webpage\",\"url\":\"https:\/\/politiciando.com.br\/?p=2550\",\"name\":\"Rog\\u00e9rio Ceni: \\u201cA torcida flamenguista amanhece mais alegre\\u201d - Politiciando\",\"isPartOf\":{\"@id\":\"https:\/\/politiciando.com.br\/#website\"},\"primaryImageOfPage\":{\"@id\":\"https:\/\/politiciando.com.br\/?p=2550#primaryimage\"},\"datePublished\":\"2021-02-26T11:18:14+00:00\",\"dateModified\":\"2021-02-26T11:18:15+00:00\",\"author\":{\"@id\":\"https:\/\/politiciando.com.br\/#\/schema\/person\/be8395b998f06b83e7b3a1d9567ff61b\"},\"breadcrumb\":{\"@id\":\"https:\/\/politiciando.com.br\/?p=2550#breadcrumb\"},\"inLanguage\":\"pt-BR\",\"potentialAction\":[{\"@type\":\"ReadAction\",\"target\":[\"https:\/\/politiciando.com.br\/?p=2550\"]}]},{\"@type\":\"BreadcrumbList\",\"@id\":\"https:\/\/politiciando.com.br\/?p=2550#breadcrumb\",\"itemListElement\":[{\"@type\":\"ListItem\",\"position\":1,\"item\":{\"@type\":\"WebPage\",\"@id\":\"https:\/\/politiciando.com.br\/\",\"url\":\"https:\/\/politiciando.com.br\/\",\"name\":\"Home\"}},{\"@type\":\"ListItem\",\"position\":2,\"item\":{\"@id\":\"https:\/\/politiciando.com.br\/?p=2550#webpage\"}}]},{\"@type\":\"Person\",\"@id\":\"https:\/\/politiciando.com.br\/#\/schema\/person\/be8395b998f06b83e7b3a1d9567ff61b\",\"name\":\"redacaopoliticiando\",\"image\":{\"@type\":\"ImageObject\",\"@id\":\"https:\/\/politiciando.com.br\/#personlogo\",\"inLanguage\":\"pt-BR\",\"url\":\"https:\/\/secure.gravatar.com\/avatar\/6cfd6b7f4d5132d5b42f746a58e576a9ab04eae227797efa7fdd7a4aeb90ca9c?s=96&d=mm&r=g\",\"contentUrl\":\"https:\/\/secure.gravatar.com\/avatar\/6cfd6b7f4d5132d5b42f746a58e576a9ab04eae227797efa7fdd7a4aeb90ca9c?s=96&d=mm&r=g\",\"caption\":\"redacaopoliticiando\"},\"sameAs\":[\"https:\/\/politiciando.com.br\"],\"url\":\"https:\/\/politiciando.com.br\/?author=1\"}]}<\/script>\n<!-- \/ Yoast SEO plugin. -->","jetpack_featured_media_url":"https:\/\/politiciando.com.br\/wp-content\/uploads\/2021\/02\/EvIA2RkXYAkXOUZ.jpg","jetpack_sharing_enabled":true,"_links":{"self":[{"href":"https:\/\/politiciando.com.br\/index.php?rest_route=\/wp\/v2\/posts\/2550","targetHints":{"allow":["GET"]}}],"collection":[{"href":"https:\/\/politiciando.com.br\/index.php?rest_route=\/wp\/v2\/posts"}],"about":[{"href":"https:\/\/politiciando.com.br\/index.php?rest_route=\/wp\/v2\/types\/post"}],"author":[{"embeddable":true,"href":"https:\/\/politiciando.com.br\/index.php?rest_route=\/wp\/v2\/users\/1"}],"replies":[{"embeddable":true,"href":"https:\/\/politiciando.com.br\/index.php?rest_route=%2Fwp%2Fv2%2Fcomments&post=2550"}],"version-history":[{"count":1,"href":"https:\/\/politiciando.com.br\/index.php?rest_route=\/wp\/v2\/posts\/2550\/revisions"}],"predecessor-version":[{"id":2554,"href":"https:\/\/politiciando.com.br\/index.php?rest_route=\/wp\/v2\/posts\/2550\/revisions\/2554"}],"wp:featuredmedia":[{"embeddable":true,"href":"https:\/\/politiciando.com.br\/index.php?rest_route=\/wp\/v2\/media\/2553"}],"wp:attachment":[{"href":"https:\/\/politiciando.com.br\/index.php?rest_route=%2Fwp%2Fv2%2Fmedia&parent=2550"}],"wp:term":[{"taxonomy":"category","embeddable":true,"href":"https:\/\/politiciando.com.br\/index.php?rest_route=%2Fwp%2Fv2%2Fcategories&post=2550"},{"taxonomy":"post_tag","embeddable":true,"href":"https:\/\/politiciando.com.br\/index.php?rest_route=%2Fwp%2Fv2%2Ftags&post=2550"}],"curies":[{"name":"wp","href":"https:\/\/api.w.org\/{rel}","templated":true}]}}