{"id":2555,"date":"2021-02-26T08:29:44","date_gmt":"2021-02-26T11:29:44","guid":{"rendered":"https:\/\/politiciando.com.br\/?p=2555"},"modified":"2021-02-26T08:29:45","modified_gmt":"2021-02-26T11:29:45","slug":"everton-ribeiro-ressalta-alegria-pelo-bicampeonato-e-muito-bom-ser-flamengo","status":"publish","type":"post","link":"https:\/\/politiciando.com.br\/?p=2555","title":{"rendered":"Everton Ribeiro ressalta alegria pelo bicampeonato: \u201c\u00c9 muito bom ser Flamengo\u201d"},"content":{"rendered":"\n<div class=\"wp-block-image\"><figure class=\"alignright size-large\"><img loading=\"lazy\" decoding=\"async\" width=\"640\" height=\"400\" src=\"https:\/\/politiciando.com.br\/wp-content\/uploads\/2021\/02\/everton-ribeiro-flamengo-x-sao-paulo-octa-bicampeao.png\" alt=\"\" class=\"wp-image-2556\" srcset=\"https:\/\/politiciando.com.br\/wp-content\/uploads\/2021\/02\/everton-ribeiro-flamengo-x-sao-paulo-octa-bicampeao.png 640w, https:\/\/politiciando.com.br\/wp-content\/uploads\/2021\/02\/everton-ribeiro-flamengo-x-sao-paulo-octa-bicampeao-300x188.png 300w\" sizes=\"auto, (max-width: 640px) 100vw, 640px\" \/><\/figure><\/div>\n\n\n\n<p>O Flamengo chegou ao seu oitavo t\u00edtulo do Campeonato Brasileiro na noite da \u00faltima quinta-feira (25). Mesmo perdendo para o&nbsp;<strong><a href=\"https:\/\/www.arqtricolor.com\/\" target=\"_blank\" rel=\"noreferrer noopener\">S\u00e3o Paulo<\/a><\/strong>&nbsp;por 2 a 1, o Rubro-Negrose manteve \u00e0 frente do Internacional, que n\u00e3o superou o&nbsp;<strong><a href=\"https:\/\/www.meutimao.com.br\/\" target=\"_blank\" rel=\"noreferrer noopener\">Corinthians<\/a><\/strong>&nbsp;e se manteve em segundo lugar na tabela de classifica\u00e7\u00e3o. Em meio ao bicampeonato consecutivo do Fla, Everton Ribeiro ressaltou a confian\u00e7a do elenco.<\/p>\n\n\n\n<p>Em contato com jornalistas ap\u00f3s a premia\u00e7\u00e3o, o camisa 7 falou sobre o que representa ser Flamengo:\u00a0<em>\u201cSentimento \u00e9 \u00fanico, poder ser novamente campe\u00e3o. Estamos muito felizes, brigamos ate o ultimo minuto. Sempre acreditamos nesse titulo e vamos comemorar que \u00e9 muito bom ser flamengo e ser campe\u00e3o\u201d<\/em><\/p>\n\n\n\n<p>Depois de conquistar o t\u00e3o sonhado \u2018octa\u2019, o&nbsp;<strong><a href=\"https:\/\/colunadofla.com\/2021\/02\/felicidade-dupla-com-titulo-do-flamengo-e-rebaixamento-do-vasco-rubro-negros-fazem-a-festa\/\" target=\"_blank\" rel=\"noreferrer noopener\">Flamengo<\/a><\/strong>&nbsp;n\u00e3o ter\u00e1 descanso. Ap\u00f3s comemorar mais uma conquista, o Mais Querido vira a chave para dar o ponta p\u00e9 inicial na temporada 2021, que come\u00e7a com o Campeonato Carioca. Na pr\u00f3xima ter\u00e7a-feira (02), o Fla tem um \u2018encontro\u2019 marcado com o Nova Igua\u00e7u.<\/p>\n\n\n\n<p>A tend\u00eancia \u00e9 que parte do elenco principal receba alguns dias de f\u00e9rias, enquanto o sub-20, refor\u00e7ado com jogadores pouco utilizados no profissional ao longo da temporada 2020, estrear\u00e1 pelo Rubro-Negro no torneio estadual a partir das 21h30 (hor\u00e1rio de Bras\u00edlia), no Maracan\u00e3.<\/p>\n\n\n\n<p>COLUNA DO FLA<\/p>\n","protected":false},"excerpt":{"rendered":"<p>O Flamengo chegou ao seu oitavo t\u00edtulo do Campeonato Brasileiro na noite da \u00faltima quinta-feira (25). Mesmo perdendo para o&nbsp;S\u00e3o<\/p>\n","protected":false},"author":1,"featured_media":2556,"comment_status":"open","ping_status":"open","sticky":false,"template":"","format":"standard","meta":{"colormag_page_container_layout":"default_layout","colormag_page_sidebar_layout":"default_layout","_monsterinsights_skip_tracking":false,"_monsterinsights_sitenote_active":false,"_monsterinsights_sitenote_note":"","_monsterinsights_sitenote_category":0,"_jetpack_memberships_contains_paid_content":false,"footnotes":""},"categories":[6],"tags":[1102],"class_list":["post-2555","post","type-post","status-publish","format-standard","has-post-thumbnail","hentry","category-esporte","tag-ew7"],"yoast_head":"<!-- This site is optimized with the Yoast SEO plugin v16.3 - https:\/\/yoast.com\/wordpress\/plugins\/seo\/ -->\n<title>Everton Ribeiro ressalta alegria pelo bicampeonato: \u201c\u00c9 muito bom ser Flamengo\u201d - Politiciando<\/title>\n<meta name=\"robots\" content=\"index, follow, max-snippet:-1, max-image-preview:large, max-video-preview:-1\" \/>\n<link rel=\"canonical\" href=\"https:\/\/politiciando.com.br\/?p=2555\" \/>\n<meta property=\"og:locale\" content=\"pt_BR\" \/>\n<meta property=\"og:type\" content=\"article\" \/>\n<meta property=\"og:title\" content=\"Everton Ribeiro ressalta alegria pelo bicampeonato: \u201c\u00c9 muito bom ser Flamengo\u201d - Politiciando\" \/>\n<meta property=\"og:description\" content=\"O Flamengo chegou ao seu oitavo t\u00edtulo do Campeonato Brasileiro na noite da \u00faltima quinta-feira (25). Mesmo perdendo para o&nbsp;S\u00e3o\" \/>\n<meta property=\"og:url\" content=\"https:\/\/politiciando.com.br\/?p=2555\" \/>\n<meta property=\"og:site_name\" content=\"Politiciando\" \/>\n<meta property=\"article:publisher\" content=\"https:\/\/www.facebook.com\/Politician\" \/>\n<meta property=\"article:published_time\" content=\"2021-02-26T11:29:44+00:00\" \/>\n<meta property=\"article:modified_time\" content=\"2021-02-26T11:29:45+00:00\" \/>\n<meta property=\"og:image\" content=\"https:\/\/politiciando.com.br\/wp-content\/uploads\/2021\/02\/everton-ribeiro-flamengo-x-sao-paulo-octa-bicampeao.png\" \/>\n\t<meta property=\"og:image:width\" content=\"640\" \/>\n\t<meta property=\"og:image:height\" content=\"400\" \/>\n<meta name=\"twitter:card\" content=\"summary_large_image\" \/>\n<meta name=\"twitter:creator\" content=\"@politiciando\" \/>\n<meta name=\"twitter:site\" content=\"@politiciando\" \/>\n<meta name=\"twitter:label1\" content=\"Est. tempo de leitura\">\n\t<meta name=\"twitter:data1\" content=\"1 minuto\">\n<script type=\"application\/ld+json\" class=\"yoast-schema-graph\">{\"@context\":\"https:\/\/schema.org\",\"@graph\":[{\"@type\":\"WebSite\",\"@id\":\"https:\/\/politiciando.com.br\/#website\",\"url\":\"https:\/\/politiciando.com.br\/\",\"name\":\"Politiciando\",\"description\":\"A Not\\u00edcia como tem que ser!\",\"potentialAction\":[{\"@type\":\"SearchAction\",\"target\":\"https:\/\/politiciando.com.br\/?s={search_term_string}\",\"query-input\":\"required name=search_term_string\"}],\"inLanguage\":\"pt-BR\"},{\"@type\":\"ImageObject\",\"@id\":\"https:\/\/politiciando.com.br\/?p=2555#primaryimage\",\"inLanguage\":\"pt-BR\",\"url\":\"https:\/\/politiciando.com.br\/wp-content\/uploads\/2021\/02\/everton-ribeiro-flamengo-x-sao-paulo-octa-bicampeao.png\",\"contentUrl\":\"https:\/\/politiciando.com.br\/wp-content\/uploads\/2021\/02\/everton-ribeiro-flamengo-x-sao-paulo-octa-bicampeao.png\",\"width\":640,\"height\":400},{\"@type\":\"WebPage\",\"@id\":\"https:\/\/politiciando.com.br\/?p=2555#webpage\",\"url\":\"https:\/\/politiciando.com.br\/?p=2555\",\"name\":\"Everton Ribeiro ressalta alegria pelo bicampeonato: \\u201c\\u00c9 muito bom ser Flamengo\\u201d - Politiciando\",\"isPartOf\":{\"@id\":\"https:\/\/politiciando.com.br\/#website\"},\"primaryImageOfPage\":{\"@id\":\"https:\/\/politiciando.com.br\/?p=2555#primaryimage\"},\"datePublished\":\"2021-02-26T11:29:44+00:00\",\"dateModified\":\"2021-02-26T11:29:45+00:00\",\"author\":{\"@id\":\"https:\/\/politiciando.com.br\/#\/schema\/person\/be8395b998f06b83e7b3a1d9567ff61b\"},\"breadcrumb\":{\"@id\":\"https:\/\/politiciando.com.br\/?p=2555#breadcrumb\"},\"inLanguage\":\"pt-BR\",\"potentialAction\":[{\"@type\":\"ReadAction\",\"target\":[\"https:\/\/politiciando.com.br\/?p=2555\"]}]},{\"@type\":\"BreadcrumbList\",\"@id\":\"https:\/\/politiciando.com.br\/?p=2555#breadcrumb\",\"itemListElement\":[{\"@type\":\"ListItem\",\"position\":1,\"item\":{\"@type\":\"WebPage\",\"@id\":\"https:\/\/politiciando.com.br\/\",\"url\":\"https:\/\/politiciando.com.br\/\",\"name\":\"Home\"}},{\"@type\":\"ListItem\",\"position\":2,\"item\":{\"@id\":\"https:\/\/politiciando.com.br\/?p=2555#webpage\"}}]},{\"@type\":\"Person\",\"@id\":\"https:\/\/politiciando.com.br\/#\/schema\/person\/be8395b998f06b83e7b3a1d9567ff61b\",\"name\":\"redacaopoliticiando\",\"image\":{\"@type\":\"ImageObject\",\"@id\":\"https:\/\/politiciando.com.br\/#personlogo\",\"inLanguage\":\"pt-BR\",\"url\":\"https:\/\/secure.gravatar.com\/avatar\/6cfd6b7f4d5132d5b42f746a58e576a9ab04eae227797efa7fdd7a4aeb90ca9c?s=96&d=mm&r=g\",\"contentUrl\":\"https:\/\/secure.gravatar.com\/avatar\/6cfd6b7f4d5132d5b42f746a58e576a9ab04eae227797efa7fdd7a4aeb90ca9c?s=96&d=mm&r=g\",\"caption\":\"redacaopoliticiando\"},\"sameAs\":[\"https:\/\/politiciando.com.br\"],\"url\":\"https:\/\/politiciando.com.br\/?author=1\"}]}<\/script>\n<!-- \/ Yoast SEO plugin. -->","jetpack_featured_media_url":"https:\/\/politiciando.com.br\/wp-content\/uploads\/2021\/02\/everton-ribeiro-flamengo-x-sao-paulo-octa-bicampeao.png","jetpack_sharing_enabled":true,"_links":{"self":[{"href":"https:\/\/politiciando.com.br\/index.php?rest_route=\/wp\/v2\/posts\/2555","targetHints":{"allow":["GET"]}}],"collection":[{"href":"https:\/\/politiciando.com.br\/index.php?rest_route=\/wp\/v2\/posts"}],"about":[{"href":"https:\/\/politiciando.com.br\/index.php?rest_route=\/wp\/v2\/types\/post"}],"author":[{"embeddable":true,"href":"https:\/\/politiciando.com.br\/index.php?rest_route=\/wp\/v2\/users\/1"}],"replies":[{"embeddable":true,"href":"https:\/\/politiciando.com.br\/index.php?rest_route=%2Fwp%2Fv2%2Fcomments&post=2555"}],"version-history":[{"count":1,"href":"https:\/\/politiciando.com.br\/index.php?rest_route=\/wp\/v2\/posts\/2555\/revisions"}],"predecessor-version":[{"id":2557,"href":"https:\/\/politiciando.com.br\/index.php?rest_route=\/wp\/v2\/posts\/2555\/revisions\/2557"}],"wp:featuredmedia":[{"embeddable":true,"href":"https:\/\/politiciando.com.br\/index.php?rest_route=\/wp\/v2\/media\/2556"}],"wp:attachment":[{"href":"https:\/\/politiciando.com.br\/index.php?rest_route=%2Fwp%2Fv2%2Fmedia&parent=2555"}],"wp:term":[{"taxonomy":"category","embeddable":true,"href":"https:\/\/politiciando.com.br\/index.php?rest_route=%2Fwp%2Fv2%2Fcategories&post=2555"},{"taxonomy":"post_tag","embeddable":true,"href":"https:\/\/politiciando.com.br\/index.php?rest_route=%2Fwp%2Fv2%2Ftags&post=2555"}],"curies":[{"name":"wp","href":"https:\/\/api.w.org\/{rel}","templated":true}]}}