{"id":2721,"date":"2021-03-17T07:53:33","date_gmt":"2021-03-17T10:53:33","guid":{"rendered":"https:\/\/politiciando.com.br\/?p=2721"},"modified":"2021-03-17T09:18:30","modified_gmt":"2021-03-17T12:18:30","slug":"politiciando-explica-deducoes-do-imposto-de-renda","status":"publish","type":"post","link":"https:\/\/politiciando.com.br\/?p=2721","title":{"rendered":"Politiciando explica: dedu\u00e7\u00f5es do Imposto de Renda"},"content":{"rendered":"\n<!\u2014 INICIO TAG \u2014>\n     <!\u2014 \n     Id: 7399 \n     Campanha:  PANDEMIA\n     Server: Metrike \n     Ve\u00edculo:  POLITICIANDO \n     Cliente: GOVPB   \n     Formato: POLITICIANDO - 728X90 \n     Data de Veicula\u00e7\u00e3o: 05\/11\/2020 - 30\/11\/2020\n     \u2014>\n     <ins data-revive-zoneid=\"7399\" data-revive-id=\"566f260197bf822e7263f1a3667caa2f\"><\/ins>\n     <script async src=\"\/\/ads.metrike.com\/asyncjs.php\"><\/script>\n     <script async src=\"https:\/\/cloud.metrike.com\/analytics\/a.php?domain_name=politiciando.com.br\/&#038;campaign_id=10518&#038;zone_id=7399\"><\/script>\n     <!\u2014 FIM TAG \u2014>\n\n\n\n<h3 class=\"wp-block-heading\">Valor deduzido reduz imposto ou aumenta restitui\u00e7\u00e3o<\/h3>\n\n\n\n<figure class=\"wp-block-image size-large\"><img loading=\"lazy\" decoding=\"async\" width=\"1024\" height=\"613\" src=\"https:\/\/politiciando.com.br\/wp-content\/uploads\/2021\/03\/mca_abr_21031913349-1024x613.jpg\" alt=\"\" class=\"wp-image-2722\" srcset=\"https:\/\/politiciando.com.br\/wp-content\/uploads\/2021\/03\/mca_abr_21031913349-1024x613.jpg 1024w, https:\/\/politiciando.com.br\/wp-content\/uploads\/2021\/03\/mca_abr_21031913349-300x179.jpg 300w, https:\/\/politiciando.com.br\/wp-content\/uploads\/2021\/03\/mca_abr_21031913349-768x459.jpg 768w, https:\/\/politiciando.com.br\/wp-content\/uploads\/2021\/03\/mca_abr_21031913349.jpg 1170w\" sizes=\"auto, (max-width: 1024px) 100vw, 1024px\" \/><figcaption>IMPOSTO DE RENDA 201,Declara\u00e7\u00e3o IRPF 2019<\/figcaption><\/figure>\n\n\n\n<!\u2014 INICIO TAG \u2014>\n     <!\u2014 \n     Id: 7399 \n     Campanha:  PANDEMIA\n     Server: Metrike \n     Ve\u00edculo:  POLITICIANDO \n     Cliente: GOVPB   \n     Formato: POLITICIANDO - 728X90 \n     Data de Veicula\u00e7\u00e3o: 05\/11\/2020 - 30\/11\/2020\n     \u2014>\n     <ins data-revive-zoneid=\"7399\" data-revive-id=\"566f260197bf822e7263f1a3667caa2f\"><\/ins>\n     <script async src=\"\/\/ads.metrike.com\/asyncjs.php\"><\/script>\n     <script async src=\"https:\/\/cloud.metrike.com\/analytics\/a.php?domain_name=politiciando.com.br\/&#038;campaign_id=10518&#038;zone_id=7399\"><\/script>\n     <!\u2014 FIM TAG \u2014>\n\n\n\n<p>As notas fiscais e os recibos armazenados ao longo de um ano inteiro s\u00e3o de grande valia na hora de preencher a declara\u00e7\u00e3o do Imposto de Renda Pessoa F\u00edsica. Por meio das comprova\u00e7\u00f5es de gastos, o contribuinte pode deduzir despesas e pagar menos imposto ou aumentar o valor da restitui\u00e7\u00e3o.<img decoding=\"async\" src=\"https:\/\/agenciabrasil.ebc.com.br\/ebc.png?id=1404173&amp;o=node\"><img decoding=\"async\" src=\"https:\/\/agenciabrasil.ebc.com.br\/ebc.gif?id=1404173&amp;o=node\"><\/p>\n\n\n\n<p>A primeira quest\u00e3o que o contribuinte deve decidir ao preencher a declara\u00e7\u00e3o diz respeito ao modelo escolhido, que depende do perfil de gastos. Indicada para quem tem poucas despesas a deduzir, a declara\u00e7\u00e3o simplificada considera um desconto padr\u00e3o de 20% sobre a base de c\u00e1lculo do imposto. A declara\u00e7\u00e3o completa \u00e9 indicada para quem tem mais gastos a deduzir, como filhos inclu\u00eddos como dependentes, escola particular, plano de sa\u00fade e fundos de previd\u00eancia privada.<\/p>\n\n\n\n<p>O desconto da declara\u00e7\u00e3o simplificada \u00e9 limitado a R$ 16.754,34. Caso o volume de dedu\u00e7\u00f5es supere esse valor, a declara\u00e7\u00e3o completa torna-se mais vantajosa. O contribuinte, no entanto, deve estar ciente de que precisa informar todos os dados, independentemente do modelo escolhido.<\/p>\n\n\n\n<!\u2014 INICIO TAG \u2014>\n     <!\u2014 \n     Id: 7399 \n     Campanha:  PANDEMIA\n     Server: Metrike \n     Ve\u00edculo:  POLITICIANDO \n     Cliente: GOVPB   \n     Formato: POLITICIANDO - 728X90 \n     Data de Veicula\u00e7\u00e3o: 05\/11\/2020 - 30\/11\/2020\n     \u2014>\n     <ins data-revive-zoneid=\"7399\" data-revive-id=\"566f260197bf822e7263f1a3667caa2f\"><\/ins>\n     <script async src=\"\/\/ads.metrike.com\/asyncjs.php\"><\/script>\n     <script async src=\"https:\/\/cloud.metrike.com\/analytics\/a.php?domain_name=politiciando.com.br\/&#038;campaign_id=10518&#038;zone_id=7399\"><\/script>\n     <!\u2014 FIM TAG \u2014>\n\n\n\n<p>Por defini\u00e7\u00e3o, o programa de preenchimento da declara\u00e7\u00e3o vem com o modelo completo (\u201cop\u00e7\u00e3o de tributa\u00e7\u00e3o por dedu\u00e7\u00f5es legais\u201d) selecionado. No entanto, o contribuinte n\u00e3o precisa se preocupar porque o pr\u00f3prio sistema avisa qual op\u00e7\u00e3o \u00e9 a mais vantajosa.<\/p>\n\n\n\n<p>No caso das dedu\u00e7\u00f5es com a Previd\u00eancia oficial e privada, o pr\u00f3prio informe de rendimentos diz\u00a0em que ficha da declara\u00e7\u00e3o os dados devem ser inclu\u00eddos. O mesmo ocorre com o demonstrativo fornecido pelos planos de sa\u00fade. Geralmente, as dedu\u00e7\u00f5es s\u00e3o feitas na ficha \u201cPagamentos e Doa\u00e7\u00f5es Efetuados\u201d. A dedu\u00e7\u00e3o das contribui\u00e7\u00f5es para a Previd\u00eancia oficial, no entanto, \u00e9 feita na ficha \u201cRendimentos Tribut\u00e1veis Recebidos de Pessoa Jur\u00eddica\u201d.<br><br>Confira que despesas podem ser deduzidas:<br><br>Dedu\u00e7\u00f5es<br>Declara\u00e7\u00e3o simplificada<br>\u2022 \u00a0Dedu\u00e7\u00e3o padr\u00e3o de 20% da renda tribut\u00e1vel, limitado a R$ 16.754,34<br><br>Declara\u00e7\u00e3o completa<br>\u2022 \u00a0Dedu\u00e7\u00e3o de at\u00e9 R$ 2.275,08 por dependente<br>\u2022 \u00a0Dedu\u00e7\u00e3o dos gastos com educa\u00e7\u00e3o pessoal e dos dependentes, limitada a R$ 3.561,50 por pessoa<br>\u2022 \u00a0Dedu\u00e7\u00e3o sem limite para despesas m\u00e9dicas e de sa\u00fade<br>\u2022 \u00a0Dedu\u00e7\u00e3o integral de pens\u00e3o aliment\u00edcia, limitada ao valor acordado na Justi\u00e7a<br>\u2022 \u00a0Contribui\u00e7\u00f5es para a Previd\u00eancia oficial, sem limite de valor<br>\u2022 \u00a0Contribui\u00e7\u00f5es para a Previd\u00eancia privada do tipo PGBL ou Fapi, limitada a 12% dos rendimentos tribut\u00e1veis no ano anterior<br>\u2022 \u00a0Aluguel: podem ser deduzidos gastos com Imposto Predial e Territorial Urbano (IPTU), taxas, condom\u00ednio, emolumentos, comiss\u00e3o do administrador do im\u00f3vel e honor\u00e1rios de cobran\u00e7a<br>\u2022 \u00a0Subloca\u00e7\u00e3o: quando um inquilino aluga um im\u00f3vel para alug\u00e1-lo a outra pessoa, \u00e9 poss\u00edvel deduzir o valor pago ao propriet\u00e1rio<br>\u2022 \u00a0<a href=\"https:\/\/agenciabrasil.ebc.com.br\/economia\/noticia\/2020-04\/saiba-como-doar-parte-do-imposto-de-renda-projetos-sociais\" target=\"_blank\" rel=\"noreferrer noopener\">Doa\u00e7\u00f5es a projetos<\/a>\u00a0financiados pelo Estatuto da Crian\u00e7a e do Adolescente (ECA) ou ao Estatuto do Idoso, limitadas a 6% do imposto devido ou da restitui\u00e7\u00e3o\u00a0<br>\u2022 \u00a0Doa\u00e7\u00f5es a projetos culturais e esportivos, dentro do limite de 6%<br>\u2022 \u00a0Doa\u00e7\u00f5es aos Programas Nacionais de Apoio \u00e0 Aten\u00e7\u00e3o da Sa\u00fade da Pessoa com Defici\u00eancia e de Apoio \u00e0 Aten\u00e7\u00e3o Oncol\u00f3gica, limitadas a 1% do imposto apurado na declara\u00e7\u00e3o e fora do limite global de 6%.<br>\u2022 \u00a0Desde 2020, dedu\u00e7\u00e3o de gastos dos patr\u00f5es com a previd\u00eancia de empregados\u00a0dom\u00e9sticos deixou de ser permitida.<\/p>\n\n\n\n<!\u2014 INICIO TAG \u2014>\n     <!\u2014 \n     Id: 7400 \n     Campanha:  PANDEMIA\n     Server: Metrike \n     Ve\u00edculo:  POLITICIANDO \n     Cliente: GOVPB   \n     Formato: POLITICIANDO - 300X250 \n     Data de Veicula\u00e7\u00e3o: 05\/11\/2020 - 30\/11\/2020\n     \u2014>\n     <ins data-revive-zoneid=\"7400\" data-revive-id=\"566f260197bf822e7263f1a3667caa2f\"><\/ins>\n     <script async src=\"\/\/ads.metrike.com\/asyncjs.php\"><\/script>\n     <script async src=\"https:\/\/cloud.metrike.com\/analytics\/a.php?domain_name=politiciando.com.br\/&#038;campaign_id=10518&#038;zone_id=7400\"><\/script>\n     <!\u2014 FIM TAG \u2014>\n\n\n\n<p>Agencia Brasil<\/p>\n","protected":false},"excerpt":{"rendered":"<p>Valor deduzido reduz imposto ou aumenta restitui\u00e7\u00e3o As notas fiscais e os recibos armazenados ao longo de um ano inteiro<\/p>\n","protected":false},"author":1,"featured_media":2722,"comment_status":"open","ping_status":"open","sticky":false,"template":"","format":"standard","meta":{"colormag_page_container_layout":"default_layout","colormag_page_sidebar_layout":"default_layout","_monsterinsights_skip_tracking":false,"_monsterinsights_sitenote_active":false,"_monsterinsights_sitenote_note":"","_monsterinsights_sitenote_category":0,"_jetpack_memberships_contains_paid_content":false,"footnotes":""},"categories":[1],"tags":[574,1150,1149],"class_list":["post-2721","post","type-post","status-publish","format-standard","has-post-thumbnail","hentry","category-economia","tag-governo-federal","tag-imposto-de-renda","tag-receita-federal"],"yoast_head":"<!-- This site is optimized with the Yoast SEO plugin v16.3 - https:\/\/yoast.com\/wordpress\/plugins\/seo\/ -->\n<title>Politiciando explica: dedu\u00e7\u00f5es do Imposto de Renda - Politiciando<\/title>\n<meta name=\"robots\" content=\"index, follow, max-snippet:-1, max-image-preview:large, max-video-preview:-1\" \/>\n<link rel=\"canonical\" href=\"https:\/\/politiciando.com.br\/?p=2721\" \/>\n<meta property=\"og:locale\" content=\"pt_BR\" \/>\n<meta property=\"og:type\" content=\"article\" \/>\n<meta property=\"og:title\" content=\"Politiciando explica: dedu\u00e7\u00f5es do Imposto de Renda - Politiciando\" \/>\n<meta property=\"og:description\" content=\"Valor deduzido reduz imposto ou aumenta restitui\u00e7\u00e3o As notas fiscais e os recibos armazenados ao longo de um ano inteiro\" \/>\n<meta property=\"og:url\" content=\"https:\/\/politiciando.com.br\/?p=2721\" \/>\n<meta property=\"og:site_name\" content=\"Politiciando\" \/>\n<meta property=\"article:publisher\" content=\"https:\/\/www.facebook.com\/Politician\" \/>\n<meta property=\"article:published_time\" content=\"2021-03-17T10:53:33+00:00\" \/>\n<meta property=\"article:modified_time\" content=\"2021-03-17T12:18:30+00:00\" \/>\n<meta property=\"og:image\" content=\"https:\/\/politiciando.com.br\/wp-content\/uploads\/2021\/03\/mca_abr_21031913349.jpg\" \/>\n\t<meta property=\"og:image:width\" content=\"1170\" \/>\n\t<meta property=\"og:image:height\" content=\"700\" \/>\n<meta name=\"twitter:card\" content=\"summary_large_image\" \/>\n<meta name=\"twitter:creator\" content=\"@politiciando\" \/>\n<meta name=\"twitter:site\" content=\"@politiciando\" \/>\n<meta name=\"twitter:label1\" content=\"Est. tempo de leitura\">\n\t<meta name=\"twitter:data1\" content=\"3 minutos\">\n<script type=\"application\/ld+json\" class=\"yoast-schema-graph\">{\"@context\":\"https:\/\/schema.org\",\"@graph\":[{\"@type\":\"WebSite\",\"@id\":\"https:\/\/politiciando.com.br\/#website\",\"url\":\"https:\/\/politiciando.com.br\/\",\"name\":\"Politiciando\",\"description\":\"A Not\\u00edcia como tem que ser!\",\"potentialAction\":[{\"@type\":\"SearchAction\",\"target\":\"https:\/\/politiciando.com.br\/?s={search_term_string}\",\"query-input\":\"required name=search_term_string\"}],\"inLanguage\":\"pt-BR\"},{\"@type\":\"ImageObject\",\"@id\":\"https:\/\/politiciando.com.br\/?p=2721#primaryimage\",\"inLanguage\":\"pt-BR\",\"url\":\"https:\/\/politiciando.com.br\/wp-content\/uploads\/2021\/03\/mca_abr_21031913349.jpg\",\"contentUrl\":\"https:\/\/politiciando.com.br\/wp-content\/uploads\/2021\/03\/mca_abr_21031913349.jpg\",\"width\":1170,\"height\":700,\"caption\":\"IMPOSTO DE RENDA 201,Declara\\u00e7\\u00e3o IRPF 2019\"},{\"@type\":\"WebPage\",\"@id\":\"https:\/\/politiciando.com.br\/?p=2721#webpage\",\"url\":\"https:\/\/politiciando.com.br\/?p=2721\",\"name\":\"Politiciando explica: dedu\\u00e7\\u00f5es do Imposto de Renda - Politiciando\",\"isPartOf\":{\"@id\":\"https:\/\/politiciando.com.br\/#website\"},\"primaryImageOfPage\":{\"@id\":\"https:\/\/politiciando.com.br\/?p=2721#primaryimage\"},\"datePublished\":\"2021-03-17T10:53:33+00:00\",\"dateModified\":\"2021-03-17T12:18:30+00:00\",\"author\":{\"@id\":\"https:\/\/politiciando.com.br\/#\/schema\/person\/be8395b998f06b83e7b3a1d9567ff61b\"},\"breadcrumb\":{\"@id\":\"https:\/\/politiciando.com.br\/?p=2721#breadcrumb\"},\"inLanguage\":\"pt-BR\",\"potentialAction\":[{\"@type\":\"ReadAction\",\"target\":[\"https:\/\/politiciando.com.br\/?p=2721\"]}]},{\"@type\":\"BreadcrumbList\",\"@id\":\"https:\/\/politiciando.com.br\/?p=2721#breadcrumb\",\"itemListElement\":[{\"@type\":\"ListItem\",\"position\":1,\"item\":{\"@type\":\"WebPage\",\"@id\":\"https:\/\/politiciando.com.br\/\",\"url\":\"https:\/\/politiciando.com.br\/\",\"name\":\"Home\"}},{\"@type\":\"ListItem\",\"position\":2,\"item\":{\"@id\":\"https:\/\/politiciando.com.br\/?p=2721#webpage\"}}]},{\"@type\":\"Person\",\"@id\":\"https:\/\/politiciando.com.br\/#\/schema\/person\/be8395b998f06b83e7b3a1d9567ff61b\",\"name\":\"redacaopoliticiando\",\"image\":{\"@type\":\"ImageObject\",\"@id\":\"https:\/\/politiciando.com.br\/#personlogo\",\"inLanguage\":\"pt-BR\",\"url\":\"https:\/\/secure.gravatar.com\/avatar\/6cfd6b7f4d5132d5b42f746a58e576a9ab04eae227797efa7fdd7a4aeb90ca9c?s=96&d=mm&r=g\",\"contentUrl\":\"https:\/\/secure.gravatar.com\/avatar\/6cfd6b7f4d5132d5b42f746a58e576a9ab04eae227797efa7fdd7a4aeb90ca9c?s=96&d=mm&r=g\",\"caption\":\"redacaopoliticiando\"},\"sameAs\":[\"https:\/\/politiciando.com.br\"],\"url\":\"https:\/\/politiciando.com.br\/?author=1\"}]}<\/script>\n<!-- \/ Yoast SEO plugin. -->","jetpack_featured_media_url":"https:\/\/politiciando.com.br\/wp-content\/uploads\/2021\/03\/mca_abr_21031913349.jpg","jetpack_sharing_enabled":true,"_links":{"self":[{"href":"https:\/\/politiciando.com.br\/index.php?rest_route=\/wp\/v2\/posts\/2721","targetHints":{"allow":["GET"]}}],"collection":[{"href":"https:\/\/politiciando.com.br\/index.php?rest_route=\/wp\/v2\/posts"}],"about":[{"href":"https:\/\/politiciando.com.br\/index.php?rest_route=\/wp\/v2\/types\/post"}],"author":[{"embeddable":true,"href":"https:\/\/politiciando.com.br\/index.php?rest_route=\/wp\/v2\/users\/1"}],"replies":[{"embeddable":true,"href":"https:\/\/politiciando.com.br\/index.php?rest_route=%2Fwp%2Fv2%2Fcomments&post=2721"}],"version-history":[{"count":2,"href":"https:\/\/politiciando.com.br\/index.php?rest_route=\/wp\/v2\/posts\/2721\/revisions"}],"predecessor-version":[{"id":2735,"href":"https:\/\/politiciando.com.br\/index.php?rest_route=\/wp\/v2\/posts\/2721\/revisions\/2735"}],"wp:featuredmedia":[{"embeddable":true,"href":"https:\/\/politiciando.com.br\/index.php?rest_route=\/wp\/v2\/media\/2722"}],"wp:attachment":[{"href":"https:\/\/politiciando.com.br\/index.php?rest_route=%2Fwp%2Fv2%2Fmedia&parent=2721"}],"wp:term":[{"taxonomy":"category","embeddable":true,"href":"https:\/\/politiciando.com.br\/index.php?rest_route=%2Fwp%2Fv2%2Fcategories&post=2721"},{"taxonomy":"post_tag","embeddable":true,"href":"https:\/\/politiciando.com.br\/index.php?rest_route=%2Fwp%2Fv2%2Ftags&post=2721"}],"curies":[{"name":"wp","href":"https:\/\/api.w.org\/{rel}","templated":true}]}}