{"id":2865,"date":"2021-04-07T09:07:24","date_gmt":"2021-04-07T12:07:24","guid":{"rendered":"https:\/\/politiciando.com.br\/?p=2865"},"modified":"2021-04-07T09:07:26","modified_gmt":"2021-04-07T12:07:26","slug":"oms-diz-que-imunizados-com-as-duas-doses-da-vacina-ainda-podem-pegar-covid-19","status":"publish","type":"post","link":"https:\/\/politiciando.com.br\/?p=2865","title":{"rendered":"OMS diz que imunizados com as duas doses da vacina ainda podem pegar Covid-19"},"content":{"rendered":"\n<!\u2014 INICIO TAG \u2014>\n     <!\u2014 \n     Id: 7399 \n     Campanha:  PANDEMIA\n     Server: Metrike \n     Ve\u00edculo:  POLITICIANDO \n     Cliente: GOVPB   \n     Formato: POLITICIANDO - 728X90 \n     Data de Veicula\u00e7\u00e3o: 05\/11\/2020 - 30\/11\/2020\n     \u2014>\n     <ins data-revive-zoneid=\"7399\" data-revive-id=\"566f260197bf822e7263f1a3667caa2f\"><\/ins>\n     <script async src=\"\/\/ads.metrike.com\/asyncjs.php\"><\/script>\n     <script async src=\"https:\/\/cloud.metrike.com\/analytics\/a.php?domain_name=politiciando.com.br\/&#038;campaign_id=10518&#038;zone_id=7399\"><\/script>\n     <!\u2014 FIM TAG \u2014>\n\n\n\n<h3 class=\"wp-block-heading\">Recentemente, o presidente da Argentina, Alberto Fernand\u00e9z, testou positivo para o novo coronav\u00edrus apesar de ter recebido a Sputnik V<\/h3>\n\n\n\n<!\u2014 INICIO TAG \u2014>\n     <!\u2014 \n     Id: 7399 \n     Campanha:  PANDEMIA\n     Server: Metrike \n     Ve\u00edculo:  POLITICIANDO \n     Cliente: GOVPB   \n     Formato: POLITICIANDO - 728X90 \n     Data de Veicula\u00e7\u00e3o: 05\/11\/2020 - 30\/11\/2020\n     \u2014>\n     <ins data-revive-zoneid=\"7399\" data-revive-id=\"566f260197bf822e7263f1a3667caa2f\"><\/ins>\n     <script async src=\"\/\/ads.metrike.com\/asyncjs.php\"><\/script>\n     <script async src=\"https:\/\/cloud.metrike.com\/analytics\/a.php?domain_name=politiciando.com.br\/&#038;campaign_id=10518&#038;zone_id=7399\"><\/script>\n     <!\u2014 FIM TAG \u2014>\n\n\n\n<!\u2014 INICIO TAG \u2014>\n     <!\u2014 \n     Id: 7400 \n     Campanha:  PANDEMIA\n     Server: Metrike \n     Ve\u00edculo:  POLITICIANDO \n     Cliente: GOVPB   \n     Formato: POLITICIANDO - 300X250 \n     Data de Veicula\u00e7\u00e3o: 05\/11\/2020 - 30\/11\/2020\n     \u2014>\n     <ins data-revive-zoneid=\"7400\" data-revive-id=\"566f260197bf822e7263f1a3667caa2f\"><\/ins>\n     <script async src=\"\/\/ads.metrike.com\/asyncjs.php\"><\/script>\n     <script async src=\"https:\/\/cloud.metrike.com\/analytics\/a.php?domain_name=politiciando.com.br\/&#038;campaign_id=10518&#038;zone_id=7400\"><\/script>\n     <!\u2014 FIM TAG \u2014>\n\n\n\n<figure class=\"wp-block-image is-resized\"><a href=\"https:\/\/jovempan.com.br\/noticias\/mundo\/agencia-europeia-reconhece-relacao-entre-vacina-de-oxford-e-casos-de-trombose.html\"><img loading=\"lazy\" decoding=\"async\" src=\"https:\/\/jpimg.com.br\/uploads\/2021\/04\/ec84f81b02f73f89eb30accddf1eba53a6a4c7e2w.jpg\" alt=\"\" width=\"1133\" height=\"756\"\/><\/a><\/figure>\n\n\n\n<!\u2014 INICIO TAG \u2014>\n     <!\u2014 \n     Id: 7399 \n     Campanha:  PANDEMIA\n     Server: Metrike \n     Ve\u00edculo:  POLITICIANDO \n     Cliente: GOVPB   \n     Formato: POLITICIANDO - 728X90 \n     Data de Veicula\u00e7\u00e3o: 05\/11\/2020 - 30\/11\/2020\n     \u2014>\n     <ins data-revive-zoneid=\"7399\" data-revive-id=\"566f260197bf822e7263f1a3667caa2f\"><\/ins>\n     <script async src=\"\/\/ads.metrike.com\/asyncjs.php\"><\/script>\n     <script async src=\"https:\/\/cloud.metrike.com\/analytics\/a.php?domain_name=politiciando.com.br\/&#038;campaign_id=10518&#038;zone_id=7399\"><\/script>\n     <!\u2014 FIM TAG \u2014>\n\n\n\n<p>A&nbsp;<strong><a href=\"https:\/\/jovempan.com.br\/tag\/oms\">Organiza\u00e7\u00e3o Mundial da Sa\u00fade (OMS)<\/a>&nbsp;<\/strong>fez um alerta nesta ter\u00e7a-feira, 6, sobre casos de contamina\u00e7\u00e3o pelo&nbsp;<strong><a href=\"https:\/\/jovempan.com.br\/tag\/coronavirus\">novo coronav\u00edrus<\/a>&nbsp;<\/strong>em pessoas que j\u00e1 receberam as duas doses da&nbsp;<strong><a href=\"https:\/\/jovempan.com.br\/tag\/vacina-contra-covid-19\">vacina contra a Covid-19<\/a><\/strong>. \u201cH\u00e1 pessoas que, embora estejam imunizadas, podem se infectar\u201d, disse a porta-voz da ag\u00eancia, Margaret Harris, durante uma entrevista coletiva. A representante ressaltou, no entanto, que as vacinas continuam sendo uma boa ferramenta no combate \u00e0 pandemia, desde que sejam respeitadas as recomenda\u00e7\u00f5es de distanciamento social e higiene pessoal. No \u00faltimo s\u00e1bado, 3, o presidente da&nbsp;<strong><a href=\"https:\/\/jovempan.com.br\/tag\/argentina\">Argentina<\/a><\/strong>,&nbsp;<strong><a href=\"https:\/\/jovempan.com.br\/tag\/alberto-fernandez\">Alberto Fern\u00e1ndez<\/a>,<\/strong>&nbsp;anunciou atrav\u00e9s do seu perfil oficial no Twitter que est\u00e1 com a Covid-19, apesar de ter recebido a primeira dose da vacina russa&nbsp;<strong><a href=\"https:\/\/jovempan.com.br\/tag\/sputnik-v\">Sputnik V<\/a><\/strong>&nbsp;em janeiro e a segunda, em fevereiro. No dia seguinte, a m\u00e9dica presidencial garantiu que o fato de ter sido imunizado fez com que o chefe de governo n\u00e3o desenvolvesse um quadro de sa\u00fade pior. A informa\u00e7\u00e3o foi reiterada pelo Instituto Gamaleya, que afirmou que a vacina desenvolvida na&nbsp;<strong><a href=\"https:\/\/jovempan.com.br\/tag\/russia\">R\u00fassia<\/a><\/strong>&nbsp;\u00e9 91,6% eficaz contra infec\u00e7\u00f5es e 100% eficaz contra casos graves, de forma que o presidente argentino deve ter uma recupera\u00e7\u00e3o r\u00e1pida, sem o desenvolvimento de sintomas mais significativos.<\/p>\n\n\n\n<!\u2014 INICIO TAG \u2014>\n     <!\u2014 \n     Id: 7399 \n     Campanha:  PANDEMIA\n     Server: Metrike \n     Ve\u00edculo:  POLITICIANDO \n     Cliente: GOVPB   \n     Formato: POLITICIANDO - 728X90 \n     Data de Veicula\u00e7\u00e3o: 05\/11\/2020 - 30\/11\/2020\n     \u2014>\n     <ins data-revive-zoneid=\"7399\" data-revive-id=\"566f260197bf822e7263f1a3667caa2f\"><\/ins>\n     <script async src=\"\/\/ads.metrike.com\/asyncjs.php\"><\/script>\n     <script async src=\"https:\/\/cloud.metrike.com\/analytics\/a.php?domain_name=politiciando.com.br\/&#038;campaign_id=10518&#038;zone_id=7399\"><\/script>\n     <!\u2014 FIM TAG \u2014>\n\n\n\n<!\u2014 INICIO TAG \u2014>\n     <!\u2014 \n     Id: 7400 \n     Campanha:  PANDEMIA\n     Server: Metrike \n     Ve\u00edculo:  POLITICIANDO \n     Cliente: GOVPB   \n     Formato: POLITICIANDO - 300X250 \n     Data de Veicula\u00e7\u00e3o: 05\/11\/2020 - 30\/11\/2020\n     \u2014>\n     <ins data-revive-zoneid=\"7400\" data-revive-id=\"566f260197bf822e7263f1a3667caa2f\"><\/ins>\n     <script async src=\"\/\/ads.metrike.com\/asyncjs.php\"><\/script>\n     <script async src=\"https:\/\/cloud.metrike.com\/analytics\/a.php?domain_name=politiciando.com.br\/&#038;campaign_id=10518&#038;zone_id=7400\"><\/script>\n     <!\u2014 FIM TAG \u2014>\n\n\n\n<!\u2014 INICIO TAG \u2014>\n     <!\u2014 \n     Id: 7399 \n     Campanha:  PANDEMIA\n     Server: Metrike \n     Ve\u00edculo:  POLITICIANDO \n     Cliente: GOVPB   \n     Formato: POLITICIANDO - 728X90 \n     Data de Veicula\u00e7\u00e3o: 05\/11\/2020 - 30\/11\/2020\n     \u2014>\n     <ins data-revive-zoneid=\"7399\" data-revive-id=\"566f260197bf822e7263f1a3667caa2f\"><\/ins>\n     <script async src=\"\/\/ads.metrike.com\/asyncjs.php\"><\/script>\n     <script async src=\"https:\/\/cloud.metrike.com\/analytics\/a.php?domain_name=politiciando.com.br\/&#038;campaign_id=10518&#038;zone_id=7399\"><\/script>\n     <!\u2014 FIM TAG \u2014>\n\n\n\n<p>*Com informa\u00e7\u00f5es da EFE<\/p>\n","protected":false},"excerpt":{"rendered":"<p>Recentemente, o presidente da Argentina, Alberto Fernand\u00e9z, testou positivo para o novo coronav\u00edrus apesar de ter recebido a Sputnik V<\/p>\n","protected":false},"author":1,"featured_media":2866,"comment_status":"open","ping_status":"open","sticky":false,"template":"","format":"standard","meta":{"colormag_page_container_layout":"default_layout","colormag_page_sidebar_layout":"default_layout","_monsterinsights_skip_tracking":false,"_monsterinsights_sitenote_active":false,"_monsterinsights_sitenote_note":"","_monsterinsights_sitenote_category":0,"_jetpack_memberships_contains_paid_content":false,"footnotes":""},"categories":[47],"tags":[1187,866],"class_list":["post-2865","post","type-post","status-publish","format-standard","has-post-thumbnail","hentry","category-saude","tag-argentina","tag-oms"],"yoast_head":"<!-- This site is optimized with the Yoast SEO plugin v16.3 - https:\/\/yoast.com\/wordpress\/plugins\/seo\/ -->\n<title>OMS diz que imunizados com as duas doses da vacina ainda podem pegar Covid-19 - Politiciando<\/title>\n<meta name=\"robots\" content=\"index, follow, max-snippet:-1, max-image-preview:large, max-video-preview:-1\" \/>\n<link rel=\"canonical\" href=\"https:\/\/politiciando.com.br\/?p=2865\" \/>\n<meta property=\"og:locale\" content=\"pt_BR\" \/>\n<meta property=\"og:type\" content=\"article\" \/>\n<meta property=\"og:title\" content=\"OMS diz que imunizados com as duas doses da vacina ainda podem pegar Covid-19 - Politiciando\" \/>\n<meta property=\"og:description\" content=\"Recentemente, o presidente da Argentina, Alberto Fernand\u00e9z, testou positivo para o novo coronav\u00edrus apesar de ter recebido a Sputnik V\" \/>\n<meta property=\"og:url\" content=\"https:\/\/politiciando.com.br\/?p=2865\" \/>\n<meta property=\"og:site_name\" content=\"Politiciando\" \/>\n<meta property=\"article:publisher\" content=\"https:\/\/www.facebook.com\/Politician\" \/>\n<meta property=\"article:published_time\" content=\"2021-04-07T12:07:24+00:00\" \/>\n<meta property=\"article:modified_time\" content=\"2021-04-07T12:07:26+00:00\" \/>\n<meta property=\"og:image\" content=\"https:\/\/politiciando.com.br\/wp-content\/uploads\/2021\/04\/ap21063581911336.jpg\" \/>\n\t<meta property=\"og:image:width\" content=\"1008\" \/>\n\t<meta property=\"og:image:height\" content=\"631\" \/>\n<meta name=\"twitter:card\" content=\"summary_large_image\" \/>\n<meta name=\"twitter:creator\" content=\"@politiciando\" \/>\n<meta name=\"twitter:site\" content=\"@politiciando\" \/>\n<meta name=\"twitter:label1\" content=\"Est. tempo de leitura\">\n\t<meta name=\"twitter:data1\" content=\"1 minuto\">\n<script type=\"application\/ld+json\" class=\"yoast-schema-graph\">{\"@context\":\"https:\/\/schema.org\",\"@graph\":[{\"@type\":\"WebSite\",\"@id\":\"https:\/\/politiciando.com.br\/#website\",\"url\":\"https:\/\/politiciando.com.br\/\",\"name\":\"Politiciando\",\"description\":\"A Not\\u00edcia como tem que ser!\",\"potentialAction\":[{\"@type\":\"SearchAction\",\"target\":\"https:\/\/politiciando.com.br\/?s={search_term_string}\",\"query-input\":\"required name=search_term_string\"}],\"inLanguage\":\"pt-BR\"},{\"@type\":\"ImageObject\",\"@id\":\"https:\/\/politiciando.com.br\/?p=2865#primaryimage\",\"inLanguage\":\"pt-BR\",\"url\":\"https:\/\/politiciando.com.br\/wp-content\/uploads\/2021\/04\/ap21063581911336.jpg\",\"contentUrl\":\"https:\/\/politiciando.com.br\/wp-content\/uploads\/2021\/04\/ap21063581911336.jpg\",\"width\":1008,\"height\":631},{\"@type\":\"WebPage\",\"@id\":\"https:\/\/politiciando.com.br\/?p=2865#webpage\",\"url\":\"https:\/\/politiciando.com.br\/?p=2865\",\"name\":\"OMS diz que imunizados com as duas doses da vacina ainda podem pegar Covid-19 - Politiciando\",\"isPartOf\":{\"@id\":\"https:\/\/politiciando.com.br\/#website\"},\"primaryImageOfPage\":{\"@id\":\"https:\/\/politiciando.com.br\/?p=2865#primaryimage\"},\"datePublished\":\"2021-04-07T12:07:24+00:00\",\"dateModified\":\"2021-04-07T12:07:26+00:00\",\"author\":{\"@id\":\"https:\/\/politiciando.com.br\/#\/schema\/person\/be8395b998f06b83e7b3a1d9567ff61b\"},\"breadcrumb\":{\"@id\":\"https:\/\/politiciando.com.br\/?p=2865#breadcrumb\"},\"inLanguage\":\"pt-BR\",\"potentialAction\":[{\"@type\":\"ReadAction\",\"target\":[\"https:\/\/politiciando.com.br\/?p=2865\"]}]},{\"@type\":\"BreadcrumbList\",\"@id\":\"https:\/\/politiciando.com.br\/?p=2865#breadcrumb\",\"itemListElement\":[{\"@type\":\"ListItem\",\"position\":1,\"item\":{\"@type\":\"WebPage\",\"@id\":\"https:\/\/politiciando.com.br\/\",\"url\":\"https:\/\/politiciando.com.br\/\",\"name\":\"Home\"}},{\"@type\":\"ListItem\",\"position\":2,\"item\":{\"@id\":\"https:\/\/politiciando.com.br\/?p=2865#webpage\"}}]},{\"@type\":\"Person\",\"@id\":\"https:\/\/politiciando.com.br\/#\/schema\/person\/be8395b998f06b83e7b3a1d9567ff61b\",\"name\":\"redacaopoliticiando\",\"image\":{\"@type\":\"ImageObject\",\"@id\":\"https:\/\/politiciando.com.br\/#personlogo\",\"inLanguage\":\"pt-BR\",\"url\":\"https:\/\/secure.gravatar.com\/avatar\/6cfd6b7f4d5132d5b42f746a58e576a9ab04eae227797efa7fdd7a4aeb90ca9c?s=96&d=mm&r=g\",\"contentUrl\":\"https:\/\/secure.gravatar.com\/avatar\/6cfd6b7f4d5132d5b42f746a58e576a9ab04eae227797efa7fdd7a4aeb90ca9c?s=96&d=mm&r=g\",\"caption\":\"redacaopoliticiando\"},\"sameAs\":[\"https:\/\/politiciando.com.br\"],\"url\":\"https:\/\/politiciando.com.br\/?author=1\"}]}<\/script>\n<!-- \/ Yoast SEO plugin. -->","jetpack_featured_media_url":"https:\/\/politiciando.com.br\/wp-content\/uploads\/2021\/04\/ap21063581911336.jpg","jetpack_sharing_enabled":true,"_links":{"self":[{"href":"https:\/\/politiciando.com.br\/index.php?rest_route=\/wp\/v2\/posts\/2865","targetHints":{"allow":["GET"]}}],"collection":[{"href":"https:\/\/politiciando.com.br\/index.php?rest_route=\/wp\/v2\/posts"}],"about":[{"href":"https:\/\/politiciando.com.br\/index.php?rest_route=\/wp\/v2\/types\/post"}],"author":[{"embeddable":true,"href":"https:\/\/politiciando.com.br\/index.php?rest_route=\/wp\/v2\/users\/1"}],"replies":[{"embeddable":true,"href":"https:\/\/politiciando.com.br\/index.php?rest_route=%2Fwp%2Fv2%2Fcomments&post=2865"}],"version-history":[{"count":2,"href":"https:\/\/politiciando.com.br\/index.php?rest_route=\/wp\/v2\/posts\/2865\/revisions"}],"predecessor-version":[{"id":2868,"href":"https:\/\/politiciando.com.br\/index.php?rest_route=\/wp\/v2\/posts\/2865\/revisions\/2868"}],"wp:featuredmedia":[{"embeddable":true,"href":"https:\/\/politiciando.com.br\/index.php?rest_route=\/wp\/v2\/media\/2866"}],"wp:attachment":[{"href":"https:\/\/politiciando.com.br\/index.php?rest_route=%2Fwp%2Fv2%2Fmedia&parent=2865"}],"wp:term":[{"taxonomy":"category","embeddable":true,"href":"https:\/\/politiciando.com.br\/index.php?rest_route=%2Fwp%2Fv2%2Fcategories&post=2865"},{"taxonomy":"post_tag","embeddable":true,"href":"https:\/\/politiciando.com.br\/index.php?rest_route=%2Fwp%2Fv2%2Ftags&post=2865"}],"curies":[{"name":"wp","href":"https:\/\/api.w.org\/{rel}","templated":true}]}}