{"id":3397,"date":"2021-06-17T08:23:50","date_gmt":"2021-06-17T11:23:50","guid":{"rendered":"https:\/\/politiciando.com.br\/?p=3397"},"modified":"2021-06-17T08:23:52","modified_gmt":"2021-06-17T11:23:52","slug":"limpeza-urbana","status":"publish","type":"post","link":"https:\/\/politiciando.com.br\/?p=3397","title":{"rendered":"Limpeza Urbana"},"content":{"rendered":"\n<h2 class=\"wp-block-heading\">Emlur recolhe mais de 166 mil toneladas de res\u00edduos s\u00f3lidos no acumulado de janeiro a maio<\/h2>\n\n\n\n<!\u2014 INICIO TAG \u2014>\n     <!\u2014 \n     Id: 7399 \n     Campanha:  DETRAN S\u00c3O JO\u00c3O\n     Server: Metrike \n     Ve\u00edculo:  POLITICIANDO \n     Cliente: GOVPB   \n     Formato: POLITICIANDO - 728X90 \n     Data de Veicula\u00e7\u00e3o: 07\/06\/2021 - 30\/06\/2021\n     \u2014>\n     <ins data-revive-zoneid=\"7399\" data-revive-id=\"566f260197bf822e7263f1a3667caa2f\"><\/ins>\n     <script async src=\"\/\/ads.metrike.com\/asyncjs.php\"><\/script>\n     <!\u2014 FIM TAG \u2014>\n\n\n\n<!\u2014 INICIO TAG \u2014>\n     <!\u2014 \n     Id: 7400 \n     Campanha:  DETRAN S\u00c3O JO\u00c3O\n     Server: Metrike \n     Ve\u00edculo:  POLITICIANDO \n     Cliente: GOVPB   \n     Formato: POLITICIANDO - 300X250 \n     Data de Veicula\u00e7\u00e3o: 07\/06\/2021 - 30\/06\/2021\n     \u2014>\n     <ins data-revive-zoneid=\"7400\" data-revive-id=\"566f260197bf822e7263f1a3667caa2f\"><\/ins>\n     <script async src=\"\/\/ads.metrike.com\/asyncjs.php\"><\/script>\n     <!\u2014 FIM TAG \u2014>\n\n\n\n<p>A Autarquia Especial Municipal de Limpeza Urbana (Emlur) j\u00e1 recolheu 166.337 toneladas de res\u00edduos s\u00f3lidos, em Jo\u00e3o Pessoa, no acumulado de janeiro a maio deste ano. As a\u00e7\u00f5es de coleta de res\u00edduos domiciliares e as de limpeza urbana, incluindo capina\u00e7\u00e3o, ro\u00e7agem, pintura de meio fio e retirada de entulhos e de res\u00edduos de podas de \u00e1rvores t\u00eam beneficiado a popula\u00e7\u00e3o de todos os bairros da Capital, incluindo n\u00e3o s\u00f3 as vias, mas, tamb\u00e9m os pr\u00e9dios p\u00fablicos.<\/p>\n\n\n\n<figure class=\"wp-block-image\"><img decoding=\"async\" src=\"https:\/\/www.joaopessoa.pb.gov.br\/wp-content\/uploads\/2021\/06\/Acoes-de-limpeza-urbana_fotos_Carlos-Nunes-2-1024x688.jpg\" alt=\"\" class=\"wp-image-244903\"\/><\/figure>\n\n\n\n<!\u2014 INICIO TAG \u2014>\n     <!\u2014 \n     Id: 7400 \n     Campanha:  DETRAN S\u00c3O JO\u00c3O\n     Server: Metrike \n     Ve\u00edculo:  POLITICIANDO \n     Cliente: GOVPB   \n     Formato: POLITICIANDO - 300X250 \n     Data de Veicula\u00e7\u00e3o: 07\/06\/2021 - 30\/06\/2021\n     \u2014>\n     <ins data-revive-zoneid=\"7400\" data-revive-id=\"566f260197bf822e7263f1a3667caa2f\"><\/ins>\n     <script async src=\"\/\/ads.metrike.com\/asyncjs.php\"><\/script>\n     <!\u2014 FIM TAG \u2014>\n\n\n\n<!\u2014 INICIO TAG \u2014>\n     <!\u2014 \n     Id: 7399 \n     Campanha:  DETRAN S\u00c3O JO\u00c3O\n     Server: Metrike \n     Ve\u00edculo:  POLITICIANDO \n     Cliente: GOVPB   \n     Formato: POLITICIANDO - 728X90 \n     Data de Veicula\u00e7\u00e3o: 07\/06\/2021 - 30\/06\/2021\n     \u2014>\n     <ins data-revive-zoneid=\"7399\" data-revive-id=\"566f260197bf822e7263f1a3667caa2f\"><\/ins>\n     <script async src=\"\/\/ads.metrike.com\/asyncjs.php\"><\/script>\n     <!\u2014 FIM TAG \u2014>\n\n\n\n<p>De acordo com o superintendente da Emlur, Ricardo Veloso, toda a execu\u00e7\u00e3o dos servi\u00e7os \u00e9 feita mediante planejamento. \u201cSeguimos um cronograma de atividades para que possamos manter toda a cidade limpa e de maneira organizada, realizando os ajustes, quando necess\u00e1rio, a exemplo das a\u00e7\u00f5es de apoio \u00e0 Coordenadoria de Defesa Civil, em car\u00e1ter emergencial\u201d, explica.<\/p>\n\n\n\n<p>De janeiro a maio, a Emlur tem realizado a\u00e7\u00f5es concentradas de limpeza urbana nos bairros. \u201cEste trabalho \u00e9 cont\u00ednuo, j\u00e1 que retornamos \u00e0s mesmas localidades j\u00e1 beneficiadas desde o in\u00edcio do ano, para que haja a manuten\u00e7\u00e3o da limpeza. Tamb\u00e9m realizamos os servi\u00e7os nos maiores corredores vi\u00e1rios, nos meses de mar\u00e7o e maio\u201d, conta o superintendente executivo, Igo Morais.<\/p>\n\n\n\n<!\u2014 INICIO TAG \u2014>\n     <!\u2014 \n     Id: 7399 \n     Campanha:  DETRAN S\u00c3O JO\u00c3O\n     Server: Metrike \n     Ve\u00edculo:  POLITICIANDO \n     Cliente: GOVPB   \n     Formato: POLITICIANDO - 728X90 \n     Data de Veicula\u00e7\u00e3o: 07\/06\/2021 - 30\/06\/2021\n     \u2014>\n     <ins data-revive-zoneid=\"7399\" data-revive-id=\"566f260197bf822e7263f1a3667caa2f\"><\/ins>\n     <script async src=\"\/\/ads.metrike.com\/asyncjs.php\"><\/script>\n     <!\u2014 FIM TAG \u2014>\n\n\n\n<figure class=\"wp-block-image\"><img decoding=\"async\" src=\"https:\/\/www.joaopessoa.pb.gov.br\/wp-content\/uploads\/2021\/06\/Acoes-de-limpeza-urbana_fotos_Carlos-Nunes-5-1024x678.jpg\" alt=\"\" class=\"wp-image-244904\"\/><\/figure>\n\n\n\n<!\u2014 INICIO TAG \u2014>\n     <!\u2014 \n     Id: 7399 \n     Campanha:  DETRAN S\u00c3O JO\u00c3O\n     Server: Metrike \n     Ve\u00edculo:  POLITICIANDO \n     Cliente: GOVPB   \n     Formato: POLITICIANDO - 728X90 \n     Data de Veicula\u00e7\u00e3o: 07\/06\/2021 - 30\/06\/2021\n     \u2014>\n     <ins data-revive-zoneid=\"7399\" data-revive-id=\"566f260197bf822e7263f1a3667caa2f\"><\/ins>\n     <script async src=\"\/\/ads.metrike.com\/asyncjs.php\"><\/script>\n     <!\u2014 FIM TAG \u2014>\n\n\n\n<p>Do total de 166.337 toneladas de res\u00edduos s\u00f3lidos recolhidos pela Emlur, 108.715 toneladas s\u00e3o de res\u00edduos domiciliares, 53.115 toneladas s\u00e3o de entulho e 4.503 toneladas s\u00e3o de res\u00edduos de poda. Os agentes de limpeza realizaram as a\u00e7\u00f5es de capina\u00e7\u00e3o, varri\u00e7\u00e3o, ro\u00e7agem e pintura de meio fio em 1.712 km de vias e em 384 pr\u00e9dios p\u00fablicos municipais.<\/p>\n\n\n\n<p><strong>Espa\u00e7os p\u00fablicos<\/strong>&nbsp;\u2013 S\u00e3o realizados periodicamente os servi\u00e7os de lavagem e limpeza de mercados e feiras livres, limpeza nos cemit\u00e9rios p\u00fablicos municipais, al\u00e9m de outros pr\u00e9dios p\u00fablicos, como unidades de sa\u00fade da fam\u00edlia ou centros de refer\u00eancia da cidadania. Ainda foi feita a lavagem e sanitiza\u00e7\u00e3o do Centro Hist\u00f3rico.<\/p>\n\n\n\n<!\u2014 INICIO TAG \u2014>\n     <!\u2014 \n     Id: 7399 \n     Campanha:  DETRAN S\u00c3O JO\u00c3O\n     Server: Metrike \n     Ve\u00edculo:  POLITICIANDO \n     Cliente: GOVPB   \n     Formato: POLITICIANDO - 728X90 \n     Data de Veicula\u00e7\u00e3o: 07\/06\/2021 - 30\/06\/2021\n     \u2014>\n     <ins data-revive-zoneid=\"7399\" data-revive-id=\"566f260197bf822e7263f1a3667caa2f\"><\/ins>\n     <script async src=\"\/\/ads.metrike.com\/asyncjs.php\"><\/script>\n     <!\u2014 FIM TAG \u2014>\n\n\n\n<figure class=\"wp-block-image\"><img decoding=\"async\" src=\"https:\/\/www.joaopessoa.pb.gov.br\/wp-content\/uploads\/2021\/06\/Acoes-de-limpeza-urbana_fotos_Carlos-Nunes-7-1024x678.jpg\" alt=\"\" class=\"wp-image-244905\"\/><\/figure>\n\n\n\n<!\u2014 INICIO TAG \u2014>\n     <!\u2014 \n     Id: 7399 \n     Campanha:  DETRAN S\u00c3O JO\u00c3O\n     Server: Metrike \n     Ve\u00edculo:  POLITICIANDO \n     Cliente: GOVPB   \n     Formato: POLITICIANDO - 728X90 \n     Data de Veicula\u00e7\u00e3o: 07\/06\/2021 - 30\/06\/2021\n     \u2014>\n     <ins data-revive-zoneid=\"7399\" data-revive-id=\"566f260197bf822e7263f1a3667caa2f\"><\/ins>\n     <script async src=\"\/\/ads.metrike.com\/asyncjs.php\"><\/script>\n     <!\u2014 FIM TAG \u2014>\n\n\n\n<p>Nesta semana, as equipes est\u00e3o realizando a\u00e7\u00f5es de capina\u00e7\u00e3o, ro\u00e7agem, limpeza e pintura de meio fio no Costa e Silva e na Cidade dos Funcion\u00e1rios, em uma a\u00e7\u00e3o conjunta com as secretarias de Desenvolvimento Urbano, de Infraestrutura e de Meio Ambiente, que desempenham atividades de zeladoria, al\u00e9m da Superintend\u00eancia Executiva de Mobilidade Urbana. As equipes da Emlur ainda est\u00e3o trabalhando nos bairros de Jaguaribe, Cristo Redentor, Varj\u00e3o e Miramar. Os servi\u00e7os no Castelo Branco e na Cidade Verde j\u00e1 foram finalizados.<\/p>\n\n\n\n<!\u2014 INICIO TAG \u2014>\n     <!\u2014 \n     Id: 7399 \n     Campanha:  DETRAN S\u00c3O JO\u00c3O\n     Server: Metrike \n     Ve\u00edculo:  POLITICIANDO \n     Cliente: GOVPB   \n     Formato: POLITICIANDO - 728X90 \n     Data de Veicula\u00e7\u00e3o: 07\/06\/2021 - 30\/06\/2021\n     \u2014>\n     <ins data-revive-zoneid=\"7399\" data-revive-id=\"566f260197bf822e7263f1a3667caa2f\"><\/ins>\n     <script async src=\"\/\/ads.metrike.com\/asyncjs.php\"><\/script>\n     <!\u2014 FIM TAG \u2014>\n","protected":false},"excerpt":{"rendered":"<p>Emlur recolhe mais de 166 mil toneladas de res\u00edduos s\u00f3lidos no acumulado de janeiro a maio A Autarquia Especial Municipal<\/p>\n","protected":false},"author":1,"featured_media":3398,"comment_status":"open","ping_status":"open","sticky":false,"template":"","format":"standard","meta":{"colormag_page_container_layout":"default_layout","colormag_page_sidebar_layout":"default_layout","_monsterinsights_skip_tracking":false,"_monsterinsights_sitenote_active":false,"_monsterinsights_sitenote_note":"","_monsterinsights_sitenote_category":0,"_jetpack_memberships_contains_paid_content":false,"footnotes":""},"categories":[50],"tags":[],"class_list":["post-3397","post","type-post","status-publish","format-standard","has-post-thumbnail","hentry","category-paraiba"],"yoast_head":"<!-- This site is optimized with the Yoast SEO plugin v16.3 - https:\/\/yoast.com\/wordpress\/plugins\/seo\/ -->\n<title>Limpeza Urbana - Politiciando<\/title>\n<meta name=\"robots\" content=\"index, follow, max-snippet:-1, max-image-preview:large, max-video-preview:-1\" \/>\n<link rel=\"canonical\" href=\"https:\/\/politiciando.com.br\/?p=3397\" \/>\n<meta property=\"og:locale\" content=\"pt_BR\" \/>\n<meta property=\"og:type\" content=\"article\" \/>\n<meta property=\"og:title\" content=\"Limpeza Urbana - Politiciando\" \/>\n<meta property=\"og:description\" content=\"Emlur recolhe mais de 166 mil toneladas de res\u00edduos s\u00f3lidos no acumulado de janeiro a maio A Autarquia Especial Municipal\" \/>\n<meta property=\"og:url\" content=\"https:\/\/politiciando.com.br\/?p=3397\" \/>\n<meta property=\"og:site_name\" content=\"Politiciando\" \/>\n<meta property=\"article:publisher\" content=\"https:\/\/www.facebook.com\/Politician\" \/>\n<meta property=\"article:published_time\" content=\"2021-06-17T11:23:50+00:00\" \/>\n<meta property=\"article:modified_time\" content=\"2021-06-17T11:23:52+00:00\" \/>\n<meta property=\"og:image\" content=\"https:\/\/politiciando.com.br\/wp-content\/uploads\/2021\/06\/Acoes-de-limpeza-urbana_fotos_Carlos-Nunes-7-1024x678-1.jpg\" \/>\n\t<meta property=\"og:image:width\" content=\"1024\" \/>\n\t<meta property=\"og:image:height\" content=\"678\" \/>\n<meta name=\"twitter:card\" content=\"summary_large_image\" \/>\n<meta name=\"twitter:creator\" content=\"@politiciando\" \/>\n<meta name=\"twitter:site\" content=\"@politiciando\" \/>\n<meta name=\"twitter:label1\" content=\"Est. tempo de leitura\">\n\t<meta name=\"twitter:data1\" content=\"3 minutos\">\n<script type=\"application\/ld+json\" class=\"yoast-schema-graph\">{\"@context\":\"https:\/\/schema.org\",\"@graph\":[{\"@type\":\"WebSite\",\"@id\":\"https:\/\/politiciando.com.br\/#website\",\"url\":\"https:\/\/politiciando.com.br\/\",\"name\":\"Politiciando\",\"description\":\"A Not\\u00edcia como tem que ser!\",\"potentialAction\":[{\"@type\":\"SearchAction\",\"target\":\"https:\/\/politiciando.com.br\/?s={search_term_string}\",\"query-input\":\"required name=search_term_string\"}],\"inLanguage\":\"pt-BR\"},{\"@type\":\"ImageObject\",\"@id\":\"https:\/\/politiciando.com.br\/?p=3397#primaryimage\",\"inLanguage\":\"pt-BR\",\"url\":\"https:\/\/politiciando.com.br\/wp-content\/uploads\/2021\/06\/Acoes-de-limpeza-urbana_fotos_Carlos-Nunes-7-1024x678-1.jpg\",\"contentUrl\":\"https:\/\/politiciando.com.br\/wp-content\/uploads\/2021\/06\/Acoes-de-limpeza-urbana_fotos_Carlos-Nunes-7-1024x678-1.jpg\",\"width\":1024,\"height\":678},{\"@type\":\"WebPage\",\"@id\":\"https:\/\/politiciando.com.br\/?p=3397#webpage\",\"url\":\"https:\/\/politiciando.com.br\/?p=3397\",\"name\":\"Limpeza Urbana - Politiciando\",\"isPartOf\":{\"@id\":\"https:\/\/politiciando.com.br\/#website\"},\"primaryImageOfPage\":{\"@id\":\"https:\/\/politiciando.com.br\/?p=3397#primaryimage\"},\"datePublished\":\"2021-06-17T11:23:50+00:00\",\"dateModified\":\"2021-06-17T11:23:52+00:00\",\"author\":{\"@id\":\"https:\/\/politiciando.com.br\/#\/schema\/person\/be8395b998f06b83e7b3a1d9567ff61b\"},\"breadcrumb\":{\"@id\":\"https:\/\/politiciando.com.br\/?p=3397#breadcrumb\"},\"inLanguage\":\"pt-BR\",\"potentialAction\":[{\"@type\":\"ReadAction\",\"target\":[\"https:\/\/politiciando.com.br\/?p=3397\"]}]},{\"@type\":\"BreadcrumbList\",\"@id\":\"https:\/\/politiciando.com.br\/?p=3397#breadcrumb\",\"itemListElement\":[{\"@type\":\"ListItem\",\"position\":1,\"item\":{\"@type\":\"WebPage\",\"@id\":\"https:\/\/politiciando.com.br\/\",\"url\":\"https:\/\/politiciando.com.br\/\",\"name\":\"Home\"}},{\"@type\":\"ListItem\",\"position\":2,\"item\":{\"@id\":\"https:\/\/politiciando.com.br\/?p=3397#webpage\"}}]},{\"@type\":\"Person\",\"@id\":\"https:\/\/politiciando.com.br\/#\/schema\/person\/be8395b998f06b83e7b3a1d9567ff61b\",\"name\":\"redacaopoliticiando\",\"image\":{\"@type\":\"ImageObject\",\"@id\":\"https:\/\/politiciando.com.br\/#personlogo\",\"inLanguage\":\"pt-BR\",\"url\":\"https:\/\/secure.gravatar.com\/avatar\/6cfd6b7f4d5132d5b42f746a58e576a9ab04eae227797efa7fdd7a4aeb90ca9c?s=96&d=mm&r=g\",\"contentUrl\":\"https:\/\/secure.gravatar.com\/avatar\/6cfd6b7f4d5132d5b42f746a58e576a9ab04eae227797efa7fdd7a4aeb90ca9c?s=96&d=mm&r=g\",\"caption\":\"redacaopoliticiando\"},\"sameAs\":[\"https:\/\/politiciando.com.br\"],\"url\":\"https:\/\/politiciando.com.br\/?author=1\"}]}<\/script>\n<!-- \/ Yoast SEO plugin. -->","jetpack_featured_media_url":"https:\/\/politiciando.com.br\/wp-content\/uploads\/2021\/06\/Acoes-de-limpeza-urbana_fotos_Carlos-Nunes-7-1024x678-1.jpg","jetpack_sharing_enabled":true,"_links":{"self":[{"href":"https:\/\/politiciando.com.br\/index.php?rest_route=\/wp\/v2\/posts\/3397","targetHints":{"allow":["GET"]}}],"collection":[{"href":"https:\/\/politiciando.com.br\/index.php?rest_route=\/wp\/v2\/posts"}],"about":[{"href":"https:\/\/politiciando.com.br\/index.php?rest_route=\/wp\/v2\/types\/post"}],"author":[{"embeddable":true,"href":"https:\/\/politiciando.com.br\/index.php?rest_route=\/wp\/v2\/users\/1"}],"replies":[{"embeddable":true,"href":"https:\/\/politiciando.com.br\/index.php?rest_route=%2Fwp%2Fv2%2Fcomments&post=3397"}],"version-history":[{"count":1,"href":"https:\/\/politiciando.com.br\/index.php?rest_route=\/wp\/v2\/posts\/3397\/revisions"}],"predecessor-version":[{"id":3399,"href":"https:\/\/politiciando.com.br\/index.php?rest_route=\/wp\/v2\/posts\/3397\/revisions\/3399"}],"wp:featuredmedia":[{"embeddable":true,"href":"https:\/\/politiciando.com.br\/index.php?rest_route=\/wp\/v2\/media\/3398"}],"wp:attachment":[{"href":"https:\/\/politiciando.com.br\/index.php?rest_route=%2Fwp%2Fv2%2Fmedia&parent=3397"}],"wp:term":[{"taxonomy":"category","embeddable":true,"href":"https:\/\/politiciando.com.br\/index.php?rest_route=%2Fwp%2Fv2%2Fcategories&post=3397"},{"taxonomy":"post_tag","embeddable":true,"href":"https:\/\/politiciando.com.br\/index.php?rest_route=%2Fwp%2Fv2%2Ftags&post=3397"}],"curies":[{"name":"wp","href":"https:\/\/api.w.org\/{rel}","templated":true}]}}