{"id":3766,"date":"2021-07-16T11:35:17","date_gmt":"2021-07-16T14:35:17","guid":{"rendered":"https:\/\/politiciando.com.br\/?p=3766"},"modified":"2021-07-16T11:35:19","modified_gmt":"2021-07-16T14:35:19","slug":"pib-cresce-97-no-trimestre-encerrado-em-maio-revela-pesquisa-da-fgv","status":"publish","type":"post","link":"https:\/\/politiciando.com.br\/?p=3766","title":{"rendered":"PIB cresce 9,7% no trimestre encerrado em maio, revela pesquisa da FGV"},"content":{"rendered":"\n<h3 class=\"wp-block-heading\">Alta foi puxada por expans\u00e3o de 29,3% nos investimentos<\/h3>\n\n\n\n   <!\u2014 INICIO TAG \u2014>\n     <!\u2014 \n     Id: 7399 \n     Campanha:  ODE 2021\n     Server: Metrike \n     Ve\u00edculo:  POLITICIANDO \n     Cliente: GOVPB   \n     Formato: POLITICIANDO - 728X90 \n     Data de Veicula\u00e7\u00e3o: 01\/07\/2021 - 31\/07\/2021\n     \u2014>\n     <ins data-revive-zoneid=\"7399\" data-revive-id=\"566f260197bf822e7263f1a3667caa2f\"><\/ins>\n     <script async src=\"\/\/ads.metrike.com\/asyncjs.php\"><\/script>\n     <!\u2014 FIM TAG \u2014>\n\n\n\n   <!\u2014 INICIO TAG \u2014>\n     <!\u2014 \n     Id: 7399 \n     Campanha:  ODE 2021\n     Server: Metrike \n     Ve\u00edculo:  POLITICIANDO \n     Cliente: GOVPB   \n     Formato: POLITICIANDO - 728X90 \n     Data de Veicula\u00e7\u00e3o: 01\/07\/2021 - 31\/07\/2021\n     \u2014>\n     <ins data-revive-zoneid=\"7399\" data-revive-id=\"566f260197bf822e7263f1a3667caa2f\"><\/ins>\n     <script async src=\"\/\/ads.metrike.com\/asyncjs.php\"><\/script>\n     <!\u2014 FIM TAG \u2014>\n\n\n\n<p>O Produto Interno Bruto (PIB), a soma de todos os bens e servi\u00e7os produzidos no pa\u00eds, cresceu 9,7% no trimestre encerrado em maio deste ano, na compara\u00e7\u00e3o com o mesmo per\u00edodo do ano anterior. O dado \u00e9 do Monitor do PIB, divulgado hoje (16), no Rio de Janeiro, pela Funda\u00e7\u00e3o Getulio Vargas (FGV).<img decoding=\"async\" src=\"https:\/\/agenciabrasil.ebc.com.br\/ebc.png?id=1415603&amp;o=node\"><img decoding=\"async\" src=\"https:\/\/agenciabrasil.ebc.com.br\/ebc.gif?id=1415603&amp;o=node\"><\/p>\n\n\n\n<p>Na compara\u00e7\u00e3o com o trimestre finalizado em fevereiro deste ano, no entanto, a economia brasileira teve perda de 0,9%. Considerando-se apenas maio, o PIB teve altas de 1,8% em rela\u00e7\u00e3o a abril deste ano e de 13,4% na compara\u00e7\u00e3o com maio de 2020.<\/p>\n\n\n\n<p>\u201cEm maio, com rela\u00e7\u00e3o a maio de 2020, a economia seguiu no ritmo de intenso crescimento observado desde abril por conta da baixa base de compara\u00e7\u00e3o em 2020. Isso \u00e9 reflexo do crescimento em todas as atividades econ\u00f4micas e componentes da demanda. Apesar disso, a economia ainda se encontra 0,7% abaixo do n\u00edvel que detinha em fevereiro de 2020, per\u00edodo anterior ao in\u00edcio da pandemia no pa\u00eds. Esses resultados mostram que ainda h\u00e1 um longo caminho para a retomada mais robusta da economia\u201d disse o pesquisador da FGV Claudio Considera.<\/p>\n\n\n\n   <!\u2014 INICIO TAG \u2014>\n     <!\u2014 \n     Id: 7399 \n     Campanha:  ODE 2021\n     Server: Metrike \n     Ve\u00edculo:  POLITICIANDO \n     Cliente: GOVPB   \n     Formato: POLITICIANDO - 728X90 \n     Data de Veicula\u00e7\u00e3o: 01\/07\/2021 - 31\/07\/2021\n     \u2014>\n     <ins data-revive-zoneid=\"7399\" data-revive-id=\"566f260197bf822e7263f1a3667caa2f\"><\/ins>\n     <script async src=\"\/\/ads.metrike.com\/asyncjs.php\"><\/script>\n     <!\u2014 FIM TAG \u2014>\n\n\n\n   <!\u2014 INICIO TAG \u2014>\n     <!\u2014 \n     Id: 7399 \n     Campanha:  ODE 2021\n     Server: Metrike \n     Ve\u00edculo:  POLITICIANDO \n     Cliente: GOVPB   \n     Formato: POLITICIANDO - 728X90 \n     Data de Veicula\u00e7\u00e3o: 01\/07\/2021 - 31\/07\/2021\n     \u2014>\n     <ins data-revive-zoneid=\"7399\" data-revive-id=\"566f260197bf822e7263f1a3667caa2f\"><\/ins>\n     <script async src=\"\/\/ads.metrike.com\/asyncjs.php\"><\/script>\n     <!\u2014 FIM TAG \u2014>\n\n\n\n<p>A alta de 9,7% do trimestre encerrado em maio deste ano, na compara\u00e7\u00e3o com o mesmo per\u00edodo de 2020, foi puxada por crescimentos de 29,3% da forma\u00e7\u00e3o bruta de capital fixo (investimentos) e de 10,1% do consumo das fam\u00edlias.<\/p>\n\n\n\n<p>As exporta\u00e7\u00f5es tamb\u00e9m cresceram (12,3%), mas as importa\u00e7\u00f5es tiveram uma alta bem mais acentuada (28,5%).<\/p>\n","protected":false},"excerpt":{"rendered":"<p>Alta foi puxada por expans\u00e3o de 29,3% nos investimentos O Produto Interno Bruto (PIB), a soma de todos os bens<\/p>\n","protected":false},"author":1,"featured_media":3767,"comment_status":"open","ping_status":"open","sticky":false,"template":"","format":"standard","meta":{"colormag_page_container_layout":"default_layout","colormag_page_sidebar_layout":"default_layout","_monsterinsights_skip_tracking":false,"_monsterinsights_sitenote_active":false,"_monsterinsights_sitenote_note":"","_monsterinsights_sitenote_category":0,"_jetpack_memberships_contains_paid_content":false,"footnotes":""},"categories":[1],"tags":[],"class_list":["post-3766","post","type-post","status-publish","format-standard","has-post-thumbnail","hentry","category-economia"],"yoast_head":"<!-- This site is optimized with the Yoast SEO plugin v16.3 - https:\/\/yoast.com\/wordpress\/plugins\/seo\/ -->\n<title>PIB cresce 9,7% no trimestre encerrado em maio, revela pesquisa da FGV - Politiciando<\/title>\n<meta name=\"robots\" content=\"index, follow, max-snippet:-1, max-image-preview:large, max-video-preview:-1\" \/>\n<link rel=\"canonical\" href=\"https:\/\/politiciando.com.br\/?p=3766\" \/>\n<meta property=\"og:locale\" content=\"pt_BR\" \/>\n<meta property=\"og:type\" content=\"article\" \/>\n<meta property=\"og:title\" content=\"PIB cresce 9,7% no trimestre encerrado em maio, revela pesquisa da FGV - Politiciando\" \/>\n<meta property=\"og:description\" content=\"Alta foi puxada por expans\u00e3o de 29,3% nos investimentos O Produto Interno Bruto (PIB), a soma de todos os bens\" \/>\n<meta property=\"og:url\" content=\"https:\/\/politiciando.com.br\/?p=3766\" \/>\n<meta property=\"og:site_name\" content=\"Politiciando\" \/>\n<meta property=\"article:publisher\" content=\"https:\/\/www.facebook.com\/Politician\" \/>\n<meta property=\"article:published_time\" content=\"2021-07-16T14:35:17+00:00\" \/>\n<meta property=\"article:modified_time\" content=\"2021-07-16T14:35:19+00:00\" \/>\n<meta property=\"og:image\" content=\"https:\/\/politiciando.com.br\/wp-content\/uploads\/2021\/07\/17342996490_fbfe031a23_o.jpg\" \/>\n\t<meta property=\"og:image:width\" content=\"1170\" \/>\n\t<meta property=\"og:image:height\" content=\"700\" \/>\n<meta name=\"twitter:card\" content=\"summary_large_image\" \/>\n<meta name=\"twitter:creator\" content=\"@politiciando\" \/>\n<meta name=\"twitter:site\" content=\"@politiciando\" \/>\n<meta name=\"twitter:label1\" content=\"Est. tempo de leitura\">\n\t<meta name=\"twitter:data1\" content=\"2 minutos\">\n<script type=\"application\/ld+json\" class=\"yoast-schema-graph\">{\"@context\":\"https:\/\/schema.org\",\"@graph\":[{\"@type\":\"WebSite\",\"@id\":\"https:\/\/politiciando.com.br\/#website\",\"url\":\"https:\/\/politiciando.com.br\/\",\"name\":\"Politiciando\",\"description\":\"A Not\\u00edcia como tem que ser!\",\"potentialAction\":[{\"@type\":\"SearchAction\",\"target\":\"https:\/\/politiciando.com.br\/?s={search_term_string}\",\"query-input\":\"required name=search_term_string\"}],\"inLanguage\":\"pt-BR\"},{\"@type\":\"ImageObject\",\"@id\":\"https:\/\/politiciando.com.br\/?p=3766#primaryimage\",\"inLanguage\":\"pt-BR\",\"url\":\"https:\/\/politiciando.com.br\/wp-content\/uploads\/2021\/07\/17342996490_fbfe031a23_o.jpg\",\"contentUrl\":\"https:\/\/politiciando.com.br\/wp-content\/uploads\/2021\/07\/17342996490_fbfe031a23_o.jpg\",\"width\":1170,\"height\":700,\"caption\":\"Empresa RANDON. Fabrica\\u00e7\\u00e3o de semi-reboque tanque de combust\\u00edvel. Caxias do Sul 24.04.2006 - Foto Miguel Angelo\"},{\"@type\":\"WebPage\",\"@id\":\"https:\/\/politiciando.com.br\/?p=3766#webpage\",\"url\":\"https:\/\/politiciando.com.br\/?p=3766\",\"name\":\"PIB cresce 9,7% no trimestre encerrado em maio, revela pesquisa da FGV - Politiciando\",\"isPartOf\":{\"@id\":\"https:\/\/politiciando.com.br\/#website\"},\"primaryImageOfPage\":{\"@id\":\"https:\/\/politiciando.com.br\/?p=3766#primaryimage\"},\"datePublished\":\"2021-07-16T14:35:17+00:00\",\"dateModified\":\"2021-07-16T14:35:19+00:00\",\"author\":{\"@id\":\"https:\/\/politiciando.com.br\/#\/schema\/person\/be8395b998f06b83e7b3a1d9567ff61b\"},\"breadcrumb\":{\"@id\":\"https:\/\/politiciando.com.br\/?p=3766#breadcrumb\"},\"inLanguage\":\"pt-BR\",\"potentialAction\":[{\"@type\":\"ReadAction\",\"target\":[\"https:\/\/politiciando.com.br\/?p=3766\"]}]},{\"@type\":\"BreadcrumbList\",\"@id\":\"https:\/\/politiciando.com.br\/?p=3766#breadcrumb\",\"itemListElement\":[{\"@type\":\"ListItem\",\"position\":1,\"item\":{\"@type\":\"WebPage\",\"@id\":\"https:\/\/politiciando.com.br\/\",\"url\":\"https:\/\/politiciando.com.br\/\",\"name\":\"Home\"}},{\"@type\":\"ListItem\",\"position\":2,\"item\":{\"@id\":\"https:\/\/politiciando.com.br\/?p=3766#webpage\"}}]},{\"@type\":\"Person\",\"@id\":\"https:\/\/politiciando.com.br\/#\/schema\/person\/be8395b998f06b83e7b3a1d9567ff61b\",\"name\":\"redacaopoliticiando\",\"image\":{\"@type\":\"ImageObject\",\"@id\":\"https:\/\/politiciando.com.br\/#personlogo\",\"inLanguage\":\"pt-BR\",\"url\":\"https:\/\/secure.gravatar.com\/avatar\/6cfd6b7f4d5132d5b42f746a58e576a9ab04eae227797efa7fdd7a4aeb90ca9c?s=96&d=mm&r=g\",\"contentUrl\":\"https:\/\/secure.gravatar.com\/avatar\/6cfd6b7f4d5132d5b42f746a58e576a9ab04eae227797efa7fdd7a4aeb90ca9c?s=96&d=mm&r=g\",\"caption\":\"redacaopoliticiando\"},\"sameAs\":[\"https:\/\/politiciando.com.br\"],\"url\":\"https:\/\/politiciando.com.br\/?author=1\"}]}<\/script>\n<!-- \/ Yoast SEO plugin. -->","jetpack_featured_media_url":"https:\/\/politiciando.com.br\/wp-content\/uploads\/2021\/07\/17342996490_fbfe031a23_o.jpg","jetpack_sharing_enabled":true,"_links":{"self":[{"href":"https:\/\/politiciando.com.br\/index.php?rest_route=\/wp\/v2\/posts\/3766","targetHints":{"allow":["GET"]}}],"collection":[{"href":"https:\/\/politiciando.com.br\/index.php?rest_route=\/wp\/v2\/posts"}],"about":[{"href":"https:\/\/politiciando.com.br\/index.php?rest_route=\/wp\/v2\/types\/post"}],"author":[{"embeddable":true,"href":"https:\/\/politiciando.com.br\/index.php?rest_route=\/wp\/v2\/users\/1"}],"replies":[{"embeddable":true,"href":"https:\/\/politiciando.com.br\/index.php?rest_route=%2Fwp%2Fv2%2Fcomments&post=3766"}],"version-history":[{"count":1,"href":"https:\/\/politiciando.com.br\/index.php?rest_route=\/wp\/v2\/posts\/3766\/revisions"}],"predecessor-version":[{"id":3768,"href":"https:\/\/politiciando.com.br\/index.php?rest_route=\/wp\/v2\/posts\/3766\/revisions\/3768"}],"wp:featuredmedia":[{"embeddable":true,"href":"https:\/\/politiciando.com.br\/index.php?rest_route=\/wp\/v2\/media\/3767"}],"wp:attachment":[{"href":"https:\/\/politiciando.com.br\/index.php?rest_route=%2Fwp%2Fv2%2Fmedia&parent=3766"}],"wp:term":[{"taxonomy":"category","embeddable":true,"href":"https:\/\/politiciando.com.br\/index.php?rest_route=%2Fwp%2Fv2%2Fcategories&post=3766"},{"taxonomy":"post_tag","embeddable":true,"href":"https:\/\/politiciando.com.br\/index.php?rest_route=%2Fwp%2Fv2%2Ftags&post=3766"}],"curies":[{"name":"wp","href":"https:\/\/api.w.org\/{rel}","templated":true}]}}