{"id":3769,"date":"2021-07-16T11:37:38","date_gmt":"2021-07-16T14:37:38","guid":{"rendered":"https:\/\/politiciando.com.br\/?p=3769"},"modified":"2021-07-16T11:37:40","modified_gmt":"2021-07-16T14:37:40","slug":"inflacao-medida-pelo-igp-10-cai-para-018-em-julho-diz-fgv","status":"publish","type":"post","link":"https:\/\/politiciando.com.br\/?p=3769","title":{"rendered":"Infla\u00e7\u00e3o medida pelo IGP-10 cai para 0,18% em julho, diz FGV"},"content":{"rendered":"\n<h3 class=\"wp-block-heading\">Taxa \u00e9 inferior ao 2,32% de junho deste ano<\/h3>\n\n\n\n   <!\u2014 INICIO TAG \u2014>\n     <!\u2014 \n     Id: 7399 \n     Campanha:  ODE 2021\n     Server: Metrike \n     Ve\u00edculo:  POLITICIANDO \n     Cliente: GOVPB   \n     Formato: POLITICIANDO - 728X90 \n     Data de Veicula\u00e7\u00e3o: 01\/07\/2021 - 31\/07\/2021\n     \u2014>\n     <ins data-revive-zoneid=\"7399\" data-revive-id=\"566f260197bf822e7263f1a3667caa2f\"><\/ins>\n     <script async src=\"\/\/ads.metrike.com\/asyncjs.php\"><\/script>\n     <!\u2014 FIM TAG \u2014>\n\n\n\n<figure class=\"wp-block-image size-large\"><img loading=\"lazy\" decoding=\"async\" width=\"1024\" height=\"613\" src=\"https:\/\/politiciando.com.br\/wp-content\/uploads\/2021\/07\/20.05.2020.supermercado_rio_de_janeiro_0520203151-1024x613.jpg\" alt=\"\" class=\"wp-image-3770\" srcset=\"https:\/\/politiciando.com.br\/wp-content\/uploads\/2021\/07\/20.05.2020.supermercado_rio_de_janeiro_0520203151-1024x613.jpg 1024w, https:\/\/politiciando.com.br\/wp-content\/uploads\/2021\/07\/20.05.2020.supermercado_rio_de_janeiro_0520203151-300x179.jpg 300w, https:\/\/politiciando.com.br\/wp-content\/uploads\/2021\/07\/20.05.2020.supermercado_rio_de_janeiro_0520203151-768x459.jpg 768w, https:\/\/politiciando.com.br\/wp-content\/uploads\/2021\/07\/20.05.2020.supermercado_rio_de_janeiro_0520203151.jpg 1170w\" sizes=\"auto, (max-width: 1024px) 100vw, 1024px\" \/><figcaption>Supermercado na zona sul do Rio de Janeiro.<\/figcaption><\/figure>\n\n\n\n   <!\u2014 INICIO TAG \u2014>\n     <!\u2014 \n     Id: 7399 \n     Campanha:  ODE 2021\n     Server: Metrike \n     Ve\u00edculo:  POLITICIANDO \n     Cliente: GOVPB   \n     Formato: POLITICIANDO - 728X90 \n     Data de Veicula\u00e7\u00e3o: 01\/07\/2021 - 31\/07\/2021\n     \u2014>\n     <ins data-revive-zoneid=\"7399\" data-revive-id=\"566f260197bf822e7263f1a3667caa2f\"><\/ins>\n     <script async src=\"\/\/ads.metrike.com\/asyncjs.php\"><\/script>\n     <!\u2014 FIM TAG \u2014>\n\n\n\n   <!\u2014 INICIO TAG \u2014>\n     <!\u2014 \n     Id: 7399 \n     Campanha:  ODE 2021\n     Server: Metrike \n     Ve\u00edculo:  POLITICIANDO \n     Cliente: GOVPB   \n     Formato: POLITICIANDO - 728X90 \n     Data de Veicula\u00e7\u00e3o: 01\/07\/2021 - 31\/07\/2021\n     \u2014>\n     <ins data-revive-zoneid=\"7399\" data-revive-id=\"566f260197bf822e7263f1a3667caa2f\"><\/ins>\n     <script async src=\"\/\/ads.metrike.com\/asyncjs.php\"><\/script>\n     <!\u2014 FIM TAG \u2014>\n\n\n\n<p>O \u00cdndice Geral de Pre\u00e7os \u2013 10 (IGP-10), indicador nacional medido pela Funda\u00e7\u00e3o Getulio Vargas (FGV), registrou infla\u00e7\u00e3o de 0,18% em julho deste ano, taxa inferior ao 2,32% de junho deste ano e ao 1,91% de julho de 2020. Apesar disso, a infla\u00e7\u00e3o acumulada em 12 meses est\u00e1 em 34,61%, bem acima dos 8,57% acumulados em julho do ano passado.<img decoding=\"async\" src=\"https:\/\/agenciabrasil.ebc.com.br\/ebc.png?id=1415606&amp;o=node\"><img decoding=\"async\" src=\"https:\/\/agenciabrasil.ebc.com.br\/ebc.gif?id=1415606&amp;o=node\"><\/p>\n\n\n\n<p>A queda da taxa de junho para julho foi puxada principalmente pelos pre\u00e7os no atacado. O \u00cdndice de Pre\u00e7os ao Produtor Amplo, que mede o segmento, registrou defla\u00e7\u00e3o (queda de pre\u00e7os) de 0,07% em julho. No m\u00eas anterior, havia sido observada uma infla\u00e7\u00e3o de 2,64%.<\/p>\n\n\n\n   <!\u2014 INICIO TAG \u2014>\n     <!\u2014 \n     Id: 7399 \n     Campanha:  ODE 2021\n     Server: Metrike \n     Ve\u00edculo:  POLITICIANDO \n     Cliente: GOVPB   \n     Formato: POLITICIANDO - 728X90 \n     Data de Veicula\u00e7\u00e3o: 01\/07\/2021 - 31\/07\/2021\n     \u2014>\n     <ins data-revive-zoneid=\"7399\" data-revive-id=\"566f260197bf822e7263f1a3667caa2f\"><\/ins>\n     <script async src=\"\/\/ads.metrike.com\/asyncjs.php\"><\/script>\n     <!\u2014 FIM TAG \u2014>\n\n\n\n   <!\u2014 INICIO TAG \u2014>\n     <!\u2014 \n     Id: 7399 \n     Campanha:  ODE 2021\n     Server: Metrike \n     Ve\u00edculo:  POLITICIANDO \n     Cliente: GOVPB   \n     Formato: POLITICIANDO - 728X90 \n     Data de Veicula\u00e7\u00e3o: 01\/07\/2021 - 31\/07\/2021\n     \u2014>\n     <ins data-revive-zoneid=\"7399\" data-revive-id=\"566f260197bf822e7263f1a3667caa2f\"><\/ins>\n     <script async src=\"\/\/ads.metrike.com\/asyncjs.php\"><\/script>\n     <!\u2014 FIM TAG \u2014>\n\n\n\n<p>Os outros dois sub\u00edndices que comp\u00f5em o IGP-10 tamb\u00e9m tiveram queda em suas taxas, apesar de continuarem registrando infla\u00e7\u00e3o. O \u00cdndice de Pre\u00e7os ao Consumidor, que mede o varejo, caiu de 0,72% em junho para 0,70% em julho.<\/p>\n\n\n\n<p>O \u00cdndice Nacional de Custo da Constru\u00e7\u00e3o recuou de 2,81% para 1,37% no per\u00edodo.<\/p>\n\n\n\n<p>Agencia Brasil<\/p>\n","protected":false},"excerpt":{"rendered":"<p>Taxa \u00e9 inferior ao 2,32% de junho deste ano O \u00cdndice Geral de Pre\u00e7os \u2013 10 (IGP-10), indicador nacional medido<\/p>\n","protected":false},"author":1,"featured_media":3770,"comment_status":"open","ping_status":"open","sticky":false,"template":"","format":"standard","meta":{"colormag_page_container_layout":"default_layout","colormag_page_sidebar_layout":"default_layout","_monsterinsights_skip_tracking":false,"_monsterinsights_sitenote_active":false,"_monsterinsights_sitenote_note":"","_monsterinsights_sitenote_category":0,"_jetpack_memberships_contains_paid_content":false,"footnotes":""},"categories":[1],"tags":[],"class_list":["post-3769","post","type-post","status-publish","format-standard","has-post-thumbnail","hentry","category-economia"],"yoast_head":"<!-- This site is optimized with the Yoast SEO plugin v16.3 - https:\/\/yoast.com\/wordpress\/plugins\/seo\/ -->\n<title>Infla\u00e7\u00e3o medida pelo IGP-10 cai para 0,18% em julho, diz FGV - Politiciando<\/title>\n<meta name=\"robots\" content=\"index, follow, max-snippet:-1, max-image-preview:large, max-video-preview:-1\" \/>\n<link rel=\"canonical\" href=\"https:\/\/politiciando.com.br\/?p=3769\" \/>\n<meta property=\"og:locale\" content=\"pt_BR\" \/>\n<meta property=\"og:type\" content=\"article\" \/>\n<meta property=\"og:title\" content=\"Infla\u00e7\u00e3o medida pelo IGP-10 cai para 0,18% em julho, diz FGV - Politiciando\" \/>\n<meta property=\"og:description\" content=\"Taxa \u00e9 inferior ao 2,32% de junho deste ano O \u00cdndice Geral de Pre\u00e7os \u2013 10 (IGP-10), indicador nacional medido\" \/>\n<meta property=\"og:url\" content=\"https:\/\/politiciando.com.br\/?p=3769\" \/>\n<meta property=\"og:site_name\" content=\"Politiciando\" \/>\n<meta property=\"article:publisher\" content=\"https:\/\/www.facebook.com\/Politician\" \/>\n<meta property=\"article:published_time\" content=\"2021-07-16T14:37:38+00:00\" \/>\n<meta property=\"article:modified_time\" content=\"2021-07-16T14:37:40+00:00\" \/>\n<meta property=\"og:image\" content=\"https:\/\/politiciando.com.br\/wp-content\/uploads\/2021\/07\/20.05.2020.supermercado_rio_de_janeiro_0520203151.jpg\" \/>\n\t<meta property=\"og:image:width\" content=\"1170\" \/>\n\t<meta property=\"og:image:height\" content=\"700\" \/>\n<meta name=\"twitter:card\" content=\"summary_large_image\" \/>\n<meta name=\"twitter:creator\" content=\"@politiciando\" \/>\n<meta name=\"twitter:site\" content=\"@politiciando\" \/>\n<meta name=\"twitter:label1\" content=\"Est. tempo de leitura\">\n\t<meta name=\"twitter:data1\" content=\"2 minutos\">\n<script type=\"application\/ld+json\" class=\"yoast-schema-graph\">{\"@context\":\"https:\/\/schema.org\",\"@graph\":[{\"@type\":\"WebSite\",\"@id\":\"https:\/\/politiciando.com.br\/#website\",\"url\":\"https:\/\/politiciando.com.br\/\",\"name\":\"Politiciando\",\"description\":\"A Not\\u00edcia como tem que ser!\",\"potentialAction\":[{\"@type\":\"SearchAction\",\"target\":\"https:\/\/politiciando.com.br\/?s={search_term_string}\",\"query-input\":\"required name=search_term_string\"}],\"inLanguage\":\"pt-BR\"},{\"@type\":\"ImageObject\",\"@id\":\"https:\/\/politiciando.com.br\/?p=3769#primaryimage\",\"inLanguage\":\"pt-BR\",\"url\":\"https:\/\/politiciando.com.br\/wp-content\/uploads\/2021\/07\/20.05.2020.supermercado_rio_de_janeiro_0520203151.jpg\",\"contentUrl\":\"https:\/\/politiciando.com.br\/wp-content\/uploads\/2021\/07\/20.05.2020.supermercado_rio_de_janeiro_0520203151.jpg\",\"width\":1170,\"height\":700,\"caption\":\"Supermercado na zona sul do Rio de Janeiro.\"},{\"@type\":\"WebPage\",\"@id\":\"https:\/\/politiciando.com.br\/?p=3769#webpage\",\"url\":\"https:\/\/politiciando.com.br\/?p=3769\",\"name\":\"Infla\\u00e7\\u00e3o medida pelo IGP-10 cai para 0,18% em julho, diz FGV - Politiciando\",\"isPartOf\":{\"@id\":\"https:\/\/politiciando.com.br\/#website\"},\"primaryImageOfPage\":{\"@id\":\"https:\/\/politiciando.com.br\/?p=3769#primaryimage\"},\"datePublished\":\"2021-07-16T14:37:38+00:00\",\"dateModified\":\"2021-07-16T14:37:40+00:00\",\"author\":{\"@id\":\"https:\/\/politiciando.com.br\/#\/schema\/person\/be8395b998f06b83e7b3a1d9567ff61b\"},\"breadcrumb\":{\"@id\":\"https:\/\/politiciando.com.br\/?p=3769#breadcrumb\"},\"inLanguage\":\"pt-BR\",\"potentialAction\":[{\"@type\":\"ReadAction\",\"target\":[\"https:\/\/politiciando.com.br\/?p=3769\"]}]},{\"@type\":\"BreadcrumbList\",\"@id\":\"https:\/\/politiciando.com.br\/?p=3769#breadcrumb\",\"itemListElement\":[{\"@type\":\"ListItem\",\"position\":1,\"item\":{\"@type\":\"WebPage\",\"@id\":\"https:\/\/politiciando.com.br\/\",\"url\":\"https:\/\/politiciando.com.br\/\",\"name\":\"Home\"}},{\"@type\":\"ListItem\",\"position\":2,\"item\":{\"@id\":\"https:\/\/politiciando.com.br\/?p=3769#webpage\"}}]},{\"@type\":\"Person\",\"@id\":\"https:\/\/politiciando.com.br\/#\/schema\/person\/be8395b998f06b83e7b3a1d9567ff61b\",\"name\":\"redacaopoliticiando\",\"image\":{\"@type\":\"ImageObject\",\"@id\":\"https:\/\/politiciando.com.br\/#personlogo\",\"inLanguage\":\"pt-BR\",\"url\":\"https:\/\/secure.gravatar.com\/avatar\/6cfd6b7f4d5132d5b42f746a58e576a9ab04eae227797efa7fdd7a4aeb90ca9c?s=96&d=mm&r=g\",\"contentUrl\":\"https:\/\/secure.gravatar.com\/avatar\/6cfd6b7f4d5132d5b42f746a58e576a9ab04eae227797efa7fdd7a4aeb90ca9c?s=96&d=mm&r=g\",\"caption\":\"redacaopoliticiando\"},\"sameAs\":[\"https:\/\/politiciando.com.br\"],\"url\":\"https:\/\/politiciando.com.br\/?author=1\"}]}<\/script>\n<!-- \/ Yoast SEO plugin. -->","jetpack_featured_media_url":"https:\/\/politiciando.com.br\/wp-content\/uploads\/2021\/07\/20.05.2020.supermercado_rio_de_janeiro_0520203151.jpg","jetpack_sharing_enabled":true,"_links":{"self":[{"href":"https:\/\/politiciando.com.br\/index.php?rest_route=\/wp\/v2\/posts\/3769","targetHints":{"allow":["GET"]}}],"collection":[{"href":"https:\/\/politiciando.com.br\/index.php?rest_route=\/wp\/v2\/posts"}],"about":[{"href":"https:\/\/politiciando.com.br\/index.php?rest_route=\/wp\/v2\/types\/post"}],"author":[{"embeddable":true,"href":"https:\/\/politiciando.com.br\/index.php?rest_route=\/wp\/v2\/users\/1"}],"replies":[{"embeddable":true,"href":"https:\/\/politiciando.com.br\/index.php?rest_route=%2Fwp%2Fv2%2Fcomments&post=3769"}],"version-history":[{"count":1,"href":"https:\/\/politiciando.com.br\/index.php?rest_route=\/wp\/v2\/posts\/3769\/revisions"}],"predecessor-version":[{"id":3771,"href":"https:\/\/politiciando.com.br\/index.php?rest_route=\/wp\/v2\/posts\/3769\/revisions\/3771"}],"wp:featuredmedia":[{"embeddable":true,"href":"https:\/\/politiciando.com.br\/index.php?rest_route=\/wp\/v2\/media\/3770"}],"wp:attachment":[{"href":"https:\/\/politiciando.com.br\/index.php?rest_route=%2Fwp%2Fv2%2Fmedia&parent=3769"}],"wp:term":[{"taxonomy":"category","embeddable":true,"href":"https:\/\/politiciando.com.br\/index.php?rest_route=%2Fwp%2Fv2%2Fcategories&post=3769"},{"taxonomy":"post_tag","embeddable":true,"href":"https:\/\/politiciando.com.br\/index.php?rest_route=%2Fwp%2Fv2%2Ftags&post=3769"}],"curies":[{"name":"wp","href":"https:\/\/api.w.org\/{rel}","templated":true}]}}