{"id":3772,"date":"2021-07-16T11:40:27","date_gmt":"2021-07-16T14:40:27","guid":{"rendered":"https:\/\/politiciando.com.br\/?p=3772"},"modified":"2021-07-16T11:40:29","modified_gmt":"2021-07-16T14:40:29","slug":"publicada-lei-que-permite-industrias-veterinarias-produzirem-vacinas","status":"publish","type":"post","link":"https:\/\/politiciando.com.br\/?p=3772","title":{"rendered":"Publicada lei que permite ind\u00fastrias veterin\u00e1rias produzirem vacinas"},"content":{"rendered":"\n<h3 class=\"wp-block-heading\">A lei foi sancionada com veto pelo presidente da Rep\u00fablica<\/h3>\n\n\n\n   <!\u2014 INICIO TAG \u2014>\n     <!\u2014 \n     Id: 7399 \n     Campanha:  ODE 2021\n     Server: Metrike \n     Ve\u00edculo:  POLITICIANDO \n     Cliente: GOVPB   \n     Formato: POLITICIANDO - 728X90 \n     Data de Veicula\u00e7\u00e3o: 01\/07\/2021 - 31\/07\/2021\n     \u2014>\n     <ins data-revive-zoneid=\"7399\" data-revive-id=\"566f260197bf822e7263f1a3667caa2f\"><\/ins>\n     <script async src=\"\/\/ads.metrike.com\/asyncjs.php\"><\/script>\n     <!\u2014 FIM TAG \u2014>\n\n\n\n   <!\u2014 INICIO TAG \u2014>\n     <!\u2014 \n     Id: 7399 \n     Campanha:  ODE 2021\n     Server: Metrike \n     Ve\u00edculo:  POLITICIANDO \n     Cliente: GOVPB   \n     Formato: POLITICIANDO - 728X90 \n     Data de Veicula\u00e7\u00e3o: 01\/07\/2021 - 31\/07\/2021\n     \u2014>\n     <ins data-revive-zoneid=\"7399\" data-revive-id=\"566f260197bf822e7263f1a3667caa2f\"><\/ins>\n     <script async src=\"\/\/ads.metrike.com\/asyncjs.php\"><\/script>\n     <!\u2014 FIM TAG \u2014>\n\n\n\n<figure class=\"wp-block-image size-large\"><img loading=\"lazy\" decoding=\"async\" width=\"1024\" height=\"613\" src=\"https:\/\/politiciando.com.br\/wp-content\/uploads\/2021\/07\/vacina_covid-19_fiocruz.05062101540-1024x613.jpg\" alt=\"\" class=\"wp-image-3773\" srcset=\"https:\/\/politiciando.com.br\/wp-content\/uploads\/2021\/07\/vacina_covid-19_fiocruz.05062101540-1024x613.jpg 1024w, https:\/\/politiciando.com.br\/wp-content\/uploads\/2021\/07\/vacina_covid-19_fiocruz.05062101540-300x179.jpg 300w, https:\/\/politiciando.com.br\/wp-content\/uploads\/2021\/07\/vacina_covid-19_fiocruz.05062101540-768x459.jpg 768w, https:\/\/politiciando.com.br\/wp-content\/uploads\/2021\/07\/vacina_covid-19_fiocruz.05062101540.jpg 1170w\" sizes=\"auto, (max-width: 1024px) 100vw, 1024px\" \/><figcaption>vacina Covid-19 Fiocruz.<\/figcaption><\/figure>\n\n\n\n   <!\u2014 INICIO TAG \u2014>\n     <!\u2014 \n     Id: 7399 \n     Campanha:  ODE 2021\n     Server: Metrike \n     Ve\u00edculo:  POLITICIANDO \n     Cliente: GOVPB   \n     Formato: POLITICIANDO - 728X90 \n     Data de Veicula\u00e7\u00e3o: 01\/07\/2021 - 31\/07\/2021\n     \u2014>\n     <ins data-revive-zoneid=\"7399\" data-revive-id=\"566f260197bf822e7263f1a3667caa2f\"><\/ins>\n     <script async src=\"\/\/ads.metrike.com\/asyncjs.php\"><\/script>\n     <!\u2014 FIM TAG \u2014>\n\n\n\n<p>O presidente Jair Bolsonaro sancionou nessa quinta-feira (15), com veto, a&nbsp;<a href=\"https:\/\/www.in.gov.br\/web\/dou\/-\/lei-n-14.187-de-15-de-julho-de-2021-332429656\" target=\"_blank\" rel=\"noreferrer noopener\">Lei n\u00ba 14.187, de 15 de julho de 2021<\/a>, que autoriza estabelecimentos fabricantes de vacinas veterin\u00e1rias a produzir imunizantes contra a covid-19 e o ingrediente farmac\u00eautico ativo (IFA), no Brasil, desde que cumpram todas as normas sanit\u00e1rias e as exig\u00eancias de biosseguran\u00e7a pr\u00f3prias dos estabelecimentos destinados \u00e0 produ\u00e7\u00e3o de vacinas para uso humano.<img decoding=\"async\" src=\"https:\/\/agenciabrasil.ebc.com.br\/ebc.png?id=1415601&amp;o=node\"><img decoding=\"async\" src=\"https:\/\/agenciabrasil.ebc.com.br\/ebc.gif?id=1415601&amp;o=node\"><\/p>\n\n\n\n<p>A lei publicada no&nbsp;<em>Di\u00e1rio Oficial da Uni\u00e3o<\/em>&nbsp;desta sexta-feira (16) prev\u00ea tamb\u00e9m que todas as fases relacionadas \u00e0 produ\u00e7\u00e3o, ao envasamento, \u00e0 etiquetagem, \u00e0 embalagem e ao armazenamento de vacinas para uso humano dever\u00e3o ser realizadas em depend\u00eancias fisicamente separadas daquelas utilizadas para a fabrica\u00e7\u00e3o de produtos destinados a uso veterin\u00e1rio.<\/p>\n\n\n\n<p>O texto diz ainda que, quando n\u00e3o houver ambientes separados para que o armazenamento seja feito, as vacinas contra a covid-19 poder\u00e3o ser armazenadas na mesma \u00e1rea de armazenagem das vacinas de uso veterin\u00e1rio, mediante avalia\u00e7\u00e3o e anu\u00eancia pr\u00e9vias da autoridade sanit\u00e1ria federal e desde que haja metodologia de identifica\u00e7\u00e3o e segrega\u00e7\u00e3o de cada tipo de vacina.<\/p>\n\n\n\n   <!\u2014 INICIO TAG \u2014>\n     <!\u2014 \n     Id: 7399 \n     Campanha:  ODE 2021\n     Server: Metrike \n     Ve\u00edculo:  POLITICIANDO \n     Cliente: GOVPB   \n     Formato: POLITICIANDO - 728X90 \n     Data de Veicula\u00e7\u00e3o: 01\/07\/2021 - 31\/07\/2021\n     \u2014>\n     <ins data-revive-zoneid=\"7399\" data-revive-id=\"566f260197bf822e7263f1a3667caa2f\"><\/ins>\n     <script async src=\"\/\/ads.metrike.com\/asyncjs.php\"><\/script>\n     <!\u2014 FIM TAG \u2014>\n\n\n\n   <!\u2014 INICIO TAG \u2014>\n     <!\u2014 \n     Id: 7399 \n     Campanha:  ODE 2021\n     Server: Metrike \n     Ve\u00edculo:  POLITICIANDO \n     Cliente: GOVPB   \n     Formato: POLITICIANDO - 728X90 \n     Data de Veicula\u00e7\u00e3o: 01\/07\/2021 - 31\/07\/2021\n     \u2014>\n     <ins data-revive-zoneid=\"7399\" data-revive-id=\"566f260197bf822e7263f1a3667caa2f\"><\/ins>\n     <script async src=\"\/\/ads.metrike.com\/asyncjs.php\"><\/script>\n     <!\u2014 FIM TAG \u2014>\n\n\n\n<h2 class=\"wp-block-heading\">Veto<\/h2>\n\n\n\n<p>O artigo 5\u00ba foi vetado pelo presidente da Rep\u00fablica. O texto estabelece que ato do Executivo poderia prever incentivo fiscal destinado \u00e0s pessoas jur\u00eddicas que adaptassem suas estruturas industriais destinadas originalmente \u00e0 fabrica\u00e7\u00e3o de produtos de uso veterin\u00e1rio para a produ\u00e7\u00e3o de vacinas contra a covid-19.<\/p>\n\n\n\n<p>\u201cEmbora se reconhe\u00e7a a boa inten\u00e7\u00e3o do legislador ao autorizar benef\u00edcio de natureza tribut\u00e1ria, a propositura legislativa encontraria \u00f3bice jur\u00eddico por violar dispositivo na Constitui\u00e7\u00e3o da Rep\u00fablica que determina que benef\u00edcios tribut\u00e1rios s\u00f3 podem ser criados por lei em sentido estrito\u201d, diz o documento.<\/p>\n\n\n\n   <!\u2014 INICIO TAG \u2014>\n     <!\u2014 \n     Id: 7399 \n     Campanha:  ODE 2021\n     Server: Metrike \n     Ve\u00edculo:  POLITICIANDO \n     Cliente: GOVPB   \n     Formato: POLITICIANDO - 728X90 \n     Data de Veicula\u00e7\u00e3o: 01\/07\/2021 - 31\/07\/2021\n     \u2014>\n     <ins data-revive-zoneid=\"7399\" data-revive-id=\"566f260197bf822e7263f1a3667caa2f\"><\/ins>\n     <script async src=\"\/\/ads.metrike.com\/asyncjs.php\"><\/script>\n     <!\u2014 FIM TAG \u2014>\n\n\n\n   <!\u2014 INICIO TAG \u2014>\n     <!\u2014 \n     Id: 7399 \n     Campanha:  ODE 2021\n     Server: Metrike \n     Ve\u00edculo:  POLITICIANDO \n     Cliente: GOVPB   \n     Formato: POLITICIANDO - 728X90 \n     Data de Veicula\u00e7\u00e3o: 01\/07\/2021 - 31\/07\/2021\n     \u2014>\n     <ins data-revive-zoneid=\"7399\" data-revive-id=\"566f260197bf822e7263f1a3667caa2f\"><\/ins>\n     <script async src=\"\/\/ads.metrike.com\/asyncjs.php\"><\/script>\n     <!\u2014 FIM TAG \u2014>\n\n\n\n<p>Ainda de acordo com a justificativa do veto, \u201ca propositura legislativa acarretaria ren\u00fancia de receitas sem apresenta\u00e7\u00e3o da estimativa do impacto or\u00e7ament\u00e1rio e financeiro e das medidas compensat\u00f3rias, em viola\u00e7\u00e3o \u00e0 Lei de Responsabilidade Fiscal e \u00e0 Lei de Diretrizes Or\u00e7ament\u00e1rias 2021\u201d.<\/p>\n","protected":false},"excerpt":{"rendered":"<p>A lei foi sancionada com veto pelo presidente da Rep\u00fablica O presidente Jair Bolsonaro sancionou nessa quinta-feira (15), com veto,<\/p>\n","protected":false},"author":1,"featured_media":3773,"comment_status":"open","ping_status":"open","sticky":false,"template":"","format":"standard","meta":{"colormag_page_container_layout":"default_layout","colormag_page_sidebar_layout":"default_layout","_monsterinsights_skip_tracking":false,"_monsterinsights_sitenote_active":false,"_monsterinsights_sitenote_note":"","_monsterinsights_sitenote_category":0,"_jetpack_memberships_contains_paid_content":false,"footnotes":""},"categories":[47],"tags":[],"class_list":["post-3772","post","type-post","status-publish","format-standard","has-post-thumbnail","hentry","category-saude"],"yoast_head":"<!-- This site is optimized with the Yoast SEO plugin v16.3 - https:\/\/yoast.com\/wordpress\/plugins\/seo\/ -->\n<title>Publicada lei que permite ind\u00fastrias veterin\u00e1rias produzirem vacinas - Politiciando<\/title>\n<meta name=\"robots\" content=\"index, follow, max-snippet:-1, max-image-preview:large, max-video-preview:-1\" \/>\n<link rel=\"canonical\" href=\"https:\/\/politiciando.com.br\/?p=3772\" \/>\n<meta property=\"og:locale\" content=\"pt_BR\" \/>\n<meta property=\"og:type\" content=\"article\" \/>\n<meta property=\"og:title\" content=\"Publicada lei que permite ind\u00fastrias veterin\u00e1rias produzirem vacinas - Politiciando\" \/>\n<meta property=\"og:description\" content=\"A lei foi sancionada com veto pelo presidente da Rep\u00fablica O presidente Jair Bolsonaro sancionou nessa quinta-feira (15), com veto,\" \/>\n<meta property=\"og:url\" content=\"https:\/\/politiciando.com.br\/?p=3772\" \/>\n<meta property=\"og:site_name\" content=\"Politiciando\" \/>\n<meta property=\"article:publisher\" content=\"https:\/\/www.facebook.com\/Politician\" \/>\n<meta property=\"article:published_time\" content=\"2021-07-16T14:40:27+00:00\" \/>\n<meta property=\"article:modified_time\" content=\"2021-07-16T14:40:29+00:00\" \/>\n<meta property=\"og:image\" content=\"https:\/\/politiciando.com.br\/wp-content\/uploads\/2021\/07\/vacina_covid-19_fiocruz.05062101540.jpg\" \/>\n\t<meta property=\"og:image:width\" content=\"1170\" \/>\n\t<meta property=\"og:image:height\" content=\"700\" \/>\n<meta name=\"twitter:card\" content=\"summary_large_image\" \/>\n<meta name=\"twitter:creator\" content=\"@politiciando\" \/>\n<meta name=\"twitter:site\" content=\"@politiciando\" \/>\n<meta name=\"twitter:label1\" content=\"Est. tempo de leitura\">\n\t<meta name=\"twitter:data1\" content=\"2 minutos\">\n<script type=\"application\/ld+json\" class=\"yoast-schema-graph\">{\"@context\":\"https:\/\/schema.org\",\"@graph\":[{\"@type\":\"WebSite\",\"@id\":\"https:\/\/politiciando.com.br\/#website\",\"url\":\"https:\/\/politiciando.com.br\/\",\"name\":\"Politiciando\",\"description\":\"A Not\\u00edcia como tem que ser!\",\"potentialAction\":[{\"@type\":\"SearchAction\",\"target\":\"https:\/\/politiciando.com.br\/?s={search_term_string}\",\"query-input\":\"required name=search_term_string\"}],\"inLanguage\":\"pt-BR\"},{\"@type\":\"ImageObject\",\"@id\":\"https:\/\/politiciando.com.br\/?p=3772#primaryimage\",\"inLanguage\":\"pt-BR\",\"url\":\"https:\/\/politiciando.com.br\/wp-content\/uploads\/2021\/07\/vacina_covid-19_fiocruz.05062101540.jpg\",\"contentUrl\":\"https:\/\/politiciando.com.br\/wp-content\/uploads\/2021\/07\/vacina_covid-19_fiocruz.05062101540.jpg\",\"width\":1170,\"height\":700,\"caption\":\"vacina Covid-19 Fiocruz.\"},{\"@type\":\"WebPage\",\"@id\":\"https:\/\/politiciando.com.br\/?p=3772#webpage\",\"url\":\"https:\/\/politiciando.com.br\/?p=3772\",\"name\":\"Publicada lei que permite ind\\u00fastrias veterin\\u00e1rias produzirem vacinas - Politiciando\",\"isPartOf\":{\"@id\":\"https:\/\/politiciando.com.br\/#website\"},\"primaryImageOfPage\":{\"@id\":\"https:\/\/politiciando.com.br\/?p=3772#primaryimage\"},\"datePublished\":\"2021-07-16T14:40:27+00:00\",\"dateModified\":\"2021-07-16T14:40:29+00:00\",\"author\":{\"@id\":\"https:\/\/politiciando.com.br\/#\/schema\/person\/be8395b998f06b83e7b3a1d9567ff61b\"},\"breadcrumb\":{\"@id\":\"https:\/\/politiciando.com.br\/?p=3772#breadcrumb\"},\"inLanguage\":\"pt-BR\",\"potentialAction\":[{\"@type\":\"ReadAction\",\"target\":[\"https:\/\/politiciando.com.br\/?p=3772\"]}]},{\"@type\":\"BreadcrumbList\",\"@id\":\"https:\/\/politiciando.com.br\/?p=3772#breadcrumb\",\"itemListElement\":[{\"@type\":\"ListItem\",\"position\":1,\"item\":{\"@type\":\"WebPage\",\"@id\":\"https:\/\/politiciando.com.br\/\",\"url\":\"https:\/\/politiciando.com.br\/\",\"name\":\"Home\"}},{\"@type\":\"ListItem\",\"position\":2,\"item\":{\"@id\":\"https:\/\/politiciando.com.br\/?p=3772#webpage\"}}]},{\"@type\":\"Person\",\"@id\":\"https:\/\/politiciando.com.br\/#\/schema\/person\/be8395b998f06b83e7b3a1d9567ff61b\",\"name\":\"redacaopoliticiando\",\"image\":{\"@type\":\"ImageObject\",\"@id\":\"https:\/\/politiciando.com.br\/#personlogo\",\"inLanguage\":\"pt-BR\",\"url\":\"https:\/\/secure.gravatar.com\/avatar\/6cfd6b7f4d5132d5b42f746a58e576a9ab04eae227797efa7fdd7a4aeb90ca9c?s=96&d=mm&r=g\",\"contentUrl\":\"https:\/\/secure.gravatar.com\/avatar\/6cfd6b7f4d5132d5b42f746a58e576a9ab04eae227797efa7fdd7a4aeb90ca9c?s=96&d=mm&r=g\",\"caption\":\"redacaopoliticiando\"},\"sameAs\":[\"https:\/\/politiciando.com.br\"],\"url\":\"https:\/\/politiciando.com.br\/?author=1\"}]}<\/script>\n<!-- \/ Yoast SEO plugin. -->","jetpack_featured_media_url":"https:\/\/politiciando.com.br\/wp-content\/uploads\/2021\/07\/vacina_covid-19_fiocruz.05062101540.jpg","jetpack_sharing_enabled":true,"_links":{"self":[{"href":"https:\/\/politiciando.com.br\/index.php?rest_route=\/wp\/v2\/posts\/3772","targetHints":{"allow":["GET"]}}],"collection":[{"href":"https:\/\/politiciando.com.br\/index.php?rest_route=\/wp\/v2\/posts"}],"about":[{"href":"https:\/\/politiciando.com.br\/index.php?rest_route=\/wp\/v2\/types\/post"}],"author":[{"embeddable":true,"href":"https:\/\/politiciando.com.br\/index.php?rest_route=\/wp\/v2\/users\/1"}],"replies":[{"embeddable":true,"href":"https:\/\/politiciando.com.br\/index.php?rest_route=%2Fwp%2Fv2%2Fcomments&post=3772"}],"version-history":[{"count":1,"href":"https:\/\/politiciando.com.br\/index.php?rest_route=\/wp\/v2\/posts\/3772\/revisions"}],"predecessor-version":[{"id":3774,"href":"https:\/\/politiciando.com.br\/index.php?rest_route=\/wp\/v2\/posts\/3772\/revisions\/3774"}],"wp:featuredmedia":[{"embeddable":true,"href":"https:\/\/politiciando.com.br\/index.php?rest_route=\/wp\/v2\/media\/3773"}],"wp:attachment":[{"href":"https:\/\/politiciando.com.br\/index.php?rest_route=%2Fwp%2Fv2%2Fmedia&parent=3772"}],"wp:term":[{"taxonomy":"category","embeddable":true,"href":"https:\/\/politiciando.com.br\/index.php?rest_route=%2Fwp%2Fv2%2Fcategories&post=3772"},{"taxonomy":"post_tag","embeddable":true,"href":"https:\/\/politiciando.com.br\/index.php?rest_route=%2Fwp%2Fv2%2Ftags&post=3772"}],"curies":[{"name":"wp","href":"https:\/\/api.w.org\/{rel}","templated":true}]}}