{"id":4005,"date":"2021-08-24T14:15:42","date_gmt":"2021-08-24T17:15:42","guid":{"rendered":"https:\/\/politiciando.com.br\/?p=4005"},"modified":"2021-08-24T14:15:43","modified_gmt":"2021-08-24T17:15:43","slug":"pf-desarticula-associacao-criminosa-suspeita-de-invadir-site-do-tse","status":"publish","type":"post","link":"https:\/\/politiciando.com.br\/?p=4005","title":{"rendered":"PF desarticula associa\u00e7\u00e3o criminosa suspeita de invadir site do TSE"},"content":{"rendered":"\n<h3 class=\"wp-block-heading\">Dilig\u00eancias ocorrem na capital paulista e em Ara\u00e7atuba, no interior<\/h3>\n\n\n\n<!\u2014 INICIO TAG \u2014>\n     <!\u2014 \n     Id: 7399 \n     Campanha:  T\u00c1 NA MESA\n     Server: Metrike \n     Ve\u00edculo:  POLITICIANDO \n     Cliente: GOVPB   \n     Formato: POLITICIANDO - 728X90 \n     Data de Veicula\u00e7\u00e3o: 03\/08\/2021 - 31\/08\/2021\n     \u2014>\n     <ins data-revive-zoneid=\"7399\" data-revive-id=\"566f260197bf822e7263f1a3667caa2f\"><\/ins>\n     <script async src=\"\/\/ads.metrike.com\/asyncjs.php\"><\/script>\n     <!\u2014 FIM TAG \u2014>\n\n\n\n<!\u2014 INICIO TAG \u2014>\n     <!\u2014 \n     Id: 7399 \n     Campanha:  T\u00c1 NA MESA\n     Server: Metrike \n     Ve\u00edculo:  POLITICIANDO \n     Cliente: GOVPB   \n     Formato: POLITICIANDO - 728X90 \n     Data de Veicula\u00e7\u00e3o: 03\/08\/2021 - 31\/08\/2021\n     \u2014>\n     <ins data-revive-zoneid=\"7399\" data-revive-id=\"566f260197bf822e7263f1a3667caa2f\"><\/ins>\n     <script async src=\"\/\/ads.metrike.com\/asyncjs.php\"><\/script>\n     <!\u2014 FIM TAG \u2014>\n\n\n\n<figure class=\"wp-block-image size-large\"><img loading=\"lazy\" decoding=\"async\" width=\"1024\" height=\"613\" src=\"https:\/\/politiciando.com.br\/wp-content\/uploads\/2021\/08\/sede_da_policia_federal_em_brasilia0505202669-1-1024x613.jpg\" alt=\"\" class=\"wp-image-4012\" srcset=\"https:\/\/politiciando.com.br\/wp-content\/uploads\/2021\/08\/sede_da_policia_federal_em_brasilia0505202669-1-1024x613.jpg 1024w, https:\/\/politiciando.com.br\/wp-content\/uploads\/2021\/08\/sede_da_policia_federal_em_brasilia0505202669-1-300x179.jpg 300w, https:\/\/politiciando.com.br\/wp-content\/uploads\/2021\/08\/sede_da_policia_federal_em_brasilia0505202669-1-768x459.jpg 768w, https:\/\/politiciando.com.br\/wp-content\/uploads\/2021\/08\/sede_da_policia_federal_em_brasilia0505202669-1.jpg 1170w\" sizes=\"auto, (max-width: 1024px) 100vw, 1024px\" \/><figcaption>Sede da Pol\u00edcia Federal em Bras\u00edlia<\/figcaption><\/figure>\n\n\n\n<!\u2014 INICIO TAG \u2014>\n     <!\u2014 \n     Id: 7399 \n     Campanha:  T\u00c1 NA MESA\n     Server: Metrike \n     Ve\u00edculo:  POLITICIANDO \n     Cliente: GOVPB   \n     Formato: POLITICIANDO - 728X90 \n     Data de Veicula\u00e7\u00e3o: 03\/08\/2021 - 31\/08\/2021\n     \u2014>\n     <ins data-revive-zoneid=\"7399\" data-revive-id=\"566f260197bf822e7263f1a3667caa2f\"><\/ins>\n     <script async src=\"\/\/ads.metrike.com\/asyncjs.php\"><\/script>\n     <!\u2014 FIM TAG \u2014>\n\n\n\n<!\u2014 INICIO TAG \u2014>\n     <!\u2014 \n     Id: 7399 \n     Campanha:  T\u00c1 NA MESA\n     Server: Metrike \n     Ve\u00edculo:  POLITICIANDO \n     Cliente: GOVPB   \n     Formato: POLITICIANDO - 728X90 \n     Data de Veicula\u00e7\u00e3o: 03\/08\/2021 - 31\/08\/2021\n     \u2014>\n     <ins data-revive-zoneid=\"7399\" data-revive-id=\"566f260197bf822e7263f1a3667caa2f\"><\/ins>\n     <script async src=\"\/\/ads.metrike.com\/asyncjs.php\"><\/script>\n     <!\u2014 FIM TAG \u2014>\n\n\n\n<p>A Pol\u00edcia Federal (PF) foi \u00e0s ruas na manh\u00e3 de&nbsp;hoje&nbsp;(24) para cumprir um mandado de pris\u00e3o preventiva e dois de pris\u00e3o tempor\u00e1ria na Opera\u00e7\u00e3o Script Kiddie. Os alvos s\u00e3o suspeitos de participa\u00e7\u00e3o em um ataque&nbsp;<em>hacker<\/em>&nbsp;contra o Tribunal Superior Eleitoral (TSE).<img decoding=\"async\" src=\"https:\/\/agenciabrasil.ebc.com.br\/ebc.png?id=1419346&amp;o=node\"><img decoding=\"async\" src=\"https:\/\/agenciabrasil.ebc.com.br\/ebc.gif?id=1419346&amp;o=node\"><\/p>\n\n\n\n<p>S\u00e3o cumpridos tamb\u00e9m cinco mandados de busca e apreens\u00e3o. As dilig\u00eancias foram deflagradas nas cidades de S\u00e3o Paulo e Ara\u00e7atuba (SP). Todas as medidas foram autorizadas pela 10\u00aa Vara Federal de Bras\u00edlia, a pedido da PF.<\/p>\n\n\n\n<p>Os envolvidos podem responder pelos crimes de invas\u00e3o de dispositivo eletr\u00f4nico e associa\u00e7\u00e3o criminosa. Segundo a PF, foram apreendidos na casa de um dos investigados presos R$ 22 mil em esp\u00e9cie, al\u00e9m de uma arma de fogo ilegal e uma m\u00eddia eletr\u00f4nica de interesse da investiga\u00e7\u00e3o.<\/p>\n\n\n\n<!\u2014 INICIO TAG \u2014>\n     <!\u2014 \n     Id: 7399 \n     Campanha:  T\u00c1 NA MESA\n     Server: Metrike \n     Ve\u00edculo:  POLITICIANDO \n     Cliente: GOVPB   \n     Formato: POLITICIANDO - 728X90 \n     Data de Veicula\u00e7\u00e3o: 03\/08\/2021 - 31\/08\/2021\n     \u2014>\n     <ins data-revive-zoneid=\"7399\" data-revive-id=\"566f260197bf822e7263f1a3667caa2f\"><\/ins>\n     <script async src=\"\/\/ads.metrike.com\/asyncjs.php\"><\/script>\n     <!\u2014 FIM TAG \u2014>\n\n\n\n<!\u2014 INICIO TAG \u2014>\n     <!\u2014 \n     Id: 7399 \n     Campanha:  T\u00c1 NA MESA\n     Server: Metrike \n     Ve\u00edculo:  POLITICIANDO \n     Cliente: GOVPB   \n     Formato: POLITICIANDO - 728X90 \n     Data de Veicula\u00e7\u00e3o: 03\/08\/2021 - 31\/08\/2021\n     \u2014>\n     <ins data-revive-zoneid=\"7399\" data-revive-id=\"566f260197bf822e7263f1a3667caa2f\"><\/ins>\n     <script async src=\"\/\/ads.metrike.com\/asyncjs.php\"><\/script>\n     <!\u2014 FIM TAG \u2014>\n\n\n\n<p>A opera\u00e7\u00e3o \u00e9 fruto de um inqu\u00e9rito instaurado a pedido do presidente do TSE, Lu\u00eds Roberto Barroso, ap\u00f3s o portal do tribunal&nbsp;ter&nbsp;sido invadido, e a p\u00e1gina inicial&nbsp;ter&nbsp;sido alterada, em 1\u00ba de junho. \u201cN\u00e3o foram identificados quaisquer elementos que possam&nbsp;ter&nbsp;prejudicado a seguran\u00e7a do sistema eleitoral\u201d, afirmou a PF em nota.<\/p>\n\n\n\n<p>Com o termo Script Kiddie, a PF&nbsp;faz refer\u00eancia a&nbsp;<em>hackers<\/em>&nbsp;menos experientes e habilidosos, que se utilizam de ferramentas e esquemas j\u00e1 utilizados por outros&nbsp;<em>hackers<\/em>&nbsp;para realizar ataques cibern\u00e9ticos.<\/p>\n","protected":false},"excerpt":{"rendered":"<p>Dilig\u00eancias ocorrem na capital paulista e em Ara\u00e7atuba, no interior A Pol\u00edcia Federal (PF) foi \u00e0s ruas na manh\u00e3 de&nbsp;hoje&nbsp;(24)<\/p>\n","protected":false},"author":1,"featured_media":4012,"comment_status":"open","ping_status":"open","sticky":false,"template":"","format":"standard","meta":{"colormag_page_container_layout":"default_layout","colormag_page_sidebar_layout":"default_layout","_monsterinsights_skip_tracking":false,"_monsterinsights_sitenote_active":false,"_monsterinsights_sitenote_note":"","_monsterinsights_sitenote_category":0,"_jetpack_memberships_contains_paid_content":false,"footnotes":""},"categories":[49],"tags":[],"class_list":["post-4005","post","type-post","status-publish","format-standard","has-post-thumbnail","hentry","category-brasil"],"yoast_head":"<!-- This site is optimized with the Yoast SEO plugin v16.3 - https:\/\/yoast.com\/wordpress\/plugins\/seo\/ -->\n<title>PF desarticula associa\u00e7\u00e3o criminosa suspeita de invadir site do TSE - Politiciando<\/title>\n<meta name=\"robots\" content=\"index, follow, max-snippet:-1, max-image-preview:large, max-video-preview:-1\" \/>\n<link rel=\"canonical\" href=\"https:\/\/politiciando.com.br\/?p=4005\" \/>\n<meta property=\"og:locale\" content=\"pt_BR\" \/>\n<meta property=\"og:type\" content=\"article\" \/>\n<meta property=\"og:title\" content=\"PF desarticula associa\u00e7\u00e3o criminosa suspeita de invadir site do TSE - Politiciando\" \/>\n<meta property=\"og:description\" content=\"Dilig\u00eancias ocorrem na capital paulista e em Ara\u00e7atuba, no interior A Pol\u00edcia Federal (PF) foi \u00e0s ruas na manh\u00e3 de&nbsp;hoje&nbsp;(24)\" \/>\n<meta property=\"og:url\" content=\"https:\/\/politiciando.com.br\/?p=4005\" \/>\n<meta property=\"og:site_name\" content=\"Politiciando\" \/>\n<meta property=\"article:publisher\" content=\"https:\/\/www.facebook.com\/Politician\" \/>\n<meta property=\"article:published_time\" content=\"2021-08-24T17:15:42+00:00\" \/>\n<meta property=\"article:modified_time\" content=\"2021-08-24T17:15:43+00:00\" \/>\n<meta property=\"og:image\" content=\"https:\/\/politiciando.com.br\/wp-content\/uploads\/2021\/08\/sede_da_policia_federal_em_brasilia0505202669-1.jpg\" \/>\n\t<meta property=\"og:image:width\" content=\"1170\" \/>\n\t<meta property=\"og:image:height\" content=\"700\" \/>\n<meta name=\"twitter:card\" content=\"summary_large_image\" \/>\n<meta name=\"twitter:creator\" content=\"@politiciando\" \/>\n<meta name=\"twitter:site\" content=\"@politiciando\" \/>\n<meta name=\"twitter:label1\" content=\"Est. tempo de leitura\">\n\t<meta name=\"twitter:data1\" content=\"2 minutos\">\n<script type=\"application\/ld+json\" class=\"yoast-schema-graph\">{\"@context\":\"https:\/\/schema.org\",\"@graph\":[{\"@type\":\"WebSite\",\"@id\":\"https:\/\/politiciando.com.br\/#website\",\"url\":\"https:\/\/politiciando.com.br\/\",\"name\":\"Politiciando\",\"description\":\"A Not\\u00edcia como tem que ser!\",\"potentialAction\":[{\"@type\":\"SearchAction\",\"target\":\"https:\/\/politiciando.com.br\/?s={search_term_string}\",\"query-input\":\"required name=search_term_string\"}],\"inLanguage\":\"pt-BR\"},{\"@type\":\"ImageObject\",\"@id\":\"https:\/\/politiciando.com.br\/?p=4005#primaryimage\",\"inLanguage\":\"pt-BR\",\"url\":\"https:\/\/politiciando.com.br\/wp-content\/uploads\/2021\/08\/sede_da_policia_federal_em_brasilia0505202669-1.jpg\",\"contentUrl\":\"https:\/\/politiciando.com.br\/wp-content\/uploads\/2021\/08\/sede_da_policia_federal_em_brasilia0505202669-1.jpg\",\"width\":1170,\"height\":700,\"caption\":\"Sede da Pol\\u00edcia Federal em Bras\\u00edlia\"},{\"@type\":\"WebPage\",\"@id\":\"https:\/\/politiciando.com.br\/?p=4005#webpage\",\"url\":\"https:\/\/politiciando.com.br\/?p=4005\",\"name\":\"PF desarticula associa\\u00e7\\u00e3o criminosa suspeita de invadir site do TSE - Politiciando\",\"isPartOf\":{\"@id\":\"https:\/\/politiciando.com.br\/#website\"},\"primaryImageOfPage\":{\"@id\":\"https:\/\/politiciando.com.br\/?p=4005#primaryimage\"},\"datePublished\":\"2021-08-24T17:15:42+00:00\",\"dateModified\":\"2021-08-24T17:15:43+00:00\",\"author\":{\"@id\":\"https:\/\/politiciando.com.br\/#\/schema\/person\/be8395b998f06b83e7b3a1d9567ff61b\"},\"breadcrumb\":{\"@id\":\"https:\/\/politiciando.com.br\/?p=4005#breadcrumb\"},\"inLanguage\":\"pt-BR\",\"potentialAction\":[{\"@type\":\"ReadAction\",\"target\":[\"https:\/\/politiciando.com.br\/?p=4005\"]}]},{\"@type\":\"BreadcrumbList\",\"@id\":\"https:\/\/politiciando.com.br\/?p=4005#breadcrumb\",\"itemListElement\":[{\"@type\":\"ListItem\",\"position\":1,\"item\":{\"@type\":\"WebPage\",\"@id\":\"https:\/\/politiciando.com.br\/\",\"url\":\"https:\/\/politiciando.com.br\/\",\"name\":\"Home\"}},{\"@type\":\"ListItem\",\"position\":2,\"item\":{\"@id\":\"https:\/\/politiciando.com.br\/?p=4005#webpage\"}}]},{\"@type\":\"Person\",\"@id\":\"https:\/\/politiciando.com.br\/#\/schema\/person\/be8395b998f06b83e7b3a1d9567ff61b\",\"name\":\"redacaopoliticiando\",\"image\":{\"@type\":\"ImageObject\",\"@id\":\"https:\/\/politiciando.com.br\/#personlogo\",\"inLanguage\":\"pt-BR\",\"url\":\"https:\/\/secure.gravatar.com\/avatar\/6cfd6b7f4d5132d5b42f746a58e576a9ab04eae227797efa7fdd7a4aeb90ca9c?s=96&d=mm&r=g\",\"contentUrl\":\"https:\/\/secure.gravatar.com\/avatar\/6cfd6b7f4d5132d5b42f746a58e576a9ab04eae227797efa7fdd7a4aeb90ca9c?s=96&d=mm&r=g\",\"caption\":\"redacaopoliticiando\"},\"sameAs\":[\"https:\/\/politiciando.com.br\"],\"url\":\"https:\/\/politiciando.com.br\/?author=1\"}]}<\/script>\n<!-- \/ Yoast SEO plugin. -->","jetpack_featured_media_url":"https:\/\/politiciando.com.br\/wp-content\/uploads\/2021\/08\/sede_da_policia_federal_em_brasilia0505202669-1.jpg","jetpack_sharing_enabled":true,"_links":{"self":[{"href":"https:\/\/politiciando.com.br\/index.php?rest_route=\/wp\/v2\/posts\/4005","targetHints":{"allow":["GET"]}}],"collection":[{"href":"https:\/\/politiciando.com.br\/index.php?rest_route=\/wp\/v2\/posts"}],"about":[{"href":"https:\/\/politiciando.com.br\/index.php?rest_route=\/wp\/v2\/types\/post"}],"author":[{"embeddable":true,"href":"https:\/\/politiciando.com.br\/index.php?rest_route=\/wp\/v2\/users\/1"}],"replies":[{"embeddable":true,"href":"https:\/\/politiciando.com.br\/index.php?rest_route=%2Fwp%2Fv2%2Fcomments&post=4005"}],"version-history":[{"count":1,"href":"https:\/\/politiciando.com.br\/index.php?rest_route=\/wp\/v2\/posts\/4005\/revisions"}],"predecessor-version":[{"id":4013,"href":"https:\/\/politiciando.com.br\/index.php?rest_route=\/wp\/v2\/posts\/4005\/revisions\/4013"}],"wp:featuredmedia":[{"embeddable":true,"href":"https:\/\/politiciando.com.br\/index.php?rest_route=\/wp\/v2\/media\/4012"}],"wp:attachment":[{"href":"https:\/\/politiciando.com.br\/index.php?rest_route=%2Fwp%2Fv2%2Fmedia&parent=4005"}],"wp:term":[{"taxonomy":"category","embeddable":true,"href":"https:\/\/politiciando.com.br\/index.php?rest_route=%2Fwp%2Fv2%2Fcategories&post=4005"},{"taxonomy":"post_tag","embeddable":true,"href":"https:\/\/politiciando.com.br\/index.php?rest_route=%2Fwp%2Fv2%2Ftags&post=4005"}],"curies":[{"name":"wp","href":"https:\/\/api.w.org\/{rel}","templated":true}]}}