{"id":4020,"date":"2021-08-25T07:41:31","date_gmt":"2021-08-25T10:41:31","guid":{"rendered":"https:\/\/politiciando.com.br\/?p=4020"},"modified":"2021-08-25T07:43:40","modified_gmt":"2021-08-25T10:43:40","slug":"caixa-paga-hoje-auxilio-emergencial-a-nascidos-em-junho","status":"publish","type":"post","link":"https:\/\/politiciando.com.br\/?p=4020","title":{"rendered":"Caixa paga aux\u00edlio emergencial a nascidos em junho"},"content":{"rendered":"\n<h3 class=\"wp-block-heading\">Benef\u00edcio tamb\u00e9m ser\u00e1 pago a inscritos no Bolsa Fam\u00edlia com NIS 6<\/h3>\n\n\n\n<!\u2014 INICIO TAG \u2014>\n     <!\u2014 \n     Id: 7399 \n     Campanha:  T\u00c1 NA MESA\n     Server: Metrike \n     Ve\u00edculo:  POLITICIANDO \n     Cliente: GOVPB   \n     Formato: POLITICIANDO - 728X90 \n     Data de Veicula\u00e7\u00e3o: 03\/08\/2021 - 31\/08\/2021\n     \u2014>\n     <ins data-revive-zoneid=\"7399\" data-revive-id=\"566f260197bf822e7263f1a3667caa2f\"><\/ins>\n     <script async src=\"\/\/ads.metrike.com\/asyncjs.php\"><\/script>\n     <!\u2014 FIM TAG \u2014>\n\n\n\n<!\u2014 INICIO TAG \u2014>\n     <!\u2014 \n     Id: 7399 \n     Campanha:  T\u00c1 NA MESA\n     Server: Metrike \n     Ve\u00edculo:  POLITICIANDO \n     Cliente: GOVPB   \n     Formato: POLITICIANDO - 728X90 \n     Data de Veicula\u00e7\u00e3o: 03\/08\/2021 - 31\/08\/2021\n     \u2014>\n     <ins data-revive-zoneid=\"7399\" data-revive-id=\"566f260197bf822e7263f1a3667caa2f\"><\/ins>\n     <script async src=\"\/\/ads.metrike.com\/asyncjs.php\"><\/script>\n     <!\u2014 FIM TAG \u2014>\n\n\n\n<p>Trabalhadores informais nascidos em junho recebem&nbsp;hoje&nbsp;(25) a&nbsp;quinta&nbsp;parcela da nova rodada do aux\u00edlio emergencial. O benef\u00edcio&nbsp;tem&nbsp;parcelas de R$ 150 a R$ 375, dependendo da fam\u00edlia.<img decoding=\"async\" src=\"https:\/\/agenciabrasil.ebc.com.br\/ebc.png?id=1419429&amp;o=node\"><img decoding=\"async\" src=\"https:\/\/agenciabrasil.ebc.com.br\/ebc.gif?id=1419429&amp;o=node\"><\/p>\n\n\n\n<p>O pagamento tamb\u00e9m ser\u00e1 feito a inscritos no Cadastro \u00danico de Programas Sociais do Governo Federal (Cad\u00danico) nascidos no mesmo m\u00eas. O dinheiro \u00e9&nbsp;depositado nas contas poupan\u00e7a digitais e poder\u00e1 ser movimentado pelo aplicativo Caixa Tem. Somente de duas a tr\u00eas semanas ap\u00f3s o dep\u00f3sito, o dinheiro poder\u00e1 ser sacado em esp\u00e9cie ou transferido para uma conta-corrente.<\/p>\n\n\n\n<!\u2014 INICIO TAG \u2014>\n     <!\u2014 \n     Id: 7399 \n     Campanha:  T\u00c1 NA MESA\n     Server: Metrike \n     Ve\u00edculo:  POLITICIANDO \n     Cliente: GOVPB   \n     Formato: POLITICIANDO - 728X90 \n     Data de Veicula\u00e7\u00e3o: 03\/08\/2021 - 31\/08\/2021\n     \u2014>\n     <ins data-revive-zoneid=\"7399\" data-revive-id=\"566f260197bf822e7263f1a3667caa2f\"><\/ins>\n     <script async src=\"\/\/ads.metrike.com\/asyncjs.php\"><\/script>\n     <!\u2014 FIM TAG \u2014>\n\n\n\n<p>Recebem ainda&nbsp;a&nbsp;quinta&nbsp;parcela do aux\u00edlio emergencial os participantes do Bolsa Fam\u00edlia com N\u00famero de Inscri\u00e7\u00e3o Social (NIS) de final 6. As&nbsp;<a href=\"https:\/\/agenciabrasil.ebc.com.br\/economia\/noticia\/2021-08\/prorrogacao-do-auxilio-emergencial-comecara-ser-paga-no-dia-18\" target=\"_blank\" rel=\"noreferrer noopener\">datas da prorroga\u00e7\u00e3o<\/a>&nbsp;do benef\u00edcio foram anunciadas h\u00e1 duas semanas.<\/p>\n\n\n\n<p>Ao todo, 45,6 milh\u00f5es de brasileiros s\u00e3o beneficiados pela nova rodada do aux\u00edlio emergencial. O aux\u00edlio \u00e9 pago apenas a quem recebia o benef\u00edcio em dezembro de 2020. Tamb\u00e9m \u00e9 necess\u00e1rio cumprir outros requisitos para&nbsp;ter&nbsp;direito \u00e0 nova rodada.<\/p>\n\n\n\n<!\u2014 INICIO TAG \u2014>\n     <!\u2014 \n     Id: 7399 \n     Campanha:  T\u00c1 NA MESA\n     Server: Metrike \n     Ve\u00edculo:  POLITICIANDO \n     Cliente: GOVPB   \n     Formato: POLITICIANDO - 728X90 \n     Data de Veicula\u00e7\u00e3o: 03\/08\/2021 - 31\/08\/2021\n     \u2014>\n     <ins data-revive-zoneid=\"7399\" data-revive-id=\"566f260197bf822e7263f1a3667caa2f\"><\/ins>\n     <script async src=\"\/\/ads.metrike.com\/asyncjs.php\"><\/script>\n     <!\u2014 FIM TAG \u2014>\n\n\n\n<figure class=\"wp-block-image\"><img decoding=\"async\" src=\"https:\/\/imagens.ebc.com.br\/TyIVeQ26E9lMR2jyF3BMA5jmT38=\/754x0\/smart\/https:\/\/agenciabrasil.ebc.com.br\/sites\/default\/files\/thumbnails\/image\/calendario_de_pagamento_da_quinta_parcela_do_auxilio_emergencial_2021.jpg?itok=t2Lrugu4\" alt=\"Calend\u00e1rio de pagamento da quinta parcela do auxilio emergencial de 2021\" title=\"Fonte: Minist\u00e9rio da Cidadania\"\/><\/figure>\n\n\n\n<!\u2014 INICIO TAG \u2014>\n     <!\u2014 \n     Id: 7399 \n     Campanha:  T\u00c1 NA MESA\n     Server: Metrike \n     Ve\u00edculo:  POLITICIANDO \n     Cliente: GOVPB   \n     Formato: POLITICIANDO - 728X90 \n     Data de Veicula\u00e7\u00e3o: 03\/08\/2021 - 31\/08\/2021\n     \u2014>\n     <ins data-revive-zoneid=\"7399\" data-revive-id=\"566f260197bf822e7263f1a3667caa2f\"><\/ins>\n     <script async src=\"\/\/ads.metrike.com\/asyncjs.php\"><\/script>\n     <!\u2014 FIM TAG \u2014>\n\n\n\n<p>Calend\u00e1rio de pagamento da quinta parcela do aux\u00edlio emergencial 2021 &#8211; Fonte: Minist\u00e9rio da Cidadania<\/p>\n\n\n\n<p>Para os benefici\u00e1rios do Bolsa Fam\u00edlia, o pagamento ocorre de forma distinta. Os inscritos podem sacar diretamente o dinheiro nos dez \u00faltimos dias \u00fateis de cada m\u00eas, com base no d\u00edgito final do NIS.<\/p>\n\n\n\n<p>O pagamento da&nbsp;quinta&nbsp;parcela aos inscritos no Bolsa Fam\u00edlia come\u00e7ou no \u00faltimo dia 18 e segue at\u00e9 o dia 31. O aux\u00edlio emergencial somente ser\u00e1 depositado quando o valor for superior ao benef\u00edcio do programa social.<\/p>\n\n\n\n<!\u2014 INICIO TAG \u2014>\n     <!\u2014 \n     Id: 7399 \n     Campanha:  T\u00c1 NA MESA\n     Server: Metrike \n     Ve\u00edculo:  POLITICIANDO \n     Cliente: GOVPB   \n     Formato: POLITICIANDO - 728X90 \n     Data de Veicula\u00e7\u00e3o: 03\/08\/2021 - 31\/08\/2021\n     \u2014>\n     <ins data-revive-zoneid=\"7399\" data-revive-id=\"566f260197bf822e7263f1a3667caa2f\"><\/ins>\n     <script async src=\"\/\/ads.metrike.com\/asyncjs.php\"><\/script>\n     <!\u2014 FIM TAG \u2014>\n\n\n\n<!\u2014 INICIO TAG \u2014>\n     <!\u2014 \n     Id: 7399 \n     Campanha:  T\u00c1 NA MESA\n     Server: Metrike \n     Ve\u00edculo:  POLITICIANDO \n     Cliente: GOVPB   \n     Formato: POLITICIANDO - 728X90 \n     Data de Veicula\u00e7\u00e3o: 03\/08\/2021 - 31\/08\/2021\n     \u2014>\n     <ins data-revive-zoneid=\"7399\" data-revive-id=\"566f260197bf822e7263f1a3667caa2f\"><\/ins>\n     <script async src=\"\/\/ads.metrike.com\/asyncjs.php\"><\/script>\n     <!\u2014 FIM TAG \u2014>\n\n\n\n<figure class=\"wp-block-image\"><img decoding=\"async\" src=\"https:\/\/imagens.ebc.com.br\/Y0pFXxvatDJKxGxPfqpQHQRxzvs=\/754x0\/smart\/https:\/\/agenciabrasil.ebc.com.br\/sites\/default\/files\/thumbnails\/image\/tabela_auxilio_emergencial_quinta_parcela_bolsa_familia.jpg?itok=i73q5X7_\" alt=\"Calend\u00e1rio de pagamento da quinta parcela do aux\u00edlio emergencial para benefici\u00e1rios do Bolsa Fam\u00edlia\" title=\"Divulga\u00e7\u00e3o\/Caixa\"\/><\/figure>\n\n\n\n<!\u2014 INICIO TAG \u2014>\n     <!\u2014 \n     Id: 7399 \n     Campanha:  T\u00c1 NA MESA\n     Server: Metrike \n     Ve\u00edculo:  POLITICIANDO \n     Cliente: GOVPB   \n     Formato: POLITICIANDO - 728X90 \n     Data de Veicula\u00e7\u00e3o: 03\/08\/2021 - 31\/08\/2021\n     \u2014>\n     <ins data-revive-zoneid=\"7399\" data-revive-id=\"566f260197bf822e7263f1a3667caa2f\"><\/ins>\n     <script async src=\"\/\/ads.metrike.com\/asyncjs.php\"><\/script>\n     <!\u2014 FIM TAG \u2014>\n\n\n\n<p>Calend\u00e1rio de pagamento da quinta parcela do aux\u00edlio emergencial a&nbsp;benefici\u00e1rios do Bolsa Fam\u00edlia &#8211;&nbsp;<strong>Divulga\u00e7\u00e3o\/Caixa<\/strong><\/p>\n\n\n\n<p>O programa se encerraria em julho, mas foi&nbsp;<a href=\"https:\/\/agenciabrasil.ebc.com.br\/politica\/noticia\/2021-07\/governo-prorroga-auxilio-emergencial-por-mais-tres-meses\" target=\"_blank\" rel=\"noreferrer noopener\">prorrogado at\u00e9 outubro<\/a>, com os mesmos valores para as parcelas.<\/p>\n\n\n\n<p>A&nbsp;<strong>Ag\u00eancia Brasil<\/strong>&nbsp;elaborou um&nbsp;<a href=\"https:\/\/agenciabrasil.ebc.com.br\/economia\/noticia\/2021-04\/agencia-brasil-explica-nova-rodada-do-auxilio-emergencia\" target=\"_blank\" rel=\"noreferrer noopener\">guia de perguntas e respostas<\/a>&nbsp;sobre o aux\u00edlio emergencial. Entre as d\u00favidas que o benefici\u00e1rio pode tirar est\u00e3o os crit\u00e9rios para receber o benef\u00edcio, a regulariza\u00e7\u00e3o do CPF e os crit\u00e9rios de desempate dentro da mesma fam\u00edlia para&nbsp;ter&nbsp;acesso ao aux\u00edlio.<\/p>\n\n\n\n<!\u2014 INICIO TAG \u2014>\n     <!\u2014 \n     Id: 7399 \n     Campanha:  T\u00c1 NA MESA\n     Server: Metrike \n     Ve\u00edculo:  POLITICIANDO \n     Cliente: GOVPB   \n     Formato: POLITICIANDO - 728X90 \n     Data de Veicula\u00e7\u00e3o: 03\/08\/2021 - 31\/08\/2021\n     \u2014>\n     <ins data-revive-zoneid=\"7399\" data-revive-id=\"566f260197bf822e7263f1a3667caa2f\"><\/ins>\n     <script async src=\"\/\/ads.metrike.com\/asyncjs.php\"><\/script>\n     <!\u2014 FIM TAG \u2014>\n","protected":false},"excerpt":{"rendered":"<p>Benef\u00edcio tamb\u00e9m ser\u00e1 pago a inscritos no Bolsa Fam\u00edlia com NIS 6 Trabalhadores informais nascidos em junho recebem&nbsp;hoje&nbsp;(25) a&nbsp;quinta&nbsp;parcela da<\/p>\n","protected":false},"author":1,"featured_media":4021,"comment_status":"open","ping_status":"open","sticky":false,"template":"","format":"standard","meta":{"colormag_page_container_layout":"default_layout","colormag_page_sidebar_layout":"default_layout","_monsterinsights_skip_tracking":false,"_monsterinsights_sitenote_active":false,"_monsterinsights_sitenote_note":"","_monsterinsights_sitenote_category":0,"_jetpack_memberships_contains_paid_content":false,"footnotes":""},"categories":[1],"tags":[322,323],"class_list":["post-4020","post","type-post","status-publish","format-standard","has-post-thumbnail","hentry","category-economia","tag-auxilio-emergencial","tag-caixa-economica"],"yoast_head":"<!-- This site is optimized with the Yoast SEO plugin v16.3 - https:\/\/yoast.com\/wordpress\/plugins\/seo\/ -->\n<title>Caixa paga aux\u00edlio emergencial a nascidos em junho - Politiciando<\/title>\n<meta name=\"robots\" content=\"index, follow, max-snippet:-1, max-image-preview:large, max-video-preview:-1\" \/>\n<link rel=\"canonical\" href=\"https:\/\/politiciando.com.br\/?p=4020\" \/>\n<meta property=\"og:locale\" content=\"pt_BR\" \/>\n<meta property=\"og:type\" content=\"article\" \/>\n<meta property=\"og:title\" content=\"Caixa paga aux\u00edlio emergencial a nascidos em junho - Politiciando\" \/>\n<meta property=\"og:description\" content=\"Benef\u00edcio tamb\u00e9m ser\u00e1 pago a inscritos no Bolsa Fam\u00edlia com NIS 6 Trabalhadores informais nascidos em junho recebem&nbsp;hoje&nbsp;(25) a&nbsp;quinta&nbsp;parcela da\" \/>\n<meta property=\"og:url\" content=\"https:\/\/politiciando.com.br\/?p=4020\" \/>\n<meta property=\"og:site_name\" content=\"Politiciando\" \/>\n<meta property=\"article:publisher\" content=\"https:\/\/www.facebook.com\/Politician\" \/>\n<meta property=\"article:published_time\" content=\"2021-08-25T10:41:31+00:00\" \/>\n<meta property=\"article:modified_time\" content=\"2021-08-25T10:43:40+00:00\" \/>\n<meta property=\"og:image\" content=\"https:\/\/politiciando.com.br\/wp-content\/uploads\/2021\/08\/21_07_2020_app_auxilio_emergencial.jpg\" \/>\n\t<meta property=\"og:image:width\" content=\"1170\" \/>\n\t<meta property=\"og:image:height\" content=\"700\" \/>\n<meta name=\"twitter:card\" content=\"summary_large_image\" \/>\n<meta name=\"twitter:creator\" content=\"@politiciando\" \/>\n<meta name=\"twitter:site\" content=\"@politiciando\" \/>\n<meta name=\"twitter:label1\" content=\"Est. tempo de leitura\">\n\t<meta name=\"twitter:data1\" content=\"3 minutos\">\n<script type=\"application\/ld+json\" class=\"yoast-schema-graph\">{\"@context\":\"https:\/\/schema.org\",\"@graph\":[{\"@type\":\"WebSite\",\"@id\":\"https:\/\/politiciando.com.br\/#website\",\"url\":\"https:\/\/politiciando.com.br\/\",\"name\":\"Politiciando\",\"description\":\"A Not\\u00edcia como tem que ser!\",\"potentialAction\":[{\"@type\":\"SearchAction\",\"target\":\"https:\/\/politiciando.com.br\/?s={search_term_string}\",\"query-input\":\"required name=search_term_string\"}],\"inLanguage\":\"pt-BR\"},{\"@type\":\"ImageObject\",\"@id\":\"https:\/\/politiciando.com.br\/?p=4020#primaryimage\",\"inLanguage\":\"pt-BR\",\"url\":\"https:\/\/politiciando.com.br\/wp-content\/uploads\/2021\/08\/21_07_2020_app_auxilio_emergencial.jpg\",\"contentUrl\":\"https:\/\/politiciando.com.br\/wp-content\/uploads\/2021\/08\/21_07_2020_app_auxilio_emergencial.jpg\",\"width\":1170,\"height\":700,\"caption\":\"Aplicativo aux\\u00edlio emergencial do Governo Federal.\"},{\"@type\":\"WebPage\",\"@id\":\"https:\/\/politiciando.com.br\/?p=4020#webpage\",\"url\":\"https:\/\/politiciando.com.br\/?p=4020\",\"name\":\"Caixa paga aux\\u00edlio emergencial a nascidos em junho - Politiciando\",\"isPartOf\":{\"@id\":\"https:\/\/politiciando.com.br\/#website\"},\"primaryImageOfPage\":{\"@id\":\"https:\/\/politiciando.com.br\/?p=4020#primaryimage\"},\"datePublished\":\"2021-08-25T10:41:31+00:00\",\"dateModified\":\"2021-08-25T10:43:40+00:00\",\"author\":{\"@id\":\"https:\/\/politiciando.com.br\/#\/schema\/person\/be8395b998f06b83e7b3a1d9567ff61b\"},\"breadcrumb\":{\"@id\":\"https:\/\/politiciando.com.br\/?p=4020#breadcrumb\"},\"inLanguage\":\"pt-BR\",\"potentialAction\":[{\"@type\":\"ReadAction\",\"target\":[\"https:\/\/politiciando.com.br\/?p=4020\"]}]},{\"@type\":\"BreadcrumbList\",\"@id\":\"https:\/\/politiciando.com.br\/?p=4020#breadcrumb\",\"itemListElement\":[{\"@type\":\"ListItem\",\"position\":1,\"item\":{\"@type\":\"WebPage\",\"@id\":\"https:\/\/politiciando.com.br\/\",\"url\":\"https:\/\/politiciando.com.br\/\",\"name\":\"Home\"}},{\"@type\":\"ListItem\",\"position\":2,\"item\":{\"@id\":\"https:\/\/politiciando.com.br\/?p=4020#webpage\"}}]},{\"@type\":\"Person\",\"@id\":\"https:\/\/politiciando.com.br\/#\/schema\/person\/be8395b998f06b83e7b3a1d9567ff61b\",\"name\":\"redacaopoliticiando\",\"image\":{\"@type\":\"ImageObject\",\"@id\":\"https:\/\/politiciando.com.br\/#personlogo\",\"inLanguage\":\"pt-BR\",\"url\":\"https:\/\/secure.gravatar.com\/avatar\/6cfd6b7f4d5132d5b42f746a58e576a9ab04eae227797efa7fdd7a4aeb90ca9c?s=96&d=mm&r=g\",\"contentUrl\":\"https:\/\/secure.gravatar.com\/avatar\/6cfd6b7f4d5132d5b42f746a58e576a9ab04eae227797efa7fdd7a4aeb90ca9c?s=96&d=mm&r=g\",\"caption\":\"redacaopoliticiando\"},\"sameAs\":[\"https:\/\/politiciando.com.br\"],\"url\":\"https:\/\/politiciando.com.br\/?author=1\"}]}<\/script>\n<!-- \/ Yoast SEO plugin. -->","jetpack_featured_media_url":"https:\/\/politiciando.com.br\/wp-content\/uploads\/2021\/08\/21_07_2020_app_auxilio_emergencial.jpg","jetpack_sharing_enabled":true,"_links":{"self":[{"href":"https:\/\/politiciando.com.br\/index.php?rest_route=\/wp\/v2\/posts\/4020","targetHints":{"allow":["GET"]}}],"collection":[{"href":"https:\/\/politiciando.com.br\/index.php?rest_route=\/wp\/v2\/posts"}],"about":[{"href":"https:\/\/politiciando.com.br\/index.php?rest_route=\/wp\/v2\/types\/post"}],"author":[{"embeddable":true,"href":"https:\/\/politiciando.com.br\/index.php?rest_route=\/wp\/v2\/users\/1"}],"replies":[{"embeddable":true,"href":"https:\/\/politiciando.com.br\/index.php?rest_route=%2Fwp%2Fv2%2Fcomments&post=4020"}],"version-history":[{"count":2,"href":"https:\/\/politiciando.com.br\/index.php?rest_route=\/wp\/v2\/posts\/4020\/revisions"}],"predecessor-version":[{"id":4024,"href":"https:\/\/politiciando.com.br\/index.php?rest_route=\/wp\/v2\/posts\/4020\/revisions\/4024"}],"wp:featuredmedia":[{"embeddable":true,"href":"https:\/\/politiciando.com.br\/index.php?rest_route=\/wp\/v2\/media\/4021"}],"wp:attachment":[{"href":"https:\/\/politiciando.com.br\/index.php?rest_route=%2Fwp%2Fv2%2Fmedia&parent=4020"}],"wp:term":[{"taxonomy":"category","embeddable":true,"href":"https:\/\/politiciando.com.br\/index.php?rest_route=%2Fwp%2Fv2%2Fcategories&post=4020"},{"taxonomy":"post_tag","embeddable":true,"href":"https:\/\/politiciando.com.br\/index.php?rest_route=%2Fwp%2Fv2%2Ftags&post=4020"}],"curies":[{"name":"wp","href":"https:\/\/api.w.org\/{rel}","templated":true}]}}