{"id":4025,"date":"2021-08-25T07:48:41","date_gmt":"2021-08-25T10:48:41","guid":{"rendered":"https:\/\/politiciando.com.br\/?p=4025"},"modified":"2021-08-25T07:48:43","modified_gmt":"2021-08-25T10:48:43","slug":"toquio-gabriel-bandeira-fatura-ouro-e-gabrielzinho-prata-na-natacao","status":"publish","type":"post","link":"https:\/\/politiciando.com.br\/?p=4025","title":{"rendered":"T\u00f3quio: Gabriel Bandeira fatura ouro e Gabrielzinho prata na nata\u00e7\u00e3o"},"content":{"rendered":"\n<h3 class=\"wp-block-heading\">Multicampe\u00e7\u00e3o Daniel Dias disputa a final dos 200m livre \u00e0s 8h<\/h3>\n\n\n\n<!\u2014 INICIO TAG \u2014>\n     <!\u2014 \n     Id: 7399 \n     Campanha:  T\u00c1 NA MESA\n     Server: Metrike \n     Ve\u00edculo:  POLITICIANDO \n     Cliente: GOVPB   \n     Formato: POLITICIANDO - 728X90 \n     Data de Veicula\u00e7\u00e3o: 03\/08\/2021 - 31\/08\/2021\n     \u2014>\n     <ins data-revive-zoneid=\"7399\" data-revive-id=\"566f260197bf822e7263f1a3667caa2f\"><\/ins>\n     <script async src=\"\/\/ads.metrike.com\/asyncjs.php\"><\/script>\n     <!\u2014 FIM TAG \u2014>\n\n\n\n<!\u2014 INICIO TAG \u2014>\n     <!\u2014 \n     Id: 7399 \n     Campanha:  T\u00c1 NA MESA\n     Server: Metrike \n     Ve\u00edculo:  POLITICIANDO \n     Cliente: GOVPB   \n     Formato: POLITICIANDO - 728X90 \n     Data de Veicula\u00e7\u00e3o: 03\/08\/2021 - 31\/08\/2021\n     \u2014>\n     <ins data-revive-zoneid=\"7399\" data-revive-id=\"566f260197bf822e7263f1a3667caa2f\"><\/ins>\n     <script async src=\"\/\/ads.metrike.com\/asyncjs.php\"><\/script>\n     <!\u2014 FIM TAG \u2014>\n\n\n\n<p>O paulista\u00a0Gabriel Bandeira\u00a0e o mineiro Gabriel Geraldo Ara\u00fajo, tamb\u00e9m conhecido como Gabrielzinho,\u00a0conquistaram as duas primeiras medalhas\u00a0para a nata\u00e7\u00e3o brasileira na Paralimp\u00edada de T\u00f3quio (Jap\u00e3o). Bandeira levou o ouro\u00a0com o tempo de 54s76, alcan\u00e7ando o novo recorde paral\u00edmpico na prova\u00a0de\u00a0100 metros borboleta da classe S14\u00a0(deficientes intelectuais).\u00a0\u00a0J\u00e1 a\u00a0prata veio na prova dos 100m costas da classe S2\u00a0(defici\u00eancia\u00a0f\u00edsico-motora). Gabrielzinho fez\u00a0o tempo de\u00a02min2s47. As\u00a0competi\u00e7\u00f5es\u00a0de\u00a0nata\u00e7\u00e3o ser\u00e3o disputadas no Centro Aqu\u00e1tico de T\u00f3quio<\/p>\n\n\n\n<p>Nos 100m borboleta, atr\u00e1s de Gabriel Bandeira, de 21 anos, ficou&nbsp;o brit\u00e2nico Reece Dunn,&nbsp;que levou medalha de prata, tendo obtido a marca de&nbsp;55s12.&nbsp;Ele \u00e9 o&nbsp;atual recordista mundial.&nbsp;Na sequ\u00eancia tivemos o&nbsp;australiano Benjamin Hance,&nbsp;com o tempo de&nbsp;56s90.<\/p>\n\n\n\n<!\u2014 INICIO TAG \u2014>\n     <!\u2014 \n     Id: 7399 \n     Campanha:  T\u00c1 NA MESA\n     Server: Metrike \n     Ve\u00edculo:  POLITICIANDO \n     Cliente: GOVPB   \n     Formato: POLITICIANDO - 728X90 \n     Data de Veicula\u00e7\u00e3o: 03\/08\/2021 - 31\/08\/2021\n     \u2014>\n     <ins data-revive-zoneid=\"7399\" data-revive-id=\"566f260197bf822e7263f1a3667caa2f\"><\/ins>\n     <script async src=\"\/\/ads.metrike.com\/asyncjs.php\"><\/script>\n     <!\u2014 FIM TAG \u2014>\n\n\n\n<!\u2014 INICIO TAG \u2014>\n     <!\u2014 \n     Id: 7399 \n     Campanha:  T\u00c1 NA MESA\n     Server: Metrike \n     Ve\u00edculo:  POLITICIANDO \n     Cliente: GOVPB   \n     Formato: POLITICIANDO - 728X90 \n     Data de Veicula\u00e7\u00e3o: 03\/08\/2021 - 31\/08\/2021\n     \u2014>\n     <ins data-revive-zoneid=\"7399\" data-revive-id=\"566f260197bf822e7263f1a3667caa2f\"><\/ins>\n     <script async src=\"\/\/ads.metrike.com\/asyncjs.php\"><\/script>\n     <!\u2014 FIM TAG \u2014>\n\n\n\n<figure class=\"wp-block-image\"><img decoding=\"async\" src=\"https:\/\/imagens.ebc.com.br\/fIz20ag__Xpxy9G4K6v9ACfu_dM=\/754x0\/smart\/https:\/\/agenciabrasil.ebc.com.br\/sites\/default\/files\/thumbnails\/image\/gabriel_bandeira_ouro_natacao.jpg?itok=Ewr4HzYD\" alt=\"ouro nata\u00e7\u00e3o Paralimp\u00edada  - Gabriel Bandeira\" title=\"Reprodu\u00e7\u00e3o Twitter\/Comit\u00ea Paral\u00edmpico Brasileiro\"\/><\/figure>\n\n\n\n<!\u2014 INICIO TAG \u2014>\n     <!\u2014 \n     Id: 7399 \n     Campanha:  T\u00c1 NA MESA\n     Server: Metrike \n     Ve\u00edculo:  POLITICIANDO \n     Cliente: GOVPB   \n     Formato: POLITICIANDO - 728X90 \n     Data de Veicula\u00e7\u00e3o: 03\/08\/2021 - 31\/08\/2021\n     \u2014>\n     <ins data-revive-zoneid=\"7399\" data-revive-id=\"566f260197bf822e7263f1a3667caa2f\"><\/ins>\n     <script async src=\"\/\/ads.metrike.com\/asyncjs.php\"><\/script>\n     <!\u2014 FIM TAG \u2014>\n\n\n\n<!\u2014 INICIO TAG \u2014>\n     <!\u2014 \n     Id: 7399 \n     Campanha:  T\u00c1 NA MESA\n     Server: Metrike \n     Ve\u00edculo:  POLITICIANDO \n     Cliente: GOVPB   \n     Formato: POLITICIANDO - 728X90 \n     Data de Veicula\u00e7\u00e3o: 03\/08\/2021 - 31\/08\/2021\n     \u2014>\n     <ins data-revive-zoneid=\"7399\" data-revive-id=\"566f260197bf822e7263f1a3667caa2f\"><\/ins>\n     <script async src=\"\/\/ads.metrike.com\/asyncjs.php\"><\/script>\n     <!\u2014 FIM TAG \u2014>\n\n\n\n<p><strong>Reprodu\u00e7\u00e3o Twitter\/Comit\u00ea Paral\u00edmpico Brasileiro<\/strong><\/p>\n\n\n\n<p>J\u00e1 na classe S14,\u00a0\u00e0 frente de Gabriel Geraldo Ara\u00fajo, de 19 anos,\u00a0ficou apenas\u00a0o chileno Alberto Abarza,\u00a0que se tornou campe\u00e3o paral\u00edmpico ap\u00f3s atingir\u00a02min00s40.\u00a0J\u00e1 o bronze\u00a0quem levou foi\u00a0Vladimir Danilenko,\u00a0do Comit\u00ea Ol\u00edmpico Russo, com a marca de\u00a02min02s74.\u00a0<\/p>\n\n\n\n<p>Agencia Brasil <\/p>\n\n\n\n<figure class=\"wp-block-image\"><img decoding=\"async\" src=\"https:\/\/agenciabrasil.ebc.com.br\/ebc.png?id=1419433&amp;o=node\" alt=\"\"\/><\/figure>\n\n\n\n<figure class=\"wp-block-image\"><img decoding=\"async\" src=\"https:\/\/agenciabrasil.ebc.com.br\/ebc.gif?id=1419433&amp;o=node\" alt=\"\"\/><\/figure>\n","protected":false},"excerpt":{"rendered":"<p>Multicampe\u00e7\u00e3o Daniel Dias disputa a final dos 200m livre \u00e0s 8h O paulista\u00a0Gabriel Bandeira\u00a0e o mineiro Gabriel Geraldo Ara\u00fajo, tamb\u00e9m<\/p>\n","protected":false},"author":1,"featured_media":4026,"comment_status":"open","ping_status":"open","sticky":false,"template":"","format":"standard","meta":{"colormag_page_container_layout":"default_layout","colormag_page_sidebar_layout":"default_layout","_monsterinsights_skip_tracking":false,"_monsterinsights_sitenote_active":false,"_monsterinsights_sitenote_note":"","_monsterinsights_sitenote_category":0,"_jetpack_memberships_contains_paid_content":false,"footnotes":""},"categories":[6],"tags":[480,1472,1389],"class_list":["post-4025","post","type-post","status-publish","format-standard","has-post-thumbnail","hentry","category-esporte","tag-japao","tag-paralimpiada","tag-toquio-2"],"yoast_head":"<!-- This site is optimized with the Yoast SEO plugin v16.3 - https:\/\/yoast.com\/wordpress\/plugins\/seo\/ -->\n<title>T\u00f3quio: Gabriel Bandeira fatura ouro e Gabrielzinho prata na nata\u00e7\u00e3o - Politiciando<\/title>\n<meta name=\"robots\" content=\"index, follow, max-snippet:-1, max-image-preview:large, max-video-preview:-1\" \/>\n<link rel=\"canonical\" href=\"https:\/\/politiciando.com.br\/?p=4025\" \/>\n<meta property=\"og:locale\" content=\"pt_BR\" \/>\n<meta property=\"og:type\" content=\"article\" \/>\n<meta property=\"og:title\" content=\"T\u00f3quio: Gabriel Bandeira fatura ouro e Gabrielzinho prata na nata\u00e7\u00e3o - Politiciando\" \/>\n<meta property=\"og:description\" content=\"Multicampe\u00e7\u00e3o Daniel Dias disputa a final dos 200m livre \u00e0s 8h O paulista\u00a0Gabriel Bandeira\u00a0e o mineiro Gabriel Geraldo Ara\u00fajo, tamb\u00e9m\" \/>\n<meta property=\"og:url\" content=\"https:\/\/politiciando.com.br\/?p=4025\" \/>\n<meta property=\"og:site_name\" content=\"Politiciando\" \/>\n<meta property=\"article:publisher\" content=\"https:\/\/www.facebook.com\/Politician\" \/>\n<meta property=\"article:published_time\" content=\"2021-08-25T10:48:41+00:00\" \/>\n<meta property=\"article:modified_time\" content=\"2021-08-25T10:48:43+00:00\" \/>\n<meta property=\"og:image\" content=\"https:\/\/politiciando.com.br\/wp-content\/uploads\/2021\/08\/gabriel_bandeira_ouro_natacao_piscina.jpg\" \/>\n\t<meta property=\"og:image:width\" content=\"1170\" \/>\n\t<meta property=\"og:image:height\" content=\"700\" \/>\n<meta name=\"twitter:card\" content=\"summary_large_image\" \/>\n<meta name=\"twitter:creator\" content=\"@politiciando\" \/>\n<meta name=\"twitter:site\" content=\"@politiciando\" \/>\n<meta name=\"twitter:label1\" content=\"Est. tempo de leitura\">\n\t<meta name=\"twitter:data1\" content=\"2 minutos\">\n<script type=\"application\/ld+json\" class=\"yoast-schema-graph\">{\"@context\":\"https:\/\/schema.org\",\"@graph\":[{\"@type\":\"WebSite\",\"@id\":\"https:\/\/politiciando.com.br\/#website\",\"url\":\"https:\/\/politiciando.com.br\/\",\"name\":\"Politiciando\",\"description\":\"A Not\\u00edcia como tem que ser!\",\"potentialAction\":[{\"@type\":\"SearchAction\",\"target\":\"https:\/\/politiciando.com.br\/?s={search_term_string}\",\"query-input\":\"required name=search_term_string\"}],\"inLanguage\":\"pt-BR\"},{\"@type\":\"ImageObject\",\"@id\":\"https:\/\/politiciando.com.br\/?p=4025#primaryimage\",\"inLanguage\":\"pt-BR\",\"url\":\"https:\/\/politiciando.com.br\/wp-content\/uploads\/2021\/08\/gabriel_bandeira_ouro_natacao_piscina.jpg\",\"contentUrl\":\"https:\/\/politiciando.com.br\/wp-content\/uploads\/2021\/08\/gabriel_bandeira_ouro_natacao_piscina.jpg\",\"width\":1170,\"height\":700},{\"@type\":\"WebPage\",\"@id\":\"https:\/\/politiciando.com.br\/?p=4025#webpage\",\"url\":\"https:\/\/politiciando.com.br\/?p=4025\",\"name\":\"T\\u00f3quio: Gabriel Bandeira fatura ouro e Gabrielzinho prata na nata\\u00e7\\u00e3o - Politiciando\",\"isPartOf\":{\"@id\":\"https:\/\/politiciando.com.br\/#website\"},\"primaryImageOfPage\":{\"@id\":\"https:\/\/politiciando.com.br\/?p=4025#primaryimage\"},\"datePublished\":\"2021-08-25T10:48:41+00:00\",\"dateModified\":\"2021-08-25T10:48:43+00:00\",\"author\":{\"@id\":\"https:\/\/politiciando.com.br\/#\/schema\/person\/be8395b998f06b83e7b3a1d9567ff61b\"},\"breadcrumb\":{\"@id\":\"https:\/\/politiciando.com.br\/?p=4025#breadcrumb\"},\"inLanguage\":\"pt-BR\",\"potentialAction\":[{\"@type\":\"ReadAction\",\"target\":[\"https:\/\/politiciando.com.br\/?p=4025\"]}]},{\"@type\":\"BreadcrumbList\",\"@id\":\"https:\/\/politiciando.com.br\/?p=4025#breadcrumb\",\"itemListElement\":[{\"@type\":\"ListItem\",\"position\":1,\"item\":{\"@type\":\"WebPage\",\"@id\":\"https:\/\/politiciando.com.br\/\",\"url\":\"https:\/\/politiciando.com.br\/\",\"name\":\"Home\"}},{\"@type\":\"ListItem\",\"position\":2,\"item\":{\"@id\":\"https:\/\/politiciando.com.br\/?p=4025#webpage\"}}]},{\"@type\":\"Person\",\"@id\":\"https:\/\/politiciando.com.br\/#\/schema\/person\/be8395b998f06b83e7b3a1d9567ff61b\",\"name\":\"redacaopoliticiando\",\"image\":{\"@type\":\"ImageObject\",\"@id\":\"https:\/\/politiciando.com.br\/#personlogo\",\"inLanguage\":\"pt-BR\",\"url\":\"https:\/\/secure.gravatar.com\/avatar\/6cfd6b7f4d5132d5b42f746a58e576a9ab04eae227797efa7fdd7a4aeb90ca9c?s=96&d=mm&r=g\",\"contentUrl\":\"https:\/\/secure.gravatar.com\/avatar\/6cfd6b7f4d5132d5b42f746a58e576a9ab04eae227797efa7fdd7a4aeb90ca9c?s=96&d=mm&r=g\",\"caption\":\"redacaopoliticiando\"},\"sameAs\":[\"https:\/\/politiciando.com.br\"],\"url\":\"https:\/\/politiciando.com.br\/?author=1\"}]}<\/script>\n<!-- \/ Yoast SEO plugin. -->","jetpack_featured_media_url":"https:\/\/politiciando.com.br\/wp-content\/uploads\/2021\/08\/gabriel_bandeira_ouro_natacao_piscina.jpg","jetpack_sharing_enabled":true,"_links":{"self":[{"href":"https:\/\/politiciando.com.br\/index.php?rest_route=\/wp\/v2\/posts\/4025","targetHints":{"allow":["GET"]}}],"collection":[{"href":"https:\/\/politiciando.com.br\/index.php?rest_route=\/wp\/v2\/posts"}],"about":[{"href":"https:\/\/politiciando.com.br\/index.php?rest_route=\/wp\/v2\/types\/post"}],"author":[{"embeddable":true,"href":"https:\/\/politiciando.com.br\/index.php?rest_route=\/wp\/v2\/users\/1"}],"replies":[{"embeddable":true,"href":"https:\/\/politiciando.com.br\/index.php?rest_route=%2Fwp%2Fv2%2Fcomments&post=4025"}],"version-history":[{"count":1,"href":"https:\/\/politiciando.com.br\/index.php?rest_route=\/wp\/v2\/posts\/4025\/revisions"}],"predecessor-version":[{"id":4027,"href":"https:\/\/politiciando.com.br\/index.php?rest_route=\/wp\/v2\/posts\/4025\/revisions\/4027"}],"wp:featuredmedia":[{"embeddable":true,"href":"https:\/\/politiciando.com.br\/index.php?rest_route=\/wp\/v2\/media\/4026"}],"wp:attachment":[{"href":"https:\/\/politiciando.com.br\/index.php?rest_route=%2Fwp%2Fv2%2Fmedia&parent=4025"}],"wp:term":[{"taxonomy":"category","embeddable":true,"href":"https:\/\/politiciando.com.br\/index.php?rest_route=%2Fwp%2Fv2%2Fcategories&post=4025"},{"taxonomy":"post_tag","embeddable":true,"href":"https:\/\/politiciando.com.br\/index.php?rest_route=%2Fwp%2Fv2%2Ftags&post=4025"}],"curies":[{"name":"wp","href":"https:\/\/api.w.org\/{rel}","templated":true}]}}