{"id":4059,"date":"2021-08-31T22:04:20","date_gmt":"2021-09-01T01:04:20","guid":{"rendered":"https:\/\/politiciando.com.br\/?p=4059"},"modified":"2021-08-31T22:08:25","modified_gmt":"2021-09-01T01:08:25","slug":"bolsa-cai-pelo-segundo-dia-e-perde-248-em-agosto","status":"publish","type":"post","link":"https:\/\/politiciando.com.br\/?p=4059","title":{"rendered":"Bolsa cai pelo segundo dia e perde 2,48% em agosto"},"content":{"rendered":"\n<h3 class=\"wp-block-heading\">D\u00f3lar fecha a R$ 5,17, no menor valor em quase um m\u00eas<\/h3>\n\n\n\n<figure class=\"wp-block-image size-large\"><img loading=\"lazy\" decoding=\"async\" width=\"1024\" height=\"613\" src=\"https:\/\/politiciando.com.br\/wp-content\/uploads\/2021\/08\/2020-03-11t154713z_1_lynxmpeg2a1pf_rtroptp_4_bovespa-manh-1024x613.jpg\" alt=\"\" class=\"wp-image-4060\" srcset=\"https:\/\/politiciando.com.br\/wp-content\/uploads\/2021\/08\/2020-03-11t154713z_1_lynxmpeg2a1pf_rtroptp_4_bovespa-manh-1024x613.jpg 1024w, https:\/\/politiciando.com.br\/wp-content\/uploads\/2021\/08\/2020-03-11t154713z_1_lynxmpeg2a1pf_rtroptp_4_bovespa-manh-300x179.jpg 300w, https:\/\/politiciando.com.br\/wp-content\/uploads\/2021\/08\/2020-03-11t154713z_1_lynxmpeg2a1pf_rtroptp_4_bovespa-manh-768x459.jpg 768w, https:\/\/politiciando.com.br\/wp-content\/uploads\/2021\/08\/2020-03-11t154713z_1_lynxmpeg2a1pf_rtroptp_4_bovespa-manh.jpg 1170w\" sizes=\"auto, (max-width: 1024px) 100vw, 1024px\" \/><\/figure>\n\n\n\n<!\u2014 INICIO TAG \u2014>\n     <!\u2014 \n     Id: 7399 \n     Campanha:  T\u00c1 NA MESA\n     Server: Metrike \n     Ve\u00edculo:  POLITICIANDO \n     Cliente: GOVPB   \n     Formato: POLITICIANDO - 728X90 \n     Data de Veicula\u00e7\u00e3o: 03\/08\/2021 - 31\/08\/2021\n     \u2014>\n     <ins data-revive-zoneid=\"7399\" data-revive-id=\"566f260197bf822e7263f1a3667caa2f\"><\/ins>\n     <script async src=\"\/\/ads.metrike.com\/asyncjs.php\"><\/script>\n     <!\u2014 FIM TAG \u2014>\n\n\n\n<!\u2014 INICIO TAG \u2014>\n     <!\u2014 \n     Id: 7399 \n     Campanha:  T\u00c1 NA MESA\n     Server: Metrike \n     Ve\u00edculo:  POLITICIANDO \n     Cliente: GOVPB   \n     Formato: POLITICIANDO - 728X90 \n     Data de Veicula\u00e7\u00e3o: 03\/08\/2021 - 31\/08\/2021\n     \u2014>\n     <ins data-revive-zoneid=\"7399\" data-revive-id=\"566f260197bf822e7263f1a3667caa2f\"><\/ins>\n     <script async src=\"\/\/ads.metrike.com\/asyncjs.php\"><\/script>\n     <!\u2014 FIM TAG \u2014>\n\n\n\n<p>Em uma sess\u00e3o marcada por tens\u00f5es internas e externas, a bolsa de valores caiu pelo segundo dia seguido e encerrou o m\u00eas de agosto com perda acumulada de 2,48%. O d\u00f3lar iniciou o dia em forte queda, mas reagiu durante a tarde e fechou em leve baixa.<\/p>\n\n\n\n<p>O \u00edndice Ibovespa, da B3, encerrou esta ter\u00e7a-feira (31) aos 118.781 pontos, com recuo de 0,8%. Com o desempenho de hoje, o indicador acumula o segundo m\u00eas seguido de perdas, ap\u00f3s ter ca\u00eddo 3,94% em julho. No ano, o \u00edndice registra leve perda de 0,2%.<\/p>\n\n\n\n<p>No mercado de c\u00e2mbio, o d\u00f3lar comercial fechou o dia vendido a R$ 5,172, com queda de R$ 0,017 (-0,34%). A cota\u00e7\u00e3o chegou a cair para R$ 5,12 durante a manh\u00e3, mas diminuiu o ritmo de baixa com a redu\u00e7\u00e3o do otimismo no mercado interno.<\/p>\n\n\n\n<p>O d\u00f3lar est\u00e1 no menor valor desde 2 de agosto, quando tinha fechado a R$ 5,165. A divisa fechou o m\u00eas com recuo de 0,73%, depois de chegar a subir 4,13% at\u00e9 o dia 19, quando superou R$ 5,40. Em 2021, o d\u00f3lar acumula baixa de 0,32%.<\/p>\n\n\n\n<!\u2014 INICIO TAG \u2014>\n     <!\u2014 \n     Id: 7399 \n     Campanha:  T\u00c1 NA MESA\n     Server: Metrike \n     Ve\u00edculo:  POLITICIANDO \n     Cliente: GOVPB   \n     Formato: POLITICIANDO - 728X90 \n     Data de Veicula\u00e7\u00e3o: 03\/08\/2021 - 31\/08\/2021\n     \u2014>\n     <ins data-revive-zoneid=\"7399\" data-revive-id=\"566f260197bf822e7263f1a3667caa2f\"><\/ins>\n     <script async src=\"\/\/ads.metrike.com\/asyncjs.php\"><\/script>\n     <!\u2014 FIM TAG \u2014>\n\n\n\n<!\u2014 INICIO TAG \u2014>\n     <!\u2014 \n     Id: 7399 \n     Campanha:  T\u00c1 NA MESA\n     Server: Metrike \n     Ve\u00edculo:  POLITICIANDO \n     Cliente: GOVPB   \n     Formato: POLITICIANDO - 728X90 \n     Data de Veicula\u00e7\u00e3o: 03\/08\/2021 - 31\/08\/2021\n     \u2014>\n     <ins data-revive-zoneid=\"7399\" data-revive-id=\"566f260197bf822e7263f1a3667caa2f\"><\/ins>\n     <script async src=\"\/\/ads.metrike.com\/asyncjs.php\"><\/script>\n     <!\u2014 FIM TAG \u2014>\n\n\n\n<p>No mercado externo, a divulga\u00e7\u00e3o de indicadores que mostram desacelera\u00e7\u00e3o da economia chinesa influenciou pa\u00edses produtores de&nbsp;<em>commodities<\/em>&nbsp;(bens prim\u00e1rios com cota\u00e7\u00e3o internacional), como o Brasil. Com a expectativa de que a China crescer\u00e1 menos que o previsto, ca\u00edram as cota\u00e7\u00f5es do min\u00e9rio de ferro e de petr\u00f3leo, pressionando as a\u00e7\u00f5es da mineradora Vale e da Petrobras, que t\u00eam o maior peso no \u00edndice Ibovespa.<\/p>\n\n\n\n<p>Em rela\u00e7\u00e3o ao d\u00f3lar, a moeda continua caindo ap\u00f3s declara\u00e7\u00f5es recentes do presidente do Federal Reserve (Fed, Banco Central norte-americano), Jerome Powell, de que o \u00f3rg\u00e3o n\u00e3o pretende acelerar a retirada dos est\u00edmulos monet\u00e1rios concedidos durante a pandemia de covid-19. Juros baixos em economias avan\u00e7adas beneficiam pa\u00edses emergentes como o Brasil.<\/p>\n\n\n\n<!\u2014 INICIO TAG \u2014>\n     <!\u2014 \n     Id: 7399 \n     Campanha:  T\u00c1 NA MESA\n     Server: Metrike \n     Ve\u00edculo:  POLITICIANDO \n     Cliente: GOVPB   \n     Formato: POLITICIANDO - 728X90 \n     Data de Veicula\u00e7\u00e3o: 03\/08\/2021 - 31\/08\/2021\n     \u2014>\n     <ins data-revive-zoneid=\"7399\" data-revive-id=\"566f260197bf822e7263f1a3667caa2f\"><\/ins>\n     <script async src=\"\/\/ads.metrike.com\/asyncjs.php\"><\/script>\n     <!\u2014 FIM TAG \u2014>\n\n\n\n<p>No mercado interno, a divulga\u00e7\u00e3o de que a taxa de desemprego recuou para 14,1% no trimestre terminado em junho animou os investidores. No entanto, as tens\u00f5es pol\u00edticas e o receio de que o Congresso aprove medidas que liberem espa\u00e7os para mais gastos p\u00fablicos, como o parcelamento de precat\u00f3rios, ou reduzam receitas, como a reforma do Imposto de Renda, continua a interferir nas negocia\u00e7\u00f5es.<\/p>\n\n\n\n<!\u2014 INICIO TAG \u2014>\n     <!\u2014 \n     Id: 7399 \n     Campanha:  T\u00c1 NA MESA\n     Server: Metrike \n     Ve\u00edculo:  POLITICIANDO \n     Cliente: GOVPB   \n     Formato: POLITICIANDO - 728X90 \n     Data de Veicula\u00e7\u00e3o: 03\/08\/2021 - 31\/08\/2021\n     \u2014>\n     <ins data-revive-zoneid=\"7399\" data-revive-id=\"566f260197bf822e7263f1a3667caa2f\"><\/ins>\n     <script async src=\"\/\/ads.metrike.com\/asyncjs.php\"><\/script>\n     <!\u2014 FIM TAG \u2014>\n\n\n\n<p>* Com informa\u00e7\u00f5es da Reuters<\/p>\n\n\n\n<figure class=\"wp-block-image\"><img decoding=\"async\" src=\"https:\/\/agenciabrasil.ebc.com.br\/ebc.png?id=1420197&amp;o=node\" alt=\"\"\/><\/figure>\n\n\n\n<figure class=\"wp-block-image\"><img decoding=\"async\" src=\"https:\/\/agenciabrasil.ebc.com.br\/ebc.gif?id=1420197&amp;o=node\" alt=\"\"\/><\/figure>\n","protected":false},"excerpt":{"rendered":"<p>D\u00f3lar fecha a R$ 5,17, no menor valor em quase um m\u00eas Em uma sess\u00e3o marcada por tens\u00f5es internas e<\/p>\n","protected":false},"author":1,"featured_media":4060,"comment_status":"open","ping_status":"open","sticky":false,"template":"","format":"standard","meta":{"colormag_page_container_layout":"default_layout","colormag_page_sidebar_layout":"default_layout","_monsterinsights_skip_tracking":false,"_monsterinsights_sitenote_active":false,"_monsterinsights_sitenote_note":"","_monsterinsights_sitenote_category":0,"_jetpack_memberships_contains_paid_content":false,"footnotes":""},"categories":[1],"tags":[],"class_list":["post-4059","post","type-post","status-publish","format-standard","has-post-thumbnail","hentry","category-economia"],"yoast_head":"<!-- This site is optimized with the Yoast SEO plugin v16.3 - https:\/\/yoast.com\/wordpress\/plugins\/seo\/ -->\n<title>Bolsa cai pelo segundo dia e perde 2,48% em agosto - Politiciando<\/title>\n<meta name=\"robots\" content=\"index, follow, max-snippet:-1, max-image-preview:large, max-video-preview:-1\" \/>\n<link rel=\"canonical\" href=\"https:\/\/politiciando.com.br\/?p=4059\" \/>\n<meta property=\"og:locale\" content=\"pt_BR\" \/>\n<meta property=\"og:type\" content=\"article\" \/>\n<meta property=\"og:title\" content=\"Bolsa cai pelo segundo dia e perde 2,48% em agosto - Politiciando\" \/>\n<meta property=\"og:description\" content=\"D\u00f3lar fecha a R$ 5,17, no menor valor em quase um m\u00eas Em uma sess\u00e3o marcada por tens\u00f5es internas e\" \/>\n<meta property=\"og:url\" content=\"https:\/\/politiciando.com.br\/?p=4059\" \/>\n<meta property=\"og:site_name\" content=\"Politiciando\" \/>\n<meta property=\"article:publisher\" content=\"https:\/\/www.facebook.com\/Politician\" \/>\n<meta property=\"article:published_time\" content=\"2021-09-01T01:04:20+00:00\" \/>\n<meta property=\"article:modified_time\" content=\"2021-09-01T01:08:25+00:00\" \/>\n<meta property=\"og:image\" content=\"https:\/\/politiciando.com.br\/wp-content\/uploads\/2021\/08\/2020-03-11t154713z_1_lynxmpeg2a1pf_rtroptp_4_bovespa-manh.jpg\" \/>\n\t<meta property=\"og:image:width\" content=\"1170\" \/>\n\t<meta property=\"og:image:height\" content=\"700\" \/>\n<meta name=\"twitter:card\" content=\"summary_large_image\" \/>\n<meta name=\"twitter:creator\" content=\"@politiciando\" \/>\n<meta name=\"twitter:site\" content=\"@politiciando\" \/>\n<meta name=\"twitter:label1\" content=\"Est. tempo de leitura\">\n\t<meta name=\"twitter:data1\" content=\"3 minutos\">\n<script type=\"application\/ld+json\" class=\"yoast-schema-graph\">{\"@context\":\"https:\/\/schema.org\",\"@graph\":[{\"@type\":\"WebSite\",\"@id\":\"https:\/\/politiciando.com.br\/#website\",\"url\":\"https:\/\/politiciando.com.br\/\",\"name\":\"Politiciando\",\"description\":\"A Not\\u00edcia como tem que ser!\",\"potentialAction\":[{\"@type\":\"SearchAction\",\"target\":\"https:\/\/politiciando.com.br\/?s={search_term_string}\",\"query-input\":\"required name=search_term_string\"}],\"inLanguage\":\"pt-BR\"},{\"@type\":\"ImageObject\",\"@id\":\"https:\/\/politiciando.com.br\/?p=4059#primaryimage\",\"inLanguage\":\"pt-BR\",\"url\":\"https:\/\/politiciando.com.br\/wp-content\/uploads\/2021\/08\/2020-03-11t154713z_1_lynxmpeg2a1pf_rtroptp_4_bovespa-manh.jpg\",\"contentUrl\":\"https:\/\/politiciando.com.br\/wp-content\/uploads\/2021\/08\/2020-03-11t154713z_1_lynxmpeg2a1pf_rtroptp_4_bovespa-manh.jpg\",\"width\":1170,\"height\":700},{\"@type\":\"WebPage\",\"@id\":\"https:\/\/politiciando.com.br\/?p=4059#webpage\",\"url\":\"https:\/\/politiciando.com.br\/?p=4059\",\"name\":\"Bolsa cai pelo segundo dia e perde 2,48% em agosto - Politiciando\",\"isPartOf\":{\"@id\":\"https:\/\/politiciando.com.br\/#website\"},\"primaryImageOfPage\":{\"@id\":\"https:\/\/politiciando.com.br\/?p=4059#primaryimage\"},\"datePublished\":\"2021-09-01T01:04:20+00:00\",\"dateModified\":\"2021-09-01T01:08:25+00:00\",\"author\":{\"@id\":\"https:\/\/politiciando.com.br\/#\/schema\/person\/be8395b998f06b83e7b3a1d9567ff61b\"},\"breadcrumb\":{\"@id\":\"https:\/\/politiciando.com.br\/?p=4059#breadcrumb\"},\"inLanguage\":\"pt-BR\",\"potentialAction\":[{\"@type\":\"ReadAction\",\"target\":[\"https:\/\/politiciando.com.br\/?p=4059\"]}]},{\"@type\":\"BreadcrumbList\",\"@id\":\"https:\/\/politiciando.com.br\/?p=4059#breadcrumb\",\"itemListElement\":[{\"@type\":\"ListItem\",\"position\":1,\"item\":{\"@type\":\"WebPage\",\"@id\":\"https:\/\/politiciando.com.br\/\",\"url\":\"https:\/\/politiciando.com.br\/\",\"name\":\"Home\"}},{\"@type\":\"ListItem\",\"position\":2,\"item\":{\"@id\":\"https:\/\/politiciando.com.br\/?p=4059#webpage\"}}]},{\"@type\":\"Person\",\"@id\":\"https:\/\/politiciando.com.br\/#\/schema\/person\/be8395b998f06b83e7b3a1d9567ff61b\",\"name\":\"redacaopoliticiando\",\"image\":{\"@type\":\"ImageObject\",\"@id\":\"https:\/\/politiciando.com.br\/#personlogo\",\"inLanguage\":\"pt-BR\",\"url\":\"https:\/\/secure.gravatar.com\/avatar\/6cfd6b7f4d5132d5b42f746a58e576a9ab04eae227797efa7fdd7a4aeb90ca9c?s=96&d=mm&r=g\",\"contentUrl\":\"https:\/\/secure.gravatar.com\/avatar\/6cfd6b7f4d5132d5b42f746a58e576a9ab04eae227797efa7fdd7a4aeb90ca9c?s=96&d=mm&r=g\",\"caption\":\"redacaopoliticiando\"},\"sameAs\":[\"https:\/\/politiciando.com.br\"],\"url\":\"https:\/\/politiciando.com.br\/?author=1\"}]}<\/script>\n<!-- \/ Yoast SEO plugin. -->","jetpack_featured_media_url":"https:\/\/politiciando.com.br\/wp-content\/uploads\/2021\/08\/2020-03-11t154713z_1_lynxmpeg2a1pf_rtroptp_4_bovespa-manh.jpg","jetpack_sharing_enabled":true,"_links":{"self":[{"href":"https:\/\/politiciando.com.br\/index.php?rest_route=\/wp\/v2\/posts\/4059","targetHints":{"allow":["GET"]}}],"collection":[{"href":"https:\/\/politiciando.com.br\/index.php?rest_route=\/wp\/v2\/posts"}],"about":[{"href":"https:\/\/politiciando.com.br\/index.php?rest_route=\/wp\/v2\/types\/post"}],"author":[{"embeddable":true,"href":"https:\/\/politiciando.com.br\/index.php?rest_route=\/wp\/v2\/users\/1"}],"replies":[{"embeddable":true,"href":"https:\/\/politiciando.com.br\/index.php?rest_route=%2Fwp%2Fv2%2Fcomments&post=4059"}],"version-history":[{"count":2,"href":"https:\/\/politiciando.com.br\/index.php?rest_route=\/wp\/v2\/posts\/4059\/revisions"}],"predecessor-version":[{"id":4062,"href":"https:\/\/politiciando.com.br\/index.php?rest_route=\/wp\/v2\/posts\/4059\/revisions\/4062"}],"wp:featuredmedia":[{"embeddable":true,"href":"https:\/\/politiciando.com.br\/index.php?rest_route=\/wp\/v2\/media\/4060"}],"wp:attachment":[{"href":"https:\/\/politiciando.com.br\/index.php?rest_route=%2Fwp%2Fv2%2Fmedia&parent=4059"}],"wp:term":[{"taxonomy":"category","embeddable":true,"href":"https:\/\/politiciando.com.br\/index.php?rest_route=%2Fwp%2Fv2%2Fcategories&post=4059"},{"taxonomy":"post_tag","embeddable":true,"href":"https:\/\/politiciando.com.br\/index.php?rest_route=%2Fwp%2Fv2%2Ftags&post=4059"}],"curies":[{"name":"wp","href":"https:\/\/api.w.org\/{rel}","templated":true}]}}