{"id":493,"date":"2020-08-27T17:06:34","date_gmt":"2020-08-27T20:06:34","guid":{"rendered":"https:\/\/politiciando.com.br\/?p=493"},"modified":"2020-08-27T17:06:36","modified_gmt":"2020-08-27T20:06:36","slug":"lei-geral-de-protecao-de-dados-entrara-em-vigor-afetando-todos-os-brasileiros-saiba-mais","status":"publish","type":"post","link":"https:\/\/politiciando.com.br\/?p=493","title":{"rendered":"Lei Geral de Prote\u00e7\u00e3o de Dados entrar\u00e1 em vigor afetando todos os brasileiros &#8211; Saiba mais."},"content":{"rendered":"\n<p><strong>O que \u00e9 a Lei Geral de Prote\u00e7\u00e3o de Dados Pessoais? D\u00ea um &#8220;giro&#8221; pela lei e conhe\u00e7a desde j\u00e1 as principais transforma\u00e7\u00f5es que ela traz para o pa\u00eds<\/strong><\/p>\n\n\n\n<figure class=\"wp-block-image size-large\"><img loading=\"lazy\" decoding=\"async\" width=\"850\" height=\"450\" src=\"https:\/\/politiciando.com.br\/wp-content\/uploads\/2020\/08\/lgpd2.jpg\" alt=\"\" class=\"wp-image-489\" srcset=\"https:\/\/politiciando.com.br\/wp-content\/uploads\/2020\/08\/lgpd2.jpg 850w, https:\/\/politiciando.com.br\/wp-content\/uploads\/2020\/08\/lgpd2-300x159.jpg 300w, https:\/\/politiciando.com.br\/wp-content\/uploads\/2020\/08\/lgpd2-768x407.jpg 768w, https:\/\/politiciando.com.br\/wp-content\/uploads\/2020\/08\/lgpd2-390x205.jpg 390w\" sizes=\"auto, (max-width: 850px) 100vw, 850px\" \/><\/figure>\n\n\n\n<p><br>De compras on-line a redes sociais, de hospitais a bancos, de escolas a teatros, de hot\u00e9is a \u00f3rg\u00e3os p\u00fablicos, da publicidade \u00e0 tecnologia: pode ter certeza, a Lei Geral de Prote\u00e7\u00e3o de Dados Pessoais (LGPD) afeta diferentes setores e servi\u00e7os, e a todos n\u00f3s brasileiras e brasileiros, seja no papel de indiv\u00edduo, empresa ou governo. Aqui, a gente te ajuda a entender os seus direitos como cidad\u00e3o, ou suas obriga\u00e7\u00f5es, caso voc\u00ea seja respons\u00e1vel por bases de dados de pessoas.<\/p>\n\n\n\n<p>E damos, \u00e9 claro, as boas-vindas a voc\u00ea que quer entender mais a LGPD, contribuir com ela, e buscar suporte. Vamos nessa?<\/p>\n\n\n\n<p><strong>Para come\u00e7ar<br><em>J\u00e1 que voc\u00ea topou, ent\u00e3o vamos dar um &#8220;giro&#8221; pela LGPD e conhecer os principais pontos da lei<\/em><\/strong><\/p>\n\n\n\n<figure class=\"wp-block-image size-large\"><img loading=\"lazy\" decoding=\"async\" width=\"1024\" height=\"1024\" src=\"https:\/\/politiciando.com.br\/wp-content\/uploads\/2020\/08\/lgpd-1024x1024.png\" alt=\"\" class=\"wp-image-488\" srcset=\"https:\/\/politiciando.com.br\/wp-content\/uploads\/2020\/08\/lgpd-1024x1024.png 1024w, https:\/\/politiciando.com.br\/wp-content\/uploads\/2020\/08\/lgpd-300x300.png 300w, https:\/\/politiciando.com.br\/wp-content\/uploads\/2020\/08\/lgpd-150x150.png 150w, https:\/\/politiciando.com.br\/wp-content\/uploads\/2020\/08\/lgpd-768x768.png 768w, https:\/\/politiciando.com.br\/wp-content\/uploads\/2020\/08\/lgpd.png 1192w\" sizes=\"auto, (max-width: 1024px) 100vw, 1024px\" \/><figcaption>arte: serpro<\/figcaption><\/figure>\n\n\n\n<p><strong>Para continuar<br><em>Agora que voc\u00ea deu um giro, leia a seguir mais detalhes sobre os principais pontos apresentados na imagem acima<\/em><\/strong><\/p>\n\n\n\n<p>A LGPD \u00e9 a&nbsp;<a href=\"http:\/\/www.planalto.gov.br\/ccivil_03\/_Ato2015-2018\/2018\/Lei\/L13709.htm\" target=\"_blank\" rel=\"noreferrer noopener\">lei n\u00ba 13.709<\/a>, aprovada em agosto de 2018 e com vig\u00eancia a partir de agosto de 2020.&nbsp;Para entender a import\u00e2ncia do assunto, \u00e9 necess\u00e1rio saber que a nova lei quer criar um cen\u00e1rio de seguran\u00e7a jur\u00eddica, com a padroniza\u00e7\u00e3o de normas e pr\u00e1ticas, para promover a prote\u00e7\u00e3o, de forma igualit\u00e1ria e dentro do pa\u00eds e no mundo, aos dados pessoais de todo cidad\u00e3o que esteja no Brasil. E, para que n\u00e3o haja confus\u00e3o, a lei traz logo de cara o que s\u00e3o&nbsp;<a href=\"https:\/\/www.serpro.gov.br\/lgpd\/menu\/protecao-de-dados\/dados-pessoais-lgpd\" target=\"_blank\" rel=\"noreferrer noopener\">dados pessoais<\/a>, define que h\u00e1 alguns desses dados sujeitos a cuidados ainda mais espec\u00edficos, como&nbsp;<a href=\"https:\/\/www.serpro.gov.br\/lgpd\/menu\/protecao-de-dados\/dados-sensiveis-lgpd\" target=\"_blank\" rel=\"noreferrer noopener\">os sens\u00edveis<\/a>&nbsp;e os sobre crian\u00e7as e adolescentes, e que dados tratados tanto nos meios f\u00edsicos como nos digitais est\u00e3o sujeitos \u00e0 regula\u00e7\u00e3o.<\/p>\n\n\n\n<p>A LGPD estabelece ainda que n\u00e3o importa se a sede de uma organiza\u00e7\u00e3o ou o centro de dados dela est\u00e3o localizados no Brasil ou no exterior: se h\u00e1 o processamento de conte\u00fado de pessoas, brasileiras ou n\u00e3o, que est\u00e3o no territ\u00f3rio nacional, a LGPD deve ser cumprida. Determina tamb\u00e9m que \u00e9 permitido compartilhar dados com organismos internacionais e com outros pa\u00edses, desde que isso ocorra a partir de protocolos seguros e\/ou para cumprir exig\u00eancias legais.<\/p>\n\n\n\n<p><strong>Consentimento<br><\/strong>Outro elemento essencial da LGPD \u00e9 o consentir. Ou seja, o consentimento do cidad\u00e3o \u00e9 a base para que dados pessoais possam ser tratados. Mas h\u00e1 algumas exce\u00e7\u00f5es a isso. \u00c9 poss\u00edvel tratar dados sem consentimento se isso for indispens\u00e1vel para: cumprir uma obriga\u00e7\u00e3o legal; executar pol\u00edtica p\u00fablica prevista em lei; realizar estudos via \u00f3rg\u00e3o de pesquisa; executar contratos; defender direitos em processo; preservar a vida e a integridade f\u00edsica de uma pessoa; tutelar a\u00e7\u00f5es feitas por profissionais das \u00e1reas da sa\u00fade ou sanit\u00e1ria; prevenir fraudes contra o titular; proteger o cr\u00e9dito; ou atender a um interesse leg\u00edtimo, que n\u00e3o fira direitos fundamentais do cidad\u00e3o.<\/p>\n\n\n\n<p><strong>Automatiza\u00e7\u00e3o com autoriza\u00e7\u00e3o<\/strong><br>Por falar em direitos, \u00e9 essencial saber que a lei traz v\u00e1rias garantias ao cidad\u00e3o, que pode solicitar que dados sejam deletados, revogar um consentimento, transferir dados para outro fornecedor de servi\u00e7os, entre outras a\u00e7\u00f5es. E o tratamento dos dados deve ser feito levando em conta alguns quesitos, como finalidade e necessidade, que devem ser previamente acertados e informados ao cidad\u00e3o. Por exemplo, se a finalidade de um tratamento, feito exclusivamente de modo automatizado, for construir um perfil (pessoal, profissional, de consumo, de cr\u00e9dito), o indiv\u00edduo&nbsp; deve ser informado que pode intervir, pedindo revis\u00e3o desse procedimento feito por m\u00e1quinas.<\/p>\n\n\n\n<p><strong>ANPD e agentes de tratamento<\/strong><br>E tem mais. Para a lei a &#8220;pegar&#8221;, o pa\u00eds contar\u00e1 com a Autoridade Nacional de Prote\u00e7\u00e3o de Dados Pessoais, a ANPD. A institui\u00e7\u00e3o vai fiscalizar e, se a LGPD for descumprida, penalizar. Al\u00e9m disso, a ANPD ter\u00e1, \u00e9 claro, as tarefas de regular e de orientar, preventivamente, sobre como aplicar a lei. Cidad\u00e3os e organiza\u00e7\u00f5es poder\u00e3o colaborar com a autoridade.<\/p>\n\n\n\n<p>Mas n\u00e3o basta a ANPD &#8211; que est\u00e1 em forma\u00e7\u00e3o &#8211; e \u00e9 por isso que a Lei Geral de Prote\u00e7\u00e3o de Dados Pessoais tamb\u00e9m estipula os agentes de tratamento de dados e suas fun\u00e7\u00f5es, nas organiza\u00e7\u00f5es: tem o controlador, que toma as decis\u00f5es sobre o tratamento; o operador, que realiza o tratamento, em nome do controlador; e o encarregado, que interage com cidad\u00e3os e autoridade nacional (e poder\u00e1 ou n\u00e3o ser exigido, a depender do tipo ou porte da organiza\u00e7\u00e3o e do volume de dados tratados).<\/p>\n\n\n\n<p><strong>Gest\u00e3o em foco<\/strong><br>H\u00e1 um outro item que n\u00e3o poderia ficar de fora: a administra\u00e7\u00e3o de riscos e falhas. Isso quer dizer que quem gere base de dados pessoais ter\u00e1 que redigir normas de governan\u00e7a; adotar medidas preventivas de seguran\u00e7a; replicar boas pr\u00e1ticas e certifica\u00e7\u00f5es existentes no mercado. Ter\u00e1 ainda que elaborar planos de conting\u00eancia; fazer auditorias; resolver incidentes com agilidade. Se ocorrer, por exemplo, um vazamento de dados, a ANPD e os indiv\u00edduos afetados devem ser imediatamente avisados. Vale lembrar que todos os agentes de tratamento sujeitam-se \u00e0 lei. Isso significa que as organiza\u00e7\u00f5es e as subcontratadas para tratar dados respondem em conjunto pelos danos causados. E as falhas de seguran\u00e7a podem gerar multas de at\u00e9 2% do faturamento anual da organiza\u00e7\u00e3o no Brasil \u2013 e no limite de R$ 50 milh\u00f5es por infra\u00e7\u00e3o. A autoridade nacional fixar\u00e1 n\u00edveis de penalidade segundo a gravidade da falha. E enviar\u00e1, \u00e9 claro, alertas e orienta\u00e7\u00f5es antes de aplicar san\u00e7\u00f5es \u00e0s organiza\u00e7\u00f5es.<\/p>\n\n\n\n<p>serpro.gov.br<\/p>\n","protected":false},"excerpt":{"rendered":"<p>O que \u00e9 a Lei Geral de Prote\u00e7\u00e3o de Dados Pessoais? D\u00ea um &#8220;giro&#8221; pela lei e conhe\u00e7a desde j\u00e1<\/p>\n","protected":false},"author":2,"featured_media":489,"comment_status":"open","ping_status":"open","sticky":true,"template":"","format":"standard","meta":{"colormag_page_container_layout":"default_layout","colormag_page_sidebar_layout":"default_layout","_monsterinsights_skip_tracking":false,"_monsterinsights_sitenote_active":false,"_monsterinsights_sitenote_note":"","_monsterinsights_sitenote_category":0,"_jetpack_memberships_contains_paid_content":false,"footnotes":""},"categories":[49,48],"tags":[],"class_list":["post-493","post","type-post","status-publish","format-standard","has-post-thumbnail","hentry","category-brasil","category-ciencia-e-tecnologia"],"yoast_head":"<!-- This site is optimized with the Yoast SEO plugin v16.3 - https:\/\/yoast.com\/wordpress\/plugins\/seo\/ -->\n<title>Lei Geral de Prote\u00e7\u00e3o de Dados entrar\u00e1 em vigor afetando todos os brasileiros - Saiba mais. - Politiciando<\/title>\n<meta name=\"robots\" content=\"index, follow, max-snippet:-1, max-image-preview:large, max-video-preview:-1\" \/>\n<link rel=\"canonical\" href=\"https:\/\/politiciando.com.br\/?p=493\" \/>\n<meta property=\"og:locale\" content=\"pt_BR\" \/>\n<meta property=\"og:type\" content=\"article\" \/>\n<meta property=\"og:title\" content=\"Lei Geral de Prote\u00e7\u00e3o de Dados entrar\u00e1 em vigor afetando todos os brasileiros - Saiba mais. - Politiciando\" \/>\n<meta property=\"og:description\" content=\"O que \u00e9 a Lei Geral de Prote\u00e7\u00e3o de Dados Pessoais? D\u00ea um &#8220;giro&#8221; pela lei e conhe\u00e7a desde j\u00e1\" \/>\n<meta property=\"og:url\" content=\"https:\/\/politiciando.com.br\/?p=493\" \/>\n<meta property=\"og:site_name\" content=\"Politiciando\" \/>\n<meta property=\"article:publisher\" content=\"https:\/\/www.facebook.com\/Politician\" \/>\n<meta property=\"article:published_time\" content=\"2020-08-27T20:06:34+00:00\" \/>\n<meta property=\"article:modified_time\" content=\"2020-08-27T20:06:36+00:00\" \/>\n<meta property=\"og:image\" content=\"https:\/\/politiciando.com.br\/wp-content\/uploads\/2020\/08\/lgpd2.jpg\" \/>\n\t<meta property=\"og:image:width\" content=\"850\" \/>\n\t<meta property=\"og:image:height\" content=\"450\" \/>\n<meta name=\"twitter:card\" content=\"summary_large_image\" \/>\n<meta name=\"twitter:creator\" content=\"@politiciando\" \/>\n<meta name=\"twitter:site\" content=\"@politiciando\" \/>\n<meta name=\"twitter:label1\" content=\"Est. tempo de leitura\">\n\t<meta name=\"twitter:data1\" content=\"5 minutos\">\n<script type=\"application\/ld+json\" class=\"yoast-schema-graph\">{\"@context\":\"https:\/\/schema.org\",\"@graph\":[{\"@type\":\"WebSite\",\"@id\":\"https:\/\/politiciando.com.br\/#website\",\"url\":\"https:\/\/politiciando.com.br\/\",\"name\":\"Politiciando\",\"description\":\"A Not\\u00edcia como tem que ser!\",\"potentialAction\":[{\"@type\":\"SearchAction\",\"target\":\"https:\/\/politiciando.com.br\/?s={search_term_string}\",\"query-input\":\"required name=search_term_string\"}],\"inLanguage\":\"pt-BR\"},{\"@type\":\"ImageObject\",\"@id\":\"https:\/\/politiciando.com.br\/?p=493#primaryimage\",\"inLanguage\":\"pt-BR\",\"url\":\"https:\/\/politiciando.com.br\/wp-content\/uploads\/2020\/08\/lgpd2.jpg\",\"contentUrl\":\"https:\/\/politiciando.com.br\/wp-content\/uploads\/2020\/08\/lgpd2.jpg\",\"width\":850,\"height\":450},{\"@type\":\"WebPage\",\"@id\":\"https:\/\/politiciando.com.br\/?p=493#webpage\",\"url\":\"https:\/\/politiciando.com.br\/?p=493\",\"name\":\"Lei Geral de Prote\\u00e7\\u00e3o de Dados entrar\\u00e1 em vigor afetando todos os brasileiros - Saiba mais. - Politiciando\",\"isPartOf\":{\"@id\":\"https:\/\/politiciando.com.br\/#website\"},\"primaryImageOfPage\":{\"@id\":\"https:\/\/politiciando.com.br\/?p=493#primaryimage\"},\"datePublished\":\"2020-08-27T20:06:34+00:00\",\"dateModified\":\"2020-08-27T20:06:36+00:00\",\"author\":{\"@id\":\"https:\/\/politiciando.com.br\/#\/schema\/person\/1f3ad5faaad9395b58750d8abce6d65c\"},\"breadcrumb\":{\"@id\":\"https:\/\/politiciando.com.br\/?p=493#breadcrumb\"},\"inLanguage\":\"pt-BR\",\"potentialAction\":[{\"@type\":\"ReadAction\",\"target\":[\"https:\/\/politiciando.com.br\/?p=493\"]}]},{\"@type\":\"BreadcrumbList\",\"@id\":\"https:\/\/politiciando.com.br\/?p=493#breadcrumb\",\"itemListElement\":[{\"@type\":\"ListItem\",\"position\":1,\"item\":{\"@type\":\"WebPage\",\"@id\":\"https:\/\/politiciando.com.br\/\",\"url\":\"https:\/\/politiciando.com.br\/\",\"name\":\"Home\"}},{\"@type\":\"ListItem\",\"position\":2,\"item\":{\"@id\":\"https:\/\/politiciando.com.br\/?p=493#webpage\"}}]},{\"@type\":\"Person\",\"@id\":\"https:\/\/politiciando.com.br\/#\/schema\/person\/1f3ad5faaad9395b58750d8abce6d65c\",\"name\":\"Tiago Ferreira\",\"image\":{\"@type\":\"ImageObject\",\"@id\":\"https:\/\/politiciando.com.br\/#personlogo\",\"inLanguage\":\"pt-BR\",\"url\":\"https:\/\/secure.gravatar.com\/avatar\/51334a3339a0cd0c3197168288e4d0c8c43eb338925f20ebf8a86dcc8ed5b535?s=96&d=mm&r=g\",\"contentUrl\":\"https:\/\/secure.gravatar.com\/avatar\/51334a3339a0cd0c3197168288e4d0c8c43eb338925f20ebf8a86dcc8ed5b535?s=96&d=mm&r=g\",\"caption\":\"Tiago Ferreira\"},\"url\":\"https:\/\/politiciando.com.br\/?author=2\"}]}<\/script>\n<!-- \/ Yoast SEO plugin. -->","jetpack_featured_media_url":"https:\/\/politiciando.com.br\/wp-content\/uploads\/2020\/08\/lgpd2.jpg","jetpack_sharing_enabled":true,"_links":{"self":[{"href":"https:\/\/politiciando.com.br\/index.php?rest_route=\/wp\/v2\/posts\/493","targetHints":{"allow":["GET"]}}],"collection":[{"href":"https:\/\/politiciando.com.br\/index.php?rest_route=\/wp\/v2\/posts"}],"about":[{"href":"https:\/\/politiciando.com.br\/index.php?rest_route=\/wp\/v2\/types\/post"}],"author":[{"embeddable":true,"href":"https:\/\/politiciando.com.br\/index.php?rest_route=\/wp\/v2\/users\/2"}],"replies":[{"embeddable":true,"href":"https:\/\/politiciando.com.br\/index.php?rest_route=%2Fwp%2Fv2%2Fcomments&post=493"}],"version-history":[{"count":1,"href":"https:\/\/politiciando.com.br\/index.php?rest_route=\/wp\/v2\/posts\/493\/revisions"}],"predecessor-version":[{"id":494,"href":"https:\/\/politiciando.com.br\/index.php?rest_route=\/wp\/v2\/posts\/493\/revisions\/494"}],"wp:featuredmedia":[{"embeddable":true,"href":"https:\/\/politiciando.com.br\/index.php?rest_route=\/wp\/v2\/media\/489"}],"wp:attachment":[{"href":"https:\/\/politiciando.com.br\/index.php?rest_route=%2Fwp%2Fv2%2Fmedia&parent=493"}],"wp:term":[{"taxonomy":"category","embeddable":true,"href":"https:\/\/politiciando.com.br\/index.php?rest_route=%2Fwp%2Fv2%2Fcategories&post=493"},{"taxonomy":"post_tag","embeddable":true,"href":"https:\/\/politiciando.com.br\/index.php?rest_route=%2Fwp%2Fv2%2Ftags&post=493"}],"curies":[{"name":"wp","href":"https:\/\/api.w.org\/{rel}","templated":true}]}}