{"id":6322,"date":"2024-05-23T10:56:16","date_gmt":"2024-05-23T13:56:16","guid":{"rendered":"https:\/\/politiciando.com.br\/?p=6322"},"modified":"2024-05-23T10:56:17","modified_gmt":"2024-05-23T13:56:17","slug":"vinho-campo-largo-e-eleito-o-preferido-pelos-varejistas-nas-regioes-sul-norte-e-centro-oeste-alem-dos-estados-do-maranhao-e-piaui","status":"publish","type":"post","link":"https:\/\/politiciando.com.br\/?p=6322","title":{"rendered":"Vinho Campo Largo \u00e9 eleito o preferido pelos varejistas nas regi\u00f5es Sul, Norte e Centro Oeste, al\u00e9m dos estados do Maranh\u00e3o e Piau\u00ed"},"content":{"rendered":"\n<figure class=\"wp-block-image size-large is-resized\"><img loading=\"lazy\" decoding=\"async\" width=\"1024\" height=\"683\" src=\"https:\/\/politiciando.com.br\/wp-content\/uploads\/2024\/05\/Vinho-tinto-1024x683.jpg\" alt=\"\" class=\"wp-image-6323\" style=\"width:1140px;height:auto\" srcset=\"https:\/\/politiciando.com.br\/wp-content\/uploads\/2024\/05\/Vinho-tinto-1024x683.jpg 1024w, https:\/\/politiciando.com.br\/wp-content\/uploads\/2024\/05\/Vinho-tinto-300x200.jpg 300w, https:\/\/politiciando.com.br\/wp-content\/uploads\/2024\/05\/Vinho-tinto-768x512.jpg 768w, https:\/\/politiciando.com.br\/wp-content\/uploads\/2024\/05\/Vinho-tinto-1536x1024.jpg 1536w\" sizes=\"auto, (max-width: 1024px) 100vw, 1024px\" \/><\/figure>\n\n\n\n<p>Por mais um ano, o Vinho Campo Largo foi eleito o vinho mais consumido na regi\u00e3o Sul, Norte e Centro Oeste, al\u00e9m dos estados do Maranh\u00e3o e Piau\u00ed, conforme o ranking da tradicional Pesquisa de Prefer\u00eancia de Marcas produzida pela Revista S\/A+ Ecossistema de Varejo de 2024.&nbsp; Os reconhecimentos ocorreram na categoria de vinho tinto nacional, onde o Vinho Campo Largo foi eleito o top of mind da regi\u00e3o Sul, j\u00e1 na categoria de vinho branco nacional, a marca teve mais dois destaques: 1\u00ba lugar na regi\u00e3o Sul, Norte, Centro Oeste e nos estados do Maranh\u00e3o e Piau\u00ed; al\u00e9m do 2\u00ba lugar a n\u00edvel nacional.<\/p>\n\n\n\n<p>O estudo foi realizado com v\u00e1rias marcas de vinhos, constatando que o Campo Largo \u00e9 o favorito dos consumidores em termos de sabor, qualidade e pre\u00e7o. Essa prefer\u00eancia n\u00e3o \u00e9 \u00e0 toa! O vinho \u00e9 elaborado com uvas cultivadas por diversas fam\u00edlias na regi\u00e3o da Serra Ga\u00facha, resultando em um processo de produ\u00e7\u00e3o cuidadoso e de alta qualidade.<\/p>\n\n\n\n<p><strong>Tradi\u00e7\u00e3o e sucesso<\/strong><\/p>\n\n\n\n<p>Fundada em 1942, a Zanlorenzi Bebidas de Campo Largo (PR), grupo que det\u00e9m a marca de vinhos Campo Largo, \u00e9 atualmente uma das maiores produtoras de derivados de frutas e uma das mais importantes ind\u00fastrias de bebidas do Brasil. Seus produtos est\u00e3o presentes em todo territ\u00f3rio nacional com um portf\u00f3lio de 7 marcas e mais de 50 r\u00f3tulos, que abrangem quatro categorias de mercado: vinhos de mesa, vinhos finos, espumantes e bebidas saud\u00e1veis (sucos, ch\u00e1s e \u00e1gua de coco).<\/p>\n\n\n\n<p>Al\u00e9m disso, a&nbsp;companhia det\u00e9m uma das maiores e mais modernas linhas de envase da Am\u00e9rica Latina, localizada em Campo Largo, no Paran\u00e1 e conta com duas bases produtoras, uma em S\u00e3o Marcos, no Rio Grande do Sul e outra em Lagoa Grande, Pernambuco.<\/p>\n\n\n\n<p>Com qualidade, tradi\u00e7\u00e3o e constante inova\u00e7\u00e3o, a empresa traz o melhor da natureza para a mesa do consumidor, sem abrir m\u00e3o do cuidado com o meio ambiente e a conscientiza\u00e7\u00e3o das futuras gera\u00e7\u00f5es.<\/p>\n\n\n\n<p>O portf\u00f3lio completo de bebidas Campo Largo e Zanlorenzi pode ser encontrado no site&nbsp;<a href=\"https:\/\/zanlorenzi.com.br\/site\/\" target=\"_blank\" rel=\"noreferrer noopener\">https:\/\/zanlorenzi.com.br\/site\/<\/a><\/p>\n","protected":false},"excerpt":{"rendered":"<p>Por mais um ano, o Vinho Campo Largo foi eleito o vinho mais consumido na regi\u00e3o Sul, Norte e Centro<\/p>\n","protected":false},"author":1,"featured_media":6323,"comment_status":"open","ping_status":"open","sticky":false,"template":"","format":"standard","meta":{"colormag_page_container_layout":"default_layout","colormag_page_sidebar_layout":"default_layout","_monsterinsights_skip_tracking":false,"_monsterinsights_sitenote_active":false,"_monsterinsights_sitenote_note":"","_monsterinsights_sitenote_category":0,"_jetpack_memberships_contains_paid_content":false,"footnotes":""},"categories":[1],"tags":[1674,1673,1675,1676,1672],"class_list":["post-6322","post","type-post","status-publish","format-standard","has-post-thumbnail","hentry","category-economia","tag-bebida","tag-campo-largo","tag-turismo","tag-varejo","tag-vinho"],"yoast_head":"<!-- This site is optimized with the Yoast SEO plugin v16.3 - https:\/\/yoast.com\/wordpress\/plugins\/seo\/ -->\n<title>Vinho Campo Largo \u00e9 eleito o preferido pelos varejistas nas regi\u00f5es Sul, Norte e Centro Oeste, al\u00e9m dos estados do Maranh\u00e3o e Piau\u00ed - Politiciando<\/title>\n<meta name=\"robots\" content=\"index, follow, max-snippet:-1, max-image-preview:large, max-video-preview:-1\" \/>\n<link rel=\"canonical\" href=\"https:\/\/politiciando.com.br\/?p=6322\" \/>\n<meta property=\"og:locale\" content=\"pt_BR\" \/>\n<meta property=\"og:type\" content=\"article\" \/>\n<meta property=\"og:title\" content=\"Vinho Campo Largo \u00e9 eleito o preferido pelos varejistas nas regi\u00f5es Sul, Norte e Centro Oeste, al\u00e9m dos estados do Maranh\u00e3o e Piau\u00ed - Politiciando\" \/>\n<meta property=\"og:description\" content=\"Por mais um ano, o Vinho Campo Largo foi eleito o vinho mais consumido na regi\u00e3o Sul, Norte e Centro\" \/>\n<meta property=\"og:url\" content=\"https:\/\/politiciando.com.br\/?p=6322\" \/>\n<meta property=\"og:site_name\" content=\"Politiciando\" \/>\n<meta property=\"article:publisher\" content=\"https:\/\/www.facebook.com\/Politician\" \/>\n<meta property=\"article:published_time\" content=\"2024-05-23T13:56:16+00:00\" \/>\n<meta property=\"article:modified_time\" content=\"2024-05-23T13:56:17+00:00\" \/>\n<meta property=\"og:image\" content=\"https:\/\/politiciando.com.br\/wp-content\/uploads\/2024\/05\/Vinho-tinto-1024x683.jpg\" \/>\n\t<meta property=\"og:image:width\" content=\"1024\" \/>\n\t<meta property=\"og:image:height\" content=\"683\" \/>\n<meta name=\"twitter:card\" content=\"summary_large_image\" \/>\n<meta name=\"twitter:creator\" content=\"@politiciando\" \/>\n<meta name=\"twitter:site\" content=\"@politiciando\" \/>\n<meta name=\"twitter:label1\" content=\"Est. tempo de leitura\">\n\t<meta name=\"twitter:data1\" content=\"2 minutos\">\n<script type=\"application\/ld+json\" class=\"yoast-schema-graph\">{\"@context\":\"https:\/\/schema.org\",\"@graph\":[{\"@type\":\"WebSite\",\"@id\":\"https:\/\/politiciando.com.br\/#website\",\"url\":\"https:\/\/politiciando.com.br\/\",\"name\":\"Politiciando\",\"description\":\"A Not\\u00edcia como tem que ser!\",\"potentialAction\":[{\"@type\":\"SearchAction\",\"target\":\"https:\/\/politiciando.com.br\/?s={search_term_string}\",\"query-input\":\"required name=search_term_string\"}],\"inLanguage\":\"pt-BR\"},{\"@type\":\"ImageObject\",\"@id\":\"https:\/\/politiciando.com.br\/?p=6322#primaryimage\",\"inLanguage\":\"pt-BR\",\"url\":\"https:\/\/politiciando.com.br\/wp-content\/uploads\/2024\/05\/Vinho-tinto.jpg\",\"contentUrl\":\"https:\/\/politiciando.com.br\/wp-content\/uploads\/2024\/05\/Vinho-tinto.jpg\",\"width\":7930,\"height\":5289},{\"@type\":\"WebPage\",\"@id\":\"https:\/\/politiciando.com.br\/?p=6322#webpage\",\"url\":\"https:\/\/politiciando.com.br\/?p=6322\",\"name\":\"Vinho Campo Largo \\u00e9 eleito o preferido pelos varejistas nas regi\\u00f5es Sul, Norte e Centro Oeste, al\\u00e9m dos estados do Maranh\\u00e3o e Piau\\u00ed - Politiciando\",\"isPartOf\":{\"@id\":\"https:\/\/politiciando.com.br\/#website\"},\"primaryImageOfPage\":{\"@id\":\"https:\/\/politiciando.com.br\/?p=6322#primaryimage\"},\"datePublished\":\"2024-05-23T13:56:16+00:00\",\"dateModified\":\"2024-05-23T13:56:17+00:00\",\"author\":{\"@id\":\"https:\/\/politiciando.com.br\/#\/schema\/person\/be8395b998f06b83e7b3a1d9567ff61b\"},\"breadcrumb\":{\"@id\":\"https:\/\/politiciando.com.br\/?p=6322#breadcrumb\"},\"inLanguage\":\"pt-BR\",\"potentialAction\":[{\"@type\":\"ReadAction\",\"target\":[\"https:\/\/politiciando.com.br\/?p=6322\"]}]},{\"@type\":\"BreadcrumbList\",\"@id\":\"https:\/\/politiciando.com.br\/?p=6322#breadcrumb\",\"itemListElement\":[{\"@type\":\"ListItem\",\"position\":1,\"item\":{\"@type\":\"WebPage\",\"@id\":\"https:\/\/politiciando.com.br\/\",\"url\":\"https:\/\/politiciando.com.br\/\",\"name\":\"Home\"}},{\"@type\":\"ListItem\",\"position\":2,\"item\":{\"@id\":\"https:\/\/politiciando.com.br\/?p=6322#webpage\"}}]},{\"@type\":\"Person\",\"@id\":\"https:\/\/politiciando.com.br\/#\/schema\/person\/be8395b998f06b83e7b3a1d9567ff61b\",\"name\":\"redacaopoliticiando\",\"image\":{\"@type\":\"ImageObject\",\"@id\":\"https:\/\/politiciando.com.br\/#personlogo\",\"inLanguage\":\"pt-BR\",\"url\":\"https:\/\/secure.gravatar.com\/avatar\/6cfd6b7f4d5132d5b42f746a58e576a9ab04eae227797efa7fdd7a4aeb90ca9c?s=96&d=mm&r=g\",\"contentUrl\":\"https:\/\/secure.gravatar.com\/avatar\/6cfd6b7f4d5132d5b42f746a58e576a9ab04eae227797efa7fdd7a4aeb90ca9c?s=96&d=mm&r=g\",\"caption\":\"redacaopoliticiando\"},\"sameAs\":[\"https:\/\/politiciando.com.br\"],\"url\":\"https:\/\/politiciando.com.br\/?author=1\"}]}<\/script>\n<!-- \/ Yoast SEO plugin. -->","jetpack_featured_media_url":"https:\/\/politiciando.com.br\/wp-content\/uploads\/2024\/05\/Vinho-tinto.jpg","jetpack_sharing_enabled":true,"_links":{"self":[{"href":"https:\/\/politiciando.com.br\/index.php?rest_route=\/wp\/v2\/posts\/6322","targetHints":{"allow":["GET"]}}],"collection":[{"href":"https:\/\/politiciando.com.br\/index.php?rest_route=\/wp\/v2\/posts"}],"about":[{"href":"https:\/\/politiciando.com.br\/index.php?rest_route=\/wp\/v2\/types\/post"}],"author":[{"embeddable":true,"href":"https:\/\/politiciando.com.br\/index.php?rest_route=\/wp\/v2\/users\/1"}],"replies":[{"embeddable":true,"href":"https:\/\/politiciando.com.br\/index.php?rest_route=%2Fwp%2Fv2%2Fcomments&post=6322"}],"version-history":[{"count":1,"href":"https:\/\/politiciando.com.br\/index.php?rest_route=\/wp\/v2\/posts\/6322\/revisions"}],"predecessor-version":[{"id":6324,"href":"https:\/\/politiciando.com.br\/index.php?rest_route=\/wp\/v2\/posts\/6322\/revisions\/6324"}],"wp:featuredmedia":[{"embeddable":true,"href":"https:\/\/politiciando.com.br\/index.php?rest_route=\/wp\/v2\/media\/6323"}],"wp:attachment":[{"href":"https:\/\/politiciando.com.br\/index.php?rest_route=%2Fwp%2Fv2%2Fmedia&parent=6322"}],"wp:term":[{"taxonomy":"category","embeddable":true,"href":"https:\/\/politiciando.com.br\/index.php?rest_route=%2Fwp%2Fv2%2Fcategories&post=6322"},{"taxonomy":"post_tag","embeddable":true,"href":"https:\/\/politiciando.com.br\/index.php?rest_route=%2Fwp%2Fv2%2Ftags&post=6322"}],"curies":[{"name":"wp","href":"https:\/\/api.w.org\/{rel}","templated":true}]}}