{"id":6365,"date":"2024-05-28T10:18:15","date_gmt":"2024-05-28T13:18:15","guid":{"rendered":"https:\/\/politiciando.com.br\/?p=6365"},"modified":"2024-05-28T10:18:17","modified_gmt":"2024-05-28T13:18:17","slug":"reparticoes-estaduais-terao-ponto-facultativo-na-quinta-feira-corpus-christi","status":"publish","type":"post","link":"https:\/\/politiciando.com.br\/?p=6365","title":{"rendered":"Reparti\u00e7\u00f5es estaduais ter\u00e3o ponto facultativo na quinta-feira Corpus Christi"},"content":{"rendered":"\n<figure class=\"wp-block-image size-large\"><img loading=\"lazy\" decoding=\"async\" width=\"1024\" height=\"593\" src=\"https:\/\/politiciando.com.br\/wp-content\/uploads\/2024\/05\/image-33-1024x593.png\" alt=\"\" class=\"wp-image-6366\" srcset=\"https:\/\/politiciando.com.br\/wp-content\/uploads\/2024\/05\/image-33-1024x593.png 1024w, https:\/\/politiciando.com.br\/wp-content\/uploads\/2024\/05\/image-33-300x174.png 300w, https:\/\/politiciando.com.br\/wp-content\/uploads\/2024\/05\/image-33-768x445.png 768w, https:\/\/politiciando.com.br\/wp-content\/uploads\/2024\/05\/image-33.png 1140w\" sizes=\"auto, (max-width: 1024px) 100vw, 1024px\" \/><\/figure>\n\n\n\n<p>O Governo do Estado, por meio da Secretaria da Administra\u00e7\u00e3o, RESOLVE facultar o expediente do dia 30 de maio de 2024 nas reparti\u00e7\u00f5es esta-<br>duais da Administra\u00e7\u00e3o Direta e Indireta do Poder Executivo, devendo ser preservado o funcionamento dos servi\u00e7os essenciais.<br>PORTARIA N\u00b0\u00a0338\/2024\/SEAD.<\/p>\n\n\n\n<!--\u2014 \n     Id: 7399 \n     Campanha:  MAIO AMARELO DETRAN\n     Server: Metrike \n     Ve\u00edculo:  POLITICIANDO \n     Cliente:  GOV PB   \n     Formato: POLITICIANDO - 728X90 \n     Data de Veicula\u00e7\u00e3o: 05\/05\/2023 - 31\/05\/2023\n     \u2014-->\n     <ins data-revive-zoneid=\"7399\" data-revive-id=\"566f260197bf822e7263f1a3667caa2f\"><\/ins>\n     <script async=\"\" src=\"\/\/ads.metrike.com\/asyncjs.php\"><\/script>\n     <!--\u2014 FIM TAG \u2014-->\n","protected":false},"excerpt":{"rendered":"<p>O Governo do Estado, por meio da Secretaria da Administra\u00e7\u00e3o, RESOLVE facultar o expediente do dia 30 de maio de<\/p>\n","protected":false},"author":1,"featured_media":6366,"comment_status":"open","ping_status":"open","sticky":false,"template":"","format":"standard","meta":{"colormag_page_container_layout":"default_layout","colormag_page_sidebar_layout":"default_layout","_monsterinsights_skip_tracking":false,"_monsterinsights_sitenote_active":false,"_monsterinsights_sitenote_note":"","_monsterinsights_sitenote_category":0,"_jetpack_memberships_contains_paid_content":false,"footnotes":""},"categories":[5],"tags":[1690],"class_list":["post-6365","post","type-post","status-publish","format-standard","has-post-thumbnail","hentry","category-politica","tag-corpus-christi"],"yoast_head":"<!-- This site is optimized with the Yoast SEO plugin v16.3 - https:\/\/yoast.com\/wordpress\/plugins\/seo\/ -->\n<title>Reparti\u00e7\u00f5es estaduais ter\u00e3o ponto facultativo na quinta-feira Corpus Christi - Politiciando<\/title>\n<meta name=\"robots\" content=\"index, follow, max-snippet:-1, max-image-preview:large, max-video-preview:-1\" \/>\n<link rel=\"canonical\" href=\"https:\/\/politiciando.com.br\/?p=6365\" \/>\n<meta property=\"og:locale\" content=\"pt_BR\" \/>\n<meta property=\"og:type\" content=\"article\" \/>\n<meta property=\"og:title\" content=\"Reparti\u00e7\u00f5es estaduais ter\u00e3o ponto facultativo na quinta-feira Corpus Christi - Politiciando\" \/>\n<meta property=\"og:description\" content=\"O Governo do Estado, por meio da Secretaria da Administra\u00e7\u00e3o, RESOLVE facultar o expediente do dia 30 de maio de\" \/>\n<meta property=\"og:url\" content=\"https:\/\/politiciando.com.br\/?p=6365\" \/>\n<meta property=\"og:site_name\" content=\"Politiciando\" \/>\n<meta property=\"article:publisher\" content=\"https:\/\/www.facebook.com\/Politician\" \/>\n<meta property=\"article:published_time\" content=\"2024-05-28T13:18:15+00:00\" \/>\n<meta property=\"article:modified_time\" content=\"2024-05-28T13:18:17+00:00\" \/>\n<meta property=\"og:image\" content=\"https:\/\/politiciando.com.br\/wp-content\/uploads\/2024\/05\/image-33.png\" \/>\n\t<meta property=\"og:image:width\" content=\"1140\" \/>\n\t<meta property=\"og:image:height\" content=\"660\" \/>\n<meta name=\"twitter:card\" content=\"summary_large_image\" \/>\n<meta name=\"twitter:creator\" content=\"@politiciando\" \/>\n<meta name=\"twitter:site\" content=\"@politiciando\" \/>\n<meta name=\"twitter:label1\" content=\"Est. tempo de leitura\">\n\t<meta name=\"twitter:data1\" content=\"1 minuto\">\n<script type=\"application\/ld+json\" class=\"yoast-schema-graph\">{\"@context\":\"https:\/\/schema.org\",\"@graph\":[{\"@type\":\"WebSite\",\"@id\":\"https:\/\/politiciando.com.br\/#website\",\"url\":\"https:\/\/politiciando.com.br\/\",\"name\":\"Politiciando\",\"description\":\"A Not\\u00edcia como tem que ser!\",\"potentialAction\":[{\"@type\":\"SearchAction\",\"target\":\"https:\/\/politiciando.com.br\/?s={search_term_string}\",\"query-input\":\"required name=search_term_string\"}],\"inLanguage\":\"pt-BR\"},{\"@type\":\"ImageObject\",\"@id\":\"https:\/\/politiciando.com.br\/?p=6365#primaryimage\",\"inLanguage\":\"pt-BR\",\"url\":\"https:\/\/politiciando.com.br\/wp-content\/uploads\/2024\/05\/image-33.png\",\"contentUrl\":\"https:\/\/politiciando.com.br\/wp-content\/uploads\/2024\/05\/image-33.png\",\"width\":1140,\"height\":660},{\"@type\":\"WebPage\",\"@id\":\"https:\/\/politiciando.com.br\/?p=6365#webpage\",\"url\":\"https:\/\/politiciando.com.br\/?p=6365\",\"name\":\"Reparti\\u00e7\\u00f5es estaduais ter\\u00e3o ponto facultativo na quinta-feira Corpus Christi - Politiciando\",\"isPartOf\":{\"@id\":\"https:\/\/politiciando.com.br\/#website\"},\"primaryImageOfPage\":{\"@id\":\"https:\/\/politiciando.com.br\/?p=6365#primaryimage\"},\"datePublished\":\"2024-05-28T13:18:15+00:00\",\"dateModified\":\"2024-05-28T13:18:17+00:00\",\"author\":{\"@id\":\"https:\/\/politiciando.com.br\/#\/schema\/person\/be8395b998f06b83e7b3a1d9567ff61b\"},\"breadcrumb\":{\"@id\":\"https:\/\/politiciando.com.br\/?p=6365#breadcrumb\"},\"inLanguage\":\"pt-BR\",\"potentialAction\":[{\"@type\":\"ReadAction\",\"target\":[\"https:\/\/politiciando.com.br\/?p=6365\"]}]},{\"@type\":\"BreadcrumbList\",\"@id\":\"https:\/\/politiciando.com.br\/?p=6365#breadcrumb\",\"itemListElement\":[{\"@type\":\"ListItem\",\"position\":1,\"item\":{\"@type\":\"WebPage\",\"@id\":\"https:\/\/politiciando.com.br\/\",\"url\":\"https:\/\/politiciando.com.br\/\",\"name\":\"Home\"}},{\"@type\":\"ListItem\",\"position\":2,\"item\":{\"@id\":\"https:\/\/politiciando.com.br\/?p=6365#webpage\"}}]},{\"@type\":\"Person\",\"@id\":\"https:\/\/politiciando.com.br\/#\/schema\/person\/be8395b998f06b83e7b3a1d9567ff61b\",\"name\":\"redacaopoliticiando\",\"image\":{\"@type\":\"ImageObject\",\"@id\":\"https:\/\/politiciando.com.br\/#personlogo\",\"inLanguage\":\"pt-BR\",\"url\":\"https:\/\/secure.gravatar.com\/avatar\/6cfd6b7f4d5132d5b42f746a58e576a9ab04eae227797efa7fdd7a4aeb90ca9c?s=96&d=mm&r=g\",\"contentUrl\":\"https:\/\/secure.gravatar.com\/avatar\/6cfd6b7f4d5132d5b42f746a58e576a9ab04eae227797efa7fdd7a4aeb90ca9c?s=96&d=mm&r=g\",\"caption\":\"redacaopoliticiando\"},\"sameAs\":[\"https:\/\/politiciando.com.br\"],\"url\":\"https:\/\/politiciando.com.br\/?author=1\"}]}<\/script>\n<!-- \/ Yoast SEO plugin. -->","jetpack_featured_media_url":"https:\/\/politiciando.com.br\/wp-content\/uploads\/2024\/05\/image-33.png","jetpack_sharing_enabled":true,"_links":{"self":[{"href":"https:\/\/politiciando.com.br\/index.php?rest_route=\/wp\/v2\/posts\/6365","targetHints":{"allow":["GET"]}}],"collection":[{"href":"https:\/\/politiciando.com.br\/index.php?rest_route=\/wp\/v2\/posts"}],"about":[{"href":"https:\/\/politiciando.com.br\/index.php?rest_route=\/wp\/v2\/types\/post"}],"author":[{"embeddable":true,"href":"https:\/\/politiciando.com.br\/index.php?rest_route=\/wp\/v2\/users\/1"}],"replies":[{"embeddable":true,"href":"https:\/\/politiciando.com.br\/index.php?rest_route=%2Fwp%2Fv2%2Fcomments&post=6365"}],"version-history":[{"count":1,"href":"https:\/\/politiciando.com.br\/index.php?rest_route=\/wp\/v2\/posts\/6365\/revisions"}],"predecessor-version":[{"id":6367,"href":"https:\/\/politiciando.com.br\/index.php?rest_route=\/wp\/v2\/posts\/6365\/revisions\/6367"}],"wp:featuredmedia":[{"embeddable":true,"href":"https:\/\/politiciando.com.br\/index.php?rest_route=\/wp\/v2\/media\/6366"}],"wp:attachment":[{"href":"https:\/\/politiciando.com.br\/index.php?rest_route=%2Fwp%2Fv2%2Fmedia&parent=6365"}],"wp:term":[{"taxonomy":"category","embeddable":true,"href":"https:\/\/politiciando.com.br\/index.php?rest_route=%2Fwp%2Fv2%2Fcategories&post=6365"},{"taxonomy":"post_tag","embeddable":true,"href":"https:\/\/politiciando.com.br\/index.php?rest_route=%2Fwp%2Fv2%2Ftags&post=6365"}],"curies":[{"name":"wp","href":"https:\/\/api.w.org\/{rel}","templated":true}]}}