{"id":6395,"date":"2024-06-13T09:14:29","date_gmt":"2024-06-13T12:14:29","guid":{"rendered":"https:\/\/politiciando.com.br\/?p=6395"},"modified":"2024-06-13T09:14:31","modified_gmt":"2024-06-13T12:14:31","slug":"percentual-do-icms-destinado-a-educacao-sobe-de-10-para-18-na-paraiba","status":"publish","type":"post","link":"https:\/\/politiciando.com.br\/?p=6395","title":{"rendered":"Percentual do ICMS destinado a educa\u00e7\u00e3o sobe de 10 para 18% na Para\u00edba"},"content":{"rendered":"\n<!--\u2014 \n     Id: 7399 \n     Campanha:  MAIO AMARELO DETRAN\n     Server: Metrike \n     Ve\u00edculo:  POLITICIANDO \n     Cliente:  GOV PB   \n     Formato: POLITICIANDO - 728X90 \n     Data de Veicula\u00e7\u00e3o: 05\/05\/2023 - 31\/05\/2023\n     \u2014-->\n     <ins data-revive-zoneid=\"7399\" data-revive-id=\"566f260197bf822e7263f1a3667caa2f\"><\/ins>\n     <script async=\"\" src=\"\/\/ads.metrike.com\/asyncjs.php\"><\/script>\n     <!--\u2014 FIM TAG \u2014-->\n\n\n\n<h4 class=\"wp-block-heading\">Todo ano 100 s\u00e3o munic\u00edpios ser\u00e3o contemplados de acordo com os resultados das avalia\u00e7\u00f5es de profici\u00eancia.<\/h4>\n\n\n\n<figure class=\"wp-block-image\"><img decoding=\"async\" src=\"https:\/\/img.cmswebsg.com.br\/pautareal.com\/image?src=https:\/\/pautareal.com\/images\/noticias\/306\/12062558_gettyimage.jpg&amp;w=1200&amp;h=630&amp;output=webp\" alt=\"\"\/><\/figure>\n\n\n\n<!--\u2014 \n     Id: 7399 \n     Campanha:  MAIO AMARELO DETRAN\n     Server: Metrike \n     Ve\u00edculo:  POLITICIANDO \n     Cliente:  GOV PB   \n     Formato: POLITICIANDO - 728X90 \n     Data de Veicula\u00e7\u00e3o: 05\/05\/2023 - 31\/05\/2023\n     \u2014-->\n     <ins data-revive-zoneid=\"7399\" data-revive-id=\"566f260197bf822e7263f1a3667caa2f\"><\/ins>\n     <script async=\"\" src=\"\/\/ads.metrike.com\/asyncjs.php\"><\/script>\n     <!--\u2014 FIM TAG \u2014-->\n\n\n\n<p>O Governo da Para\u00edba elevou de 10 para 18% o valor destinado aos munic\u00edpios investirem na educa\u00e7\u00e3o transferido do Imposto sobre Opera\u00e7\u00f5es Relativas \u00e0 Circula\u00e7\u00e3o de Mercadorias e sobre Presta\u00e7\u00f5es de Servi\u00e7os de Transporte Interestadual e Intermunicipal e de Comunica\u00e7\u00e3o &#8211; ICMS, o chamado \u201cICMS da Educa\u00e7\u00e3o\u201d. O Decreto n\u00ba 45.139 regulamentou a Lei n.\u00ba 12.373, de 8 de agosto de 2022, e que disciplina o c\u00e1lculo do \u00cdndice de Participa\u00e7\u00e3o dos Munic\u00edpios (IPM) foi publicado nesta ter\u00e7a-feira (10), no Di\u00e1rio Oficial do Estado.<\/p>\n\n\n\n<p>As escolas p\u00fablicas da Rede Municipal e da Rede Estadual passaram por crit\u00e9rios de avalia\u00e7\u00e3o para participar do Pr\u00eamio Escola Refer\u00eancia em Aprendizagem. Ser\u00e3o 100 escolas premiadas com o incentivo. Este ano j\u00e1 houve o repasse referente ao ano de 2023 mediante os resultados obtidos dos munic\u00edpios que obtiveram o Selo do Munic\u00edpio Alfabetizador.&nbsp;<\/p>\n\n\n\n<p>De acordo com o documento, os 18% distribu\u00eddos s\u00e3o referentes ao crit\u00e9rio educacional em fun\u00e7\u00e3o do \u00cdndice de Desenvolvimento Escolar (IDE) de cada munic\u00edpio, formado pela taxa de aprova\u00e7\u00e3o dos estudantes do 1\u00ba ao 5\u00ba ano do Ensino Fundamental e pela m\u00e9dia obtida pelos estudantes do 2\u00ba e 5\u00ba anos das Redes Municipais nas avalia\u00e7\u00f5es.<\/p>\n\n\n\n<p>O decreto leva em considera\u00e7\u00e3o a implementa\u00e7\u00e3o do Programa Alfabetiza Mais Para\u00edba &#8211; Pacto Estadual pela Alfabetiza\u00e7\u00e3o na Idade Certa em regime de colabora\u00e7\u00e3o t\u00e9cnica e financeira para com os munic\u00edpios paraibanos e a participa\u00e7\u00e3o do Sistema de Avalia\u00e7\u00e3o da Educa\u00e7\u00e3o B\u00e1sica do Estado da Para\u00edba (SIAVE-PB).<\/p>\n\n\n\n<p>\u201cEsses resultados s\u00e3o voltados para alunos da alfabetiza\u00e7\u00e3o onde tem uma avalia\u00e7\u00e3o por meio do Caed que avalia todo o contexto nacional e as condicionalidades de profici\u00eancia&nbsp; dos alunos com a matem\u00e1tica e portugu\u00eas. A leitura \u00e9 onde vai designar onde voc\u00ea pode melhorar para compreender e ler bem para dominar de verdade as especificidades das pr\u00f3ximas habilidades\u201d, detalhou o secret\u00e1rio executivo de Coopera\u00e7\u00e3o com os Munic\u00edpios da SEE-PB, Erivonaldo Alves.<\/p>\n\n\n\n<p>Ainda de acordo com o secret\u00e1rio, a avalia\u00e7\u00e3o de profici\u00eancia de portugu\u00eas e matem\u00e1tica, equidade e a taxa de participa\u00e7\u00e3o deve atingir no m\u00ednimo 85%.<\/p>\n\n\n\n<p>\u201cEstamos refor\u00e7ando na taxa da equidade, pois \u00e9 nosso dever e nosso comprometimento em ofertar mais para quem mais precisa principalmente para aqueles alunos vulner\u00e1veis. A educa\u00e7\u00e3o \u00e9 isso levar de fato a transforma\u00e7\u00e3o e nosso foco \u00e9 que todos tenham direito \u00e0 alfabetiza\u00e7\u00e3o\u201d, disse.<\/p>\n","protected":false},"excerpt":{"rendered":"<p>Todo ano 100 s\u00e3o munic\u00edpios ser\u00e3o contemplados de acordo com os resultados das avalia\u00e7\u00f5es de profici\u00eancia. O Governo da Para\u00edba<\/p>\n","protected":false},"author":1,"featured_media":6396,"comment_status":"open","ping_status":"open","sticky":false,"template":"","format":"standard","meta":{"colormag_page_container_layout":"default_layout","colormag_page_sidebar_layout":"default_layout","_monsterinsights_skip_tracking":false,"_monsterinsights_sitenote_active":false,"_monsterinsights_sitenote_note":"","_monsterinsights_sitenote_category":0,"_jetpack_memberships_contains_paid_content":false,"footnotes":""},"categories":[1],"tags":[],"class_list":["post-6395","post","type-post","status-publish","format-standard","has-post-thumbnail","hentry","category-economia"],"yoast_head":"<!-- This site is optimized with the Yoast SEO plugin v16.3 - https:\/\/yoast.com\/wordpress\/plugins\/seo\/ -->\n<title>Percentual do ICMS destinado a educa\u00e7\u00e3o sobe de 10 para 18% na Para\u00edba - Politiciando<\/title>\n<meta name=\"robots\" content=\"index, follow, max-snippet:-1, max-image-preview:large, max-video-preview:-1\" \/>\n<link rel=\"canonical\" href=\"https:\/\/politiciando.com.br\/?p=6395\" \/>\n<meta property=\"og:locale\" content=\"pt_BR\" \/>\n<meta property=\"og:type\" content=\"article\" \/>\n<meta property=\"og:title\" content=\"Percentual do ICMS destinado a educa\u00e7\u00e3o sobe de 10 para 18% na Para\u00edba - Politiciando\" \/>\n<meta property=\"og:description\" content=\"Todo ano 100 s\u00e3o munic\u00edpios ser\u00e3o contemplados de acordo com os resultados das avalia\u00e7\u00f5es de profici\u00eancia. O Governo da Para\u00edba\" \/>\n<meta property=\"og:url\" content=\"https:\/\/politiciando.com.br\/?p=6395\" \/>\n<meta property=\"og:site_name\" content=\"Politiciando\" \/>\n<meta property=\"article:publisher\" content=\"https:\/\/www.facebook.com\/Politician\" \/>\n<meta property=\"article:published_time\" content=\"2024-06-13T12:14:29+00:00\" \/>\n<meta property=\"article:modified_time\" content=\"2024-06-13T12:14:31+00:00\" \/>\n<meta property=\"og:image\" content=\"https:\/\/politiciando.com.br\/wp-content\/uploads\/2024\/06\/Sem-titulo.jpg\" \/>\n\t<meta property=\"og:image:width\" content=\"785\" \/>\n\t<meta property=\"og:image:height\" content=\"434\" \/>\n<meta name=\"twitter:card\" content=\"summary_large_image\" \/>\n<meta name=\"twitter:creator\" content=\"@politiciando\" \/>\n<meta name=\"twitter:site\" content=\"@politiciando\" \/>\n<meta name=\"twitter:label1\" content=\"Est. tempo de leitura\">\n\t<meta name=\"twitter:data1\" content=\"2 minutos\">\n<script type=\"application\/ld+json\" class=\"yoast-schema-graph\">{\"@context\":\"https:\/\/schema.org\",\"@graph\":[{\"@type\":\"WebSite\",\"@id\":\"https:\/\/politiciando.com.br\/#website\",\"url\":\"https:\/\/politiciando.com.br\/\",\"name\":\"Politiciando\",\"description\":\"A Not\\u00edcia como tem que ser!\",\"potentialAction\":[{\"@type\":\"SearchAction\",\"target\":\"https:\/\/politiciando.com.br\/?s={search_term_string}\",\"query-input\":\"required name=search_term_string\"}],\"inLanguage\":\"pt-BR\"},{\"@type\":\"ImageObject\",\"@id\":\"https:\/\/politiciando.com.br\/?p=6395#primaryimage\",\"inLanguage\":\"pt-BR\",\"url\":\"https:\/\/politiciando.com.br\/wp-content\/uploads\/2024\/06\/Sem-titulo.jpg\",\"contentUrl\":\"https:\/\/politiciando.com.br\/wp-content\/uploads\/2024\/06\/Sem-titulo.jpg\",\"width\":785,\"height\":434},{\"@type\":\"WebPage\",\"@id\":\"https:\/\/politiciando.com.br\/?p=6395#webpage\",\"url\":\"https:\/\/politiciando.com.br\/?p=6395\",\"name\":\"Percentual do ICMS destinado a educa\\u00e7\\u00e3o sobe de 10 para 18% na Para\\u00edba - Politiciando\",\"isPartOf\":{\"@id\":\"https:\/\/politiciando.com.br\/#website\"},\"primaryImageOfPage\":{\"@id\":\"https:\/\/politiciando.com.br\/?p=6395#primaryimage\"},\"datePublished\":\"2024-06-13T12:14:29+00:00\",\"dateModified\":\"2024-06-13T12:14:31+00:00\",\"author\":{\"@id\":\"https:\/\/politiciando.com.br\/#\/schema\/person\/be8395b998f06b83e7b3a1d9567ff61b\"},\"breadcrumb\":{\"@id\":\"https:\/\/politiciando.com.br\/?p=6395#breadcrumb\"},\"inLanguage\":\"pt-BR\",\"potentialAction\":[{\"@type\":\"ReadAction\",\"target\":[\"https:\/\/politiciando.com.br\/?p=6395\"]}]},{\"@type\":\"BreadcrumbList\",\"@id\":\"https:\/\/politiciando.com.br\/?p=6395#breadcrumb\",\"itemListElement\":[{\"@type\":\"ListItem\",\"position\":1,\"item\":{\"@type\":\"WebPage\",\"@id\":\"https:\/\/politiciando.com.br\/\",\"url\":\"https:\/\/politiciando.com.br\/\",\"name\":\"Home\"}},{\"@type\":\"ListItem\",\"position\":2,\"item\":{\"@id\":\"https:\/\/politiciando.com.br\/?p=6395#webpage\"}}]},{\"@type\":\"Person\",\"@id\":\"https:\/\/politiciando.com.br\/#\/schema\/person\/be8395b998f06b83e7b3a1d9567ff61b\",\"name\":\"redacaopoliticiando\",\"image\":{\"@type\":\"ImageObject\",\"@id\":\"https:\/\/politiciando.com.br\/#personlogo\",\"inLanguage\":\"pt-BR\",\"url\":\"https:\/\/secure.gravatar.com\/avatar\/6cfd6b7f4d5132d5b42f746a58e576a9ab04eae227797efa7fdd7a4aeb90ca9c?s=96&d=mm&r=g\",\"contentUrl\":\"https:\/\/secure.gravatar.com\/avatar\/6cfd6b7f4d5132d5b42f746a58e576a9ab04eae227797efa7fdd7a4aeb90ca9c?s=96&d=mm&r=g\",\"caption\":\"redacaopoliticiando\"},\"sameAs\":[\"https:\/\/politiciando.com.br\"],\"url\":\"https:\/\/politiciando.com.br\/?author=1\"}]}<\/script>\n<!-- \/ Yoast SEO plugin. -->","jetpack_featured_media_url":"https:\/\/politiciando.com.br\/wp-content\/uploads\/2024\/06\/Sem-titulo.jpg","jetpack_sharing_enabled":true,"_links":{"self":[{"href":"https:\/\/politiciando.com.br\/index.php?rest_route=\/wp\/v2\/posts\/6395","targetHints":{"allow":["GET"]}}],"collection":[{"href":"https:\/\/politiciando.com.br\/index.php?rest_route=\/wp\/v2\/posts"}],"about":[{"href":"https:\/\/politiciando.com.br\/index.php?rest_route=\/wp\/v2\/types\/post"}],"author":[{"embeddable":true,"href":"https:\/\/politiciando.com.br\/index.php?rest_route=\/wp\/v2\/users\/1"}],"replies":[{"embeddable":true,"href":"https:\/\/politiciando.com.br\/index.php?rest_route=%2Fwp%2Fv2%2Fcomments&post=6395"}],"version-history":[{"count":1,"href":"https:\/\/politiciando.com.br\/index.php?rest_route=\/wp\/v2\/posts\/6395\/revisions"}],"predecessor-version":[{"id":6397,"href":"https:\/\/politiciando.com.br\/index.php?rest_route=\/wp\/v2\/posts\/6395\/revisions\/6397"}],"wp:featuredmedia":[{"embeddable":true,"href":"https:\/\/politiciando.com.br\/index.php?rest_route=\/wp\/v2\/media\/6396"}],"wp:attachment":[{"href":"https:\/\/politiciando.com.br\/index.php?rest_route=%2Fwp%2Fv2%2Fmedia&parent=6395"}],"wp:term":[{"taxonomy":"category","embeddable":true,"href":"https:\/\/politiciando.com.br\/index.php?rest_route=%2Fwp%2Fv2%2Fcategories&post=6395"},{"taxonomy":"post_tag","embeddable":true,"href":"https:\/\/politiciando.com.br\/index.php?rest_route=%2Fwp%2Fv2%2Ftags&post=6395"}],"curies":[{"name":"wp","href":"https:\/\/api.w.org\/{rel}","templated":true}]}}