{"id":659,"date":"2020-09-17T08:34:02","date_gmt":"2020-09-17T11:34:02","guid":{"rendered":"https:\/\/politiciando.com.br\/?p=659"},"modified":"2020-09-17T08:34:03","modified_gmt":"2020-09-17T11:34:03","slug":"pt-retira-candidatura-em-jp-para-apoiar-ricardo","status":"publish","type":"post","link":"https:\/\/politiciando.com.br\/?p=659","title":{"rendered":"PT retira candidatura em JP para apoiar Ricardo"},"content":{"rendered":"\n<p>O Diret\u00f3rio Nacional do Partido dos Trabalhadores (PT) interveio, na noite da quarta-feira (16), na decis\u00e3o do partido na Para\u00edba, que escolheu An\u00edsio Maia para disputar a Prefeitura de Jo\u00e3o Pessoa. Ap\u00f3s vota\u00e7\u00e3o, ficou decido pela retirada do nome de An\u00edsio e apoio a candidatura do ex-governador Ricardo Coutinho, do PSB.<\/p>\n\n\n\n<figure class=\"wp-block-image size-large\"><img loading=\"lazy\" decoding=\"async\" width=\"719\" height=\"457\" src=\"https:\/\/politiciando.com.br\/wp-content\/uploads\/2020\/09\/20200917_082937.png\" alt=\"\" class=\"wp-image-660\" srcset=\"https:\/\/politiciando.com.br\/wp-content\/uploads\/2020\/09\/20200917_082937.png 719w, https:\/\/politiciando.com.br\/wp-content\/uploads\/2020\/09\/20200917_082937-300x191.png 300w\" sizes=\"auto, (max-width: 719px) 100vw, 719px\" \/><\/figure>\n\n\n\n<p>A vota\u00e7\u00e3o teve resultado de 52\u00d713. Agora, An\u00edsio deve retirar sua candidatura na capital paraibana, que foi homologada durante conven\u00e7\u00e3o, nessa quarta-feira (16).<\/p>\n\n\n\n<p>O ex-governador Ricardo Coutinho anunciou e confirmou seu nome \u00e0 Prefeitura de Jo\u00e3o Pessoa no pleito eleitoral deste ano na quarta-feira (16), \u00faltimo dia para a realiza\u00e7\u00e3o das conven\u00e7\u00f5es partid\u00e1rias. O nome do vice-prefeito n\u00e3o foi informado.<\/p>\n\n\n\n<p>paraibaja<\/p>\n","protected":false},"excerpt":{"rendered":"<p>O Diret\u00f3rio Nacional do Partido dos Trabalhadores (PT) interveio, na noite da quarta-feira (16), na decis\u00e3o do partido na Para\u00edba,<\/p>\n","protected":false},"author":2,"featured_media":660,"comment_status":"open","ping_status":"open","sticky":true,"template":"","format":"standard","meta":{"colormag_page_container_layout":"default_layout","colormag_page_sidebar_layout":"default_layout","_monsterinsights_skip_tracking":false,"_monsterinsights_sitenote_active":false,"_monsterinsights_sitenote_note":"","_monsterinsights_sitenote_category":0,"_jetpack_memberships_contains_paid_content":false,"footnotes":""},"categories":[5],"tags":[],"class_list":["post-659","post","type-post","status-publish","format-standard","has-post-thumbnail","hentry","category-politica"],"yoast_head":"<!-- This site is optimized with the Yoast SEO plugin v16.3 - https:\/\/yoast.com\/wordpress\/plugins\/seo\/ -->\n<title>PT retira candidatura em JP para apoiar Ricardo - Politiciando<\/title>\n<meta name=\"robots\" content=\"index, follow, max-snippet:-1, max-image-preview:large, max-video-preview:-1\" \/>\n<link rel=\"canonical\" href=\"https:\/\/politiciando.com.br\/?p=659\" \/>\n<meta property=\"og:locale\" content=\"pt_BR\" \/>\n<meta property=\"og:type\" content=\"article\" \/>\n<meta property=\"og:title\" content=\"PT retira candidatura em JP para apoiar Ricardo - Politiciando\" \/>\n<meta property=\"og:description\" content=\"O Diret\u00f3rio Nacional do Partido dos Trabalhadores (PT) interveio, na noite da quarta-feira (16), na decis\u00e3o do partido na Para\u00edba,\" \/>\n<meta property=\"og:url\" content=\"https:\/\/politiciando.com.br\/?p=659\" \/>\n<meta property=\"og:site_name\" content=\"Politiciando\" \/>\n<meta property=\"article:publisher\" content=\"https:\/\/www.facebook.com\/Politician\" \/>\n<meta property=\"article:published_time\" content=\"2020-09-17T11:34:02+00:00\" \/>\n<meta property=\"article:modified_time\" content=\"2020-09-17T11:34:03+00:00\" \/>\n<meta property=\"og:image\" content=\"https:\/\/politiciando.com.br\/wp-content\/uploads\/2020\/09\/20200917_082937.png\" \/>\n\t<meta property=\"og:image:width\" content=\"719\" \/>\n\t<meta property=\"og:image:height\" content=\"457\" \/>\n<meta name=\"twitter:card\" content=\"summary_large_image\" \/>\n<meta name=\"twitter:creator\" content=\"@politiciando\" \/>\n<meta name=\"twitter:site\" content=\"@politiciando\" \/>\n<meta name=\"twitter:label1\" content=\"Est. tempo de leitura\">\n\t<meta name=\"twitter:data1\" content=\"1 minuto\">\n<script type=\"application\/ld+json\" class=\"yoast-schema-graph\">{\"@context\":\"https:\/\/schema.org\",\"@graph\":[{\"@type\":\"WebSite\",\"@id\":\"https:\/\/politiciando.com.br\/#website\",\"url\":\"https:\/\/politiciando.com.br\/\",\"name\":\"Politiciando\",\"description\":\"A Not\\u00edcia como tem que ser!\",\"potentialAction\":[{\"@type\":\"SearchAction\",\"target\":\"https:\/\/politiciando.com.br\/?s={search_term_string}\",\"query-input\":\"required name=search_term_string\"}],\"inLanguage\":\"pt-BR\"},{\"@type\":\"ImageObject\",\"@id\":\"https:\/\/politiciando.com.br\/?p=659#primaryimage\",\"inLanguage\":\"pt-BR\",\"url\":\"https:\/\/politiciando.com.br\/wp-content\/uploads\/2020\/09\/20200917_082937.png\",\"contentUrl\":\"https:\/\/politiciando.com.br\/wp-content\/uploads\/2020\/09\/20200917_082937.png\",\"width\":719,\"height\":457},{\"@type\":\"WebPage\",\"@id\":\"https:\/\/politiciando.com.br\/?p=659#webpage\",\"url\":\"https:\/\/politiciando.com.br\/?p=659\",\"name\":\"PT retira candidatura em JP para apoiar Ricardo - Politiciando\",\"isPartOf\":{\"@id\":\"https:\/\/politiciando.com.br\/#website\"},\"primaryImageOfPage\":{\"@id\":\"https:\/\/politiciando.com.br\/?p=659#primaryimage\"},\"datePublished\":\"2020-09-17T11:34:02+00:00\",\"dateModified\":\"2020-09-17T11:34:03+00:00\",\"author\":{\"@id\":\"https:\/\/politiciando.com.br\/#\/schema\/person\/1f3ad5faaad9395b58750d8abce6d65c\"},\"breadcrumb\":{\"@id\":\"https:\/\/politiciando.com.br\/?p=659#breadcrumb\"},\"inLanguage\":\"pt-BR\",\"potentialAction\":[{\"@type\":\"ReadAction\",\"target\":[\"https:\/\/politiciando.com.br\/?p=659\"]}]},{\"@type\":\"BreadcrumbList\",\"@id\":\"https:\/\/politiciando.com.br\/?p=659#breadcrumb\",\"itemListElement\":[{\"@type\":\"ListItem\",\"position\":1,\"item\":{\"@type\":\"WebPage\",\"@id\":\"https:\/\/politiciando.com.br\/\",\"url\":\"https:\/\/politiciando.com.br\/\",\"name\":\"Home\"}},{\"@type\":\"ListItem\",\"position\":2,\"item\":{\"@id\":\"https:\/\/politiciando.com.br\/?p=659#webpage\"}}]},{\"@type\":\"Person\",\"@id\":\"https:\/\/politiciando.com.br\/#\/schema\/person\/1f3ad5faaad9395b58750d8abce6d65c\",\"name\":\"Tiago Ferreira\",\"image\":{\"@type\":\"ImageObject\",\"@id\":\"https:\/\/politiciando.com.br\/#personlogo\",\"inLanguage\":\"pt-BR\",\"url\":\"https:\/\/secure.gravatar.com\/avatar\/51334a3339a0cd0c3197168288e4d0c8c43eb338925f20ebf8a86dcc8ed5b535?s=96&d=mm&r=g\",\"contentUrl\":\"https:\/\/secure.gravatar.com\/avatar\/51334a3339a0cd0c3197168288e4d0c8c43eb338925f20ebf8a86dcc8ed5b535?s=96&d=mm&r=g\",\"caption\":\"Tiago Ferreira\"},\"url\":\"https:\/\/politiciando.com.br\/?author=2\"}]}<\/script>\n<!-- \/ Yoast SEO plugin. -->","jetpack_featured_media_url":"https:\/\/politiciando.com.br\/wp-content\/uploads\/2020\/09\/20200917_082937.png","jetpack_sharing_enabled":true,"_links":{"self":[{"href":"https:\/\/politiciando.com.br\/index.php?rest_route=\/wp\/v2\/posts\/659","targetHints":{"allow":["GET"]}}],"collection":[{"href":"https:\/\/politiciando.com.br\/index.php?rest_route=\/wp\/v2\/posts"}],"about":[{"href":"https:\/\/politiciando.com.br\/index.php?rest_route=\/wp\/v2\/types\/post"}],"author":[{"embeddable":true,"href":"https:\/\/politiciando.com.br\/index.php?rest_route=\/wp\/v2\/users\/2"}],"replies":[{"embeddable":true,"href":"https:\/\/politiciando.com.br\/index.php?rest_route=%2Fwp%2Fv2%2Fcomments&post=659"}],"version-history":[{"count":1,"href":"https:\/\/politiciando.com.br\/index.php?rest_route=\/wp\/v2\/posts\/659\/revisions"}],"predecessor-version":[{"id":661,"href":"https:\/\/politiciando.com.br\/index.php?rest_route=\/wp\/v2\/posts\/659\/revisions\/661"}],"wp:featuredmedia":[{"embeddable":true,"href":"https:\/\/politiciando.com.br\/index.php?rest_route=\/wp\/v2\/media\/660"}],"wp:attachment":[{"href":"https:\/\/politiciando.com.br\/index.php?rest_route=%2Fwp%2Fv2%2Fmedia&parent=659"}],"wp:term":[{"taxonomy":"category","embeddable":true,"href":"https:\/\/politiciando.com.br\/index.php?rest_route=%2Fwp%2Fv2%2Fcategories&post=659"},{"taxonomy":"post_tag","embeddable":true,"href":"https:\/\/politiciando.com.br\/index.php?rest_route=%2Fwp%2Fv2%2Ftags&post=659"}],"curies":[{"name":"wp","href":"https:\/\/api.w.org\/{rel}","templated":true}]}}