{"id":667,"date":"2020-09-19T10:29:44","date_gmt":"2020-09-19T13:29:44","guid":{"rendered":"https:\/\/politiciando.com.br\/?p=667"},"modified":"2020-09-19T10:29:47","modified_gmt":"2020-09-19T13:29:47","slug":"paraiba-aparece-como-segundo-estado-mais-competitivo-com-destaques-na-seguranca-e-garantia-dagua","status":"publish","type":"post","link":"https:\/\/politiciando.com.br\/?p=667","title":{"rendered":"Para\u00edba aparece como segundo estado mais competitivo com destaques na seguran\u00e7a e garantia d&#8217;agua"},"content":{"rendered":"\n<p>Para\u00edba \u00e9 o segundo Estado mais competitivo do Nordeste, de acordo com o Ranking de Competitividade dos Estados, elaborado pelo Centro de Lideran\u00e7a P\u00fablica (CLP) e divulgado nesta quinta-feira (17), em solenidade virtual, que contou com a participa\u00e7\u00e3o do governador Jo\u00e3o Azev\u00eado.<br><br>O Estado tamb\u00e9m se destacou na modalidade Boas Pr\u00e1ticas, com as a\u00e7\u00f5es desenvolvidas pelo Projeto de Desenvolvimento Sustent\u00e1vel do Cariri, Serid\u00f3 e Curimata\u00fa (Procase), ficando entre os seis finalistas entre os 156 cases inscritos pelas gest\u00f5es estaduais no Pr\u00eamio Excel\u00eancia em Competitividade.<br><br>Durante a 9\u00aa edi\u00e7\u00e3o do Ranking de Competitividade dos Estados, o governador Jo\u00e3o Azev\u00eado destacou que o Procase assegurou a implanta\u00e7\u00e3o de a\u00e7\u00f5es de infraestrutura h\u00eddrica nas regi\u00f5es do Cariri e Curimata\u00fa, por meio da perfura\u00e7\u00e3o de po\u00e7os, implanta\u00e7\u00e3o de dessalinizadores, de barragens subterr\u00e2neas e da distribui\u00e7\u00e3o de kits de irriga\u00e7\u00e3o.\u00a0<br><br>\u201cA Para\u00edba \u00e9 um estado que tem praticamente 90% dos seus munic\u00edpios dentro da regi\u00e3o do semi\u00e1rido, o que caracteriza uma necessidade de uma atua\u00e7\u00e3o diferenciada para cerca de 60% da popula\u00e7\u00e3o e, por meio do programa Procase, em parceria com o Fida, n\u00f3s fizemos um investimento de US$ 50 milh\u00f5es, beneficiando 23 mil fam\u00edlias em \u00e1reas de seguran\u00e7a h\u00eddrica para a produ\u00e7\u00e3o, comercializa\u00e7\u00e3o, treinamento, capacita\u00e7\u00e3o\u00a0 e a cria\u00e7\u00e3o de uma consci\u00eancia ambiental para que a gente pudesse reverter os \u00edndices de pobreza e de baixa produtividade nas regi\u00f5es do Cariri e Curimata\u00fa\u201d, explicou.<br><br>O gestor tamb\u00e9m ressaltou o car\u00e1ter inclusivo do projeto. \u201cQuase metade dos beneficiados foram fam\u00edlias administradas por mulheres empreendedoras. Tivemos um olhar diferenciado para os quilombolas e para os jovens do campo para que eles tivessem acesso \u00e0s novas tecnologias, garantindo uma produ\u00e7\u00e3o mais qualificada, o que resultou no aumento da gera\u00e7\u00e3o de renda\u201d, disse.<br><br>Na oportunidade, o chefe do Executivo estadual ainda participou de um painel sobre Seguran\u00e7a P\u00fablica e destacou a efici\u00eancia das a\u00e7\u00f5es implantadas no segmento, levando a Para\u00edba a figurar na quinta coloca\u00e7\u00e3o no pilar da seguran\u00e7a em 2020. \u201cN\u00f3s estamos realizando muitos investimentos em intelig\u00eancia e tecnologia, estamos implantando os Centros Integrados de Comando e Controle, envolvendo a atua\u00e7\u00e3o de 14 Secretarias, e instalando cerca de duas mil c\u00e2meras em todo o Estado, permitindo que esse trabalho tenha resultados significativos\u201d, frisou.<br><br>Por fim, ele evidenciou que a Para\u00edba figura em primeiro lugar no Brasil em rela\u00e7\u00e3o \u00e0 oferta de servi\u00e7os digitais e tamb\u00e9m ocupa a primeira posi\u00e7\u00e3o no registro das medidas de gest\u00e3o p\u00fablica adotadas na plataforma on-line do Conselho Nacional de Secret\u00e1rios Estaduais de Administra\u00e7\u00e3o e Planejamento (Consad) para enfrentamento da pandemia provocada pela Covid-19, al\u00e9m de possuir rating B pela Secretaria do Tesouro Nacional (STN).<br><br>Ranking de Competitividade &#8211; O ranking apresenta a an\u00e1lise e capacidade competitiva de todos os estados brasileiros, al\u00e9m do Distrito Federal, agrupados em 10 pilares. A entidade analisa os itens de infraestrutura, educa\u00e7\u00e3o, capital humano, sustentabilidade ambiental, seguran\u00e7a p\u00fablica, sustentabilidade social, solidez fiscal, potencial de mercado, inova\u00e7\u00e3o e efici\u00eancia da m\u00e1quina p\u00fablica.<br><br>GovPB<\/p>\n\n\n\n<figure class=\"wp-block-image size-large\"><img loading=\"lazy\" decoding=\"async\" width=\"768\" height=\"468\" src=\"https:\/\/politiciando.com.br\/wp-content\/uploads\/2020\/09\/18c2d12f-0915-460b-843e-0c3f323f8499.jpeg\" alt=\"\" class=\"wp-image-668\" srcset=\"https:\/\/politiciando.com.br\/wp-content\/uploads\/2020\/09\/18c2d12f-0915-460b-843e-0c3f323f8499.jpeg 768w, https:\/\/politiciando.com.br\/wp-content\/uploads\/2020\/09\/18c2d12f-0915-460b-843e-0c3f323f8499-300x183.jpeg 300w\" sizes=\"auto, (max-width: 768px) 100vw, 768px\" \/><figcaption>foto: GovPB<\/figcaption><\/figure>\n","protected":false},"excerpt":{"rendered":"<p>Para\u00edba \u00e9 o segundo Estado mais competitivo do Nordeste, de acordo com o Ranking de Competitividade dos Estados, elaborado pelo<\/p>\n","protected":false},"author":2,"featured_media":668,"comment_status":"open","ping_status":"open","sticky":true,"template":"","format":"standard","meta":{"colormag_page_container_layout":"default_layout","colormag_page_sidebar_layout":"default_layout","_monsterinsights_skip_tracking":false,"_monsterinsights_sitenote_active":false,"_monsterinsights_sitenote_note":"","_monsterinsights_sitenote_category":0,"_jetpack_memberships_contains_paid_content":false,"footnotes":""},"categories":[5],"tags":[],"class_list":["post-667","post","type-post","status-publish","format-standard","has-post-thumbnail","hentry","category-politica"],"yoast_head":"<!-- This site is optimized with the Yoast SEO plugin v16.3 - https:\/\/yoast.com\/wordpress\/plugins\/seo\/ -->\n<title>Para\u00edba aparece como segundo estado mais competitivo com destaques na seguran\u00e7a e garantia d&#039;agua - Politiciando<\/title>\n<meta name=\"robots\" content=\"index, follow, max-snippet:-1, max-image-preview:large, max-video-preview:-1\" \/>\n<link rel=\"canonical\" href=\"https:\/\/politiciando.com.br\/?p=667\" \/>\n<meta property=\"og:locale\" content=\"pt_BR\" \/>\n<meta property=\"og:type\" content=\"article\" \/>\n<meta property=\"og:title\" content=\"Para\u00edba aparece como segundo estado mais competitivo com destaques na seguran\u00e7a e garantia d&#039;agua - Politiciando\" \/>\n<meta property=\"og:description\" content=\"Para\u00edba \u00e9 o segundo Estado mais competitivo do Nordeste, de acordo com o Ranking de Competitividade dos Estados, elaborado pelo\" \/>\n<meta property=\"og:url\" content=\"https:\/\/politiciando.com.br\/?p=667\" \/>\n<meta property=\"og:site_name\" content=\"Politiciando\" \/>\n<meta property=\"article:publisher\" content=\"https:\/\/www.facebook.com\/Politician\" \/>\n<meta property=\"article:published_time\" content=\"2020-09-19T13:29:44+00:00\" \/>\n<meta property=\"article:modified_time\" content=\"2020-09-19T13:29:47+00:00\" \/>\n<meta property=\"og:image\" content=\"https:\/\/politiciando.com.br\/wp-content\/uploads\/2020\/09\/18c2d12f-0915-460b-843e-0c3f323f8499.jpeg\" \/>\n\t<meta property=\"og:image:width\" content=\"768\" \/>\n\t<meta property=\"og:image:height\" content=\"468\" \/>\n<meta name=\"twitter:card\" content=\"summary_large_image\" \/>\n<meta name=\"twitter:creator\" content=\"@politiciando\" \/>\n<meta name=\"twitter:site\" content=\"@politiciando\" \/>\n<meta name=\"twitter:label1\" content=\"Est. tempo de leitura\">\n\t<meta name=\"twitter:data1\" content=\"3 minutos\">\n<script type=\"application\/ld+json\" class=\"yoast-schema-graph\">{\"@context\":\"https:\/\/schema.org\",\"@graph\":[{\"@type\":\"WebSite\",\"@id\":\"https:\/\/politiciando.com.br\/#website\",\"url\":\"https:\/\/politiciando.com.br\/\",\"name\":\"Politiciando\",\"description\":\"A Not\\u00edcia como tem que ser!\",\"potentialAction\":[{\"@type\":\"SearchAction\",\"target\":\"https:\/\/politiciando.com.br\/?s={search_term_string}\",\"query-input\":\"required name=search_term_string\"}],\"inLanguage\":\"pt-BR\"},{\"@type\":\"ImageObject\",\"@id\":\"https:\/\/politiciando.com.br\/?p=667#primaryimage\",\"inLanguage\":\"pt-BR\",\"url\":\"https:\/\/politiciando.com.br\/wp-content\/uploads\/2020\/09\/18c2d12f-0915-460b-843e-0c3f323f8499.jpeg\",\"contentUrl\":\"https:\/\/politiciando.com.br\/wp-content\/uploads\/2020\/09\/18c2d12f-0915-460b-843e-0c3f323f8499.jpeg\",\"width\":768,\"height\":468},{\"@type\":\"WebPage\",\"@id\":\"https:\/\/politiciando.com.br\/?p=667#webpage\",\"url\":\"https:\/\/politiciando.com.br\/?p=667\",\"name\":\"Para\\u00edba aparece como segundo estado mais competitivo com destaques na seguran\\u00e7a e garantia d'agua - Politiciando\",\"isPartOf\":{\"@id\":\"https:\/\/politiciando.com.br\/#website\"},\"primaryImageOfPage\":{\"@id\":\"https:\/\/politiciando.com.br\/?p=667#primaryimage\"},\"datePublished\":\"2020-09-19T13:29:44+00:00\",\"dateModified\":\"2020-09-19T13:29:47+00:00\",\"author\":{\"@id\":\"https:\/\/politiciando.com.br\/#\/schema\/person\/1f3ad5faaad9395b58750d8abce6d65c\"},\"breadcrumb\":{\"@id\":\"https:\/\/politiciando.com.br\/?p=667#breadcrumb\"},\"inLanguage\":\"pt-BR\",\"potentialAction\":[{\"@type\":\"ReadAction\",\"target\":[\"https:\/\/politiciando.com.br\/?p=667\"]}]},{\"@type\":\"BreadcrumbList\",\"@id\":\"https:\/\/politiciando.com.br\/?p=667#breadcrumb\",\"itemListElement\":[{\"@type\":\"ListItem\",\"position\":1,\"item\":{\"@type\":\"WebPage\",\"@id\":\"https:\/\/politiciando.com.br\/\",\"url\":\"https:\/\/politiciando.com.br\/\",\"name\":\"Home\"}},{\"@type\":\"ListItem\",\"position\":2,\"item\":{\"@id\":\"https:\/\/politiciando.com.br\/?p=667#webpage\"}}]},{\"@type\":\"Person\",\"@id\":\"https:\/\/politiciando.com.br\/#\/schema\/person\/1f3ad5faaad9395b58750d8abce6d65c\",\"name\":\"Tiago Ferreira\",\"image\":{\"@type\":\"ImageObject\",\"@id\":\"https:\/\/politiciando.com.br\/#personlogo\",\"inLanguage\":\"pt-BR\",\"url\":\"https:\/\/secure.gravatar.com\/avatar\/51334a3339a0cd0c3197168288e4d0c8c43eb338925f20ebf8a86dcc8ed5b535?s=96&d=mm&r=g\",\"contentUrl\":\"https:\/\/secure.gravatar.com\/avatar\/51334a3339a0cd0c3197168288e4d0c8c43eb338925f20ebf8a86dcc8ed5b535?s=96&d=mm&r=g\",\"caption\":\"Tiago Ferreira\"},\"url\":\"https:\/\/politiciando.com.br\/?author=2\"}]}<\/script>\n<!-- \/ Yoast SEO plugin. -->","jetpack_featured_media_url":"https:\/\/politiciando.com.br\/wp-content\/uploads\/2020\/09\/18c2d12f-0915-460b-843e-0c3f323f8499.jpeg","jetpack_sharing_enabled":true,"_links":{"self":[{"href":"https:\/\/politiciando.com.br\/index.php?rest_route=\/wp\/v2\/posts\/667","targetHints":{"allow":["GET"]}}],"collection":[{"href":"https:\/\/politiciando.com.br\/index.php?rest_route=\/wp\/v2\/posts"}],"about":[{"href":"https:\/\/politiciando.com.br\/index.php?rest_route=\/wp\/v2\/types\/post"}],"author":[{"embeddable":true,"href":"https:\/\/politiciando.com.br\/index.php?rest_route=\/wp\/v2\/users\/2"}],"replies":[{"embeddable":true,"href":"https:\/\/politiciando.com.br\/index.php?rest_route=%2Fwp%2Fv2%2Fcomments&post=667"}],"version-history":[{"count":1,"href":"https:\/\/politiciando.com.br\/index.php?rest_route=\/wp\/v2\/posts\/667\/revisions"}],"predecessor-version":[{"id":669,"href":"https:\/\/politiciando.com.br\/index.php?rest_route=\/wp\/v2\/posts\/667\/revisions\/669"}],"wp:featuredmedia":[{"embeddable":true,"href":"https:\/\/politiciando.com.br\/index.php?rest_route=\/wp\/v2\/media\/668"}],"wp:attachment":[{"href":"https:\/\/politiciando.com.br\/index.php?rest_route=%2Fwp%2Fv2%2Fmedia&parent=667"}],"wp:term":[{"taxonomy":"category","embeddable":true,"href":"https:\/\/politiciando.com.br\/index.php?rest_route=%2Fwp%2Fv2%2Fcategories&post=667"},{"taxonomy":"post_tag","embeddable":true,"href":"https:\/\/politiciando.com.br\/index.php?rest_route=%2Fwp%2Fv2%2Ftags&post=667"}],"curies":[{"name":"wp","href":"https:\/\/api.w.org\/{rel}","templated":true}]}}