{"id":7218,"date":"2025-01-31T16:33:17","date_gmt":"2025-01-31T19:33:17","guid":{"rendered":"https:\/\/politiciando.com.br\/?p=7218"},"modified":"2025-01-31T16:33:19","modified_gmt":"2025-01-31T19:33:19","slug":"selecao-masculina-de-beach-soccer-e-convocada-para-copa-america","status":"publish","type":"post","link":"https:\/\/politiciando.com.br\/?p=7218","title":{"rendered":"Sele\u00e7\u00e3o masculina de beach soccer \u00e9 convocada para Copa Am\u00e9rica"},"content":{"rendered":"\n<p><strong>O t\u00e9cnico Marco Otavio divulgou a lista com 12 atletas nesta sexta-feira (17)<\/strong><\/p>\n\n\n\n<p>Na tarde desta sexta-feira (17), o t\u00e9cnico Marco Otavio convocou a Sele\u00e7\u00e3o Masculina de Beach Soccer para a CONMEBOL Copa Am\u00e9rica Beach Soccer 2025\u2122\ufe0f, primeiro grande torneio de 2025. A competi\u00e7\u00e3o ser\u00e1 realizada no Chile, a partir de 22 de fevereiro, tra\u00e7ando toda a emo\u00e7\u00e3o do campeonato continental.<\/p>\n\n\n\n<p>A Fase de Grupos ser\u00e1 disputada com quatro jogos por dia entre 22 e 27 de fevereiro. Em cada rodada, um hor\u00e1rio por grupo ser\u00e1 gratuito, e haver\u00e1 jogos todos os dias, exceto no terceiro dia, 25.<\/p>\n\n\n\n<p>A Fase Final acontecer\u00e1 nos dias 1\u00ba e 2 de mar\u00e7o: no s\u00e1bado, ser\u00e3o realizados os jogos para defini\u00e7\u00e3o do 9\u00ba lugar, ou do 7\u00ba lugar nas duas Semifinais. No domingo acontecem as disputas pelo 5\u00ba lugar, pelo 3\u00ba lugar e pela Grande Final, que coroar\u00e1 o campeonato CONMEBOL Copa Am\u00e9rica de Futebol de Areia 2025\u2122\ufe0f.<\/p>\n\n\n\n<p><strong>CONFIRA A CONVOCA\u00c7\u00c3O:<\/strong><\/p>\n\n\n\n<p><strong>GOLEIROS<\/strong><br>\u2013 Bob\u00f4 (Sampaio Corr\u00eaa-MA)<br>\u2013 \u2060Giovane (Flamengo-RJ)<\/p>\n\n\n\n<p><strong>FIXOS<\/strong><br>\u2013 Antonio (Flamengo-RJ)<br>\u2013 \u2060Datinha (Sampaio Corr\u00eaa-MA)<br>\u2013 \u2060Neto (ABC\/Galinhos-RN)<br>\u2013 Thanger (Flamengo-RJ)<\/p>\n\n\n\n<p><strong>ALAS<\/strong><br>\u2013 Benjamin Jr. (Vasco da Gama-RJ)<br>\u2013 \u2060Mauricinho (Vasco da Gama-RJ)<\/p>\n\n\n\n<p><strong>PIV\u00d4S<\/strong><br>\u2013 Alisson (ABC\/Galinhos-Ran)<br>\u2013 \u2060Brendo (Lokomotiv-RUS)<br>\u2013 \u2060Edson Hulk (Sampaio Corr\u00eaa-MA)<br>\u2013 \u2060Rodrigo (Flamengo-RJ)<\/p>\n\n\n\n<p><strong>Grupos<\/strong><br>R: Chile, Col\u00f4mbia, Uruguai, Bol\u00edvia e Equador.\u2028B: Brasil, Argentina, Paraguai, Peru e Venezuela.<\/p>\n\n\n\n<p><strong>Fase de Grupo<\/strong><br><strong>S\u00e1bado, 22 de fevereiro<\/strong><br>11h30: Venezuela x Paraguai<\/p>\n\n\n\n<p>13h15: Brasil x Peru<\/p>\n\n\n\n<p>16h15: Equador x Uruguai<\/p>\n\n\n\n<p>18h00: Chile x Bol\u00edvia<\/p>\n\n\n\n<p><em>Folga: Col\u00f4mbia e Argentina<\/em><\/p>\n\n\n\n<p><strong>Domingo, 23 de fevereiro<\/strong><br>11h30: Peru x Argentina<\/p>\n\n\n\n<p>13h15: Venezuela x Brasil<\/p>\n\n\n\n<p>16h15: Bol\u00edvia x Col\u00f4mbia<\/p>\n\n\n\n<p>18h00: Equador x Chile<\/p>\n\n\n\n<p><em>Folga: Uruguai e Paraguai<\/em><\/p>\n\n\n\n<p><strong>Segunda-feira, 24 de fevereiro<\/strong><br>11h30: Peru x Venezuela<\/p>\n\n\n\n<p>13h15: Argentina x Paraguai<\/p>\n\n\n\n<p>16h15: Bol\u00edvia x Equador<\/p>\n\n\n\n<p>18h00: Col\u00f4mbia x Uruguai<\/p>\n\n\n\n<p><em>Folga: Chile e Brasil<\/em><\/p>\n\n\n\n<p><strong>Quarta-feira, 26 de fevereiro<\/strong><br>11h30: Argentina x Venezuela<\/p>\n\n\n\n<p>13h15: Paraguai x Brasil<\/p>\n\n\n\n<p>16h15: Col\u00f4mbia x Equador<\/p>\n\n\n\n<p>18h: Uruguai x Chile<\/p>\n\n\n\n<p><em>Folga: Bol\u00edvia e Peru<\/em><\/p>\n\n\n\n<p><strong>Quinta feira, 27 de fevereiro<\/strong><br>11h30: Paraguai x Peru<\/p>\n\n\n\n<p>13h15: Brasil x Argentina<\/p>\n\n\n\n<p>16h15: Uruguai x Bol\u00edvia<\/p>\n\n\n\n<p>18h00: Chile x Col\u00f4mbia<\/p>\n\n\n\n<p><em>Folga: Equador e Venezuela<\/em><\/p>\n\n\n\n<p><strong>Fase Final<\/strong><br><strong>S\u00e1bado, 1\u00ba de mar\u00e7o<\/strong><br>A confirmar: 5\u00ba Grupo A vs. 5\u00ba Grupo B<\/p>\n\n\n\n<p>A confirmar: 4\u00ba Grupo A vs. 4\u00ba Grupo B<\/p>\n\n\n\n<p>A confirmar: 1\u00ba Grupo A vs. 2\u00ba do Grupo B (Semifinal, Jogo #23)<\/p>\n\n\n\n<p>A confirmar: 2\u00ba Grupo A vs. 1\u00ba do Grupo B (Semifinal, Jogo #24)<\/p>\n\n\n\n<p><strong>Domingo, 2 de mar\u00e7o<\/strong><br>A definir: 3\u00ba Grupo A vs. 3\u00ba Grupo B<\/p>\n\n\n\n<p>TBC: Perdedor do jogo #23 vs. Perdedor do Jogo #24 (Disputa do Terceiro Lugar)<\/p>\n\n\n\n<p>TBC: Vencedor do jogo #23 vs. Vencedor do jogo n\u00ba 24 (final)<\/p>\n","protected":false},"excerpt":{"rendered":"<p>O t\u00e9cnico Marco Otavio divulgou a lista com 12 atletas nesta sexta-feira (17) Na tarde desta sexta-feira (17), o t\u00e9cnico<\/p>\n","protected":false},"author":1,"featured_media":7219,"comment_status":"open","ping_status":"open","sticky":false,"template":"","format":"standard","meta":{"colormag_page_container_layout":"default_layout","colormag_page_sidebar_layout":"default_layout","_monsterinsights_skip_tracking":false,"_monsterinsights_sitenote_active":false,"_monsterinsights_sitenote_note":"","_monsterinsights_sitenote_category":0,"_jetpack_memberships_contains_paid_content":false,"footnotes":""},"categories":[6,5],"tags":[1796],"class_list":["post-7218","post","type-post","status-publish","format-standard","has-post-thumbnail","hentry","category-esporte","category-politica","tag-beachsoccer"],"yoast_head":"<!-- This site is optimized with the Yoast SEO plugin v16.3 - https:\/\/yoast.com\/wordpress\/plugins\/seo\/ -->\n<title>Sele\u00e7\u00e3o masculina de beach soccer \u00e9 convocada para Copa Am\u00e9rica - Politiciando<\/title>\n<meta name=\"robots\" content=\"index, follow, max-snippet:-1, max-image-preview:large, max-video-preview:-1\" \/>\n<link rel=\"canonical\" href=\"https:\/\/politiciando.com.br\/?p=7218\" \/>\n<meta property=\"og:locale\" content=\"pt_BR\" \/>\n<meta property=\"og:type\" content=\"article\" \/>\n<meta property=\"og:title\" content=\"Sele\u00e7\u00e3o masculina de beach soccer \u00e9 convocada para Copa Am\u00e9rica - Politiciando\" \/>\n<meta property=\"og:description\" content=\"O t\u00e9cnico Marco Otavio divulgou a lista com 12 atletas nesta sexta-feira (17) Na tarde desta sexta-feira (17), o t\u00e9cnico\" \/>\n<meta property=\"og:url\" content=\"https:\/\/politiciando.com.br\/?p=7218\" \/>\n<meta property=\"og:site_name\" content=\"Politiciando\" \/>\n<meta property=\"article:publisher\" content=\"https:\/\/www.facebook.com\/Politician\" \/>\n<meta property=\"article:published_time\" content=\"2025-01-31T19:33:17+00:00\" \/>\n<meta property=\"article:modified_time\" content=\"2025-01-31T19:33:19+00:00\" \/>\n<meta property=\"og:image\" content=\"https:\/\/politiciando.com.br\/wp-content\/uploads\/2025\/01\/IMG_4426.jpeg\" \/>\n\t<meta property=\"og:image:width\" content=\"679\" \/>\n\t<meta property=\"og:image:height\" content=\"452\" \/>\n<meta name=\"twitter:card\" content=\"summary_large_image\" \/>\n<meta name=\"twitter:creator\" content=\"@politiciando\" \/>\n<meta name=\"twitter:site\" content=\"@politiciando\" \/>\n<meta name=\"twitter:label1\" content=\"Est. tempo de leitura\">\n\t<meta name=\"twitter:data1\" content=\"2 minutos\">\n<script type=\"application\/ld+json\" class=\"yoast-schema-graph\">{\"@context\":\"https:\/\/schema.org\",\"@graph\":[{\"@type\":\"WebSite\",\"@id\":\"https:\/\/politiciando.com.br\/#website\",\"url\":\"https:\/\/politiciando.com.br\/\",\"name\":\"Politiciando\",\"description\":\"A Not\\u00edcia como tem que ser!\",\"potentialAction\":[{\"@type\":\"SearchAction\",\"target\":\"https:\/\/politiciando.com.br\/?s={search_term_string}\",\"query-input\":\"required name=search_term_string\"}],\"inLanguage\":\"pt-BR\"},{\"@type\":\"ImageObject\",\"@id\":\"https:\/\/politiciando.com.br\/?p=7218#primaryimage\",\"inLanguage\":\"pt-BR\",\"url\":\"https:\/\/politiciando.com.br\/wp-content\/uploads\/2025\/01\/IMG_4426.jpeg\",\"contentUrl\":\"https:\/\/politiciando.com.br\/wp-content\/uploads\/2025\/01\/IMG_4426.jpeg\",\"width\":679,\"height\":452},{\"@type\":\"WebPage\",\"@id\":\"https:\/\/politiciando.com.br\/?p=7218#webpage\",\"url\":\"https:\/\/politiciando.com.br\/?p=7218\",\"name\":\"Sele\\u00e7\\u00e3o masculina de beach soccer \\u00e9 convocada para Copa Am\\u00e9rica - Politiciando\",\"isPartOf\":{\"@id\":\"https:\/\/politiciando.com.br\/#website\"},\"primaryImageOfPage\":{\"@id\":\"https:\/\/politiciando.com.br\/?p=7218#primaryimage\"},\"datePublished\":\"2025-01-31T19:33:17+00:00\",\"dateModified\":\"2025-01-31T19:33:19+00:00\",\"author\":{\"@id\":\"https:\/\/politiciando.com.br\/#\/schema\/person\/be8395b998f06b83e7b3a1d9567ff61b\"},\"breadcrumb\":{\"@id\":\"https:\/\/politiciando.com.br\/?p=7218#breadcrumb\"},\"inLanguage\":\"pt-BR\",\"potentialAction\":[{\"@type\":\"ReadAction\",\"target\":[\"https:\/\/politiciando.com.br\/?p=7218\"]}]},{\"@type\":\"BreadcrumbList\",\"@id\":\"https:\/\/politiciando.com.br\/?p=7218#breadcrumb\",\"itemListElement\":[{\"@type\":\"ListItem\",\"position\":1,\"item\":{\"@type\":\"WebPage\",\"@id\":\"https:\/\/politiciando.com.br\/\",\"url\":\"https:\/\/politiciando.com.br\/\",\"name\":\"Home\"}},{\"@type\":\"ListItem\",\"position\":2,\"item\":{\"@id\":\"https:\/\/politiciando.com.br\/?p=7218#webpage\"}}]},{\"@type\":\"Person\",\"@id\":\"https:\/\/politiciando.com.br\/#\/schema\/person\/be8395b998f06b83e7b3a1d9567ff61b\",\"name\":\"redacaopoliticiando\",\"image\":{\"@type\":\"ImageObject\",\"@id\":\"https:\/\/politiciando.com.br\/#personlogo\",\"inLanguage\":\"pt-BR\",\"url\":\"https:\/\/secure.gravatar.com\/avatar\/6cfd6b7f4d5132d5b42f746a58e576a9ab04eae227797efa7fdd7a4aeb90ca9c?s=96&d=mm&r=g\",\"contentUrl\":\"https:\/\/secure.gravatar.com\/avatar\/6cfd6b7f4d5132d5b42f746a58e576a9ab04eae227797efa7fdd7a4aeb90ca9c?s=96&d=mm&r=g\",\"caption\":\"redacaopoliticiando\"},\"sameAs\":[\"https:\/\/politiciando.com.br\"],\"url\":\"https:\/\/politiciando.com.br\/?author=1\"}]}<\/script>\n<!-- \/ Yoast SEO plugin. -->","jetpack_featured_media_url":"https:\/\/politiciando.com.br\/wp-content\/uploads\/2025\/01\/IMG_4426.jpeg","jetpack_sharing_enabled":true,"_links":{"self":[{"href":"https:\/\/politiciando.com.br\/index.php?rest_route=\/wp\/v2\/posts\/7218","targetHints":{"allow":["GET"]}}],"collection":[{"href":"https:\/\/politiciando.com.br\/index.php?rest_route=\/wp\/v2\/posts"}],"about":[{"href":"https:\/\/politiciando.com.br\/index.php?rest_route=\/wp\/v2\/types\/post"}],"author":[{"embeddable":true,"href":"https:\/\/politiciando.com.br\/index.php?rest_route=\/wp\/v2\/users\/1"}],"replies":[{"embeddable":true,"href":"https:\/\/politiciando.com.br\/index.php?rest_route=%2Fwp%2Fv2%2Fcomments&post=7218"}],"version-history":[{"count":1,"href":"https:\/\/politiciando.com.br\/index.php?rest_route=\/wp\/v2\/posts\/7218\/revisions"}],"predecessor-version":[{"id":7220,"href":"https:\/\/politiciando.com.br\/index.php?rest_route=\/wp\/v2\/posts\/7218\/revisions\/7220"}],"wp:featuredmedia":[{"embeddable":true,"href":"https:\/\/politiciando.com.br\/index.php?rest_route=\/wp\/v2\/media\/7219"}],"wp:attachment":[{"href":"https:\/\/politiciando.com.br\/index.php?rest_route=%2Fwp%2Fv2%2Fmedia&parent=7218"}],"wp:term":[{"taxonomy":"category","embeddable":true,"href":"https:\/\/politiciando.com.br\/index.php?rest_route=%2Fwp%2Fv2%2Fcategories&post=7218"},{"taxonomy":"post_tag","embeddable":true,"href":"https:\/\/politiciando.com.br\/index.php?rest_route=%2Fwp%2Fv2%2Ftags&post=7218"}],"curies":[{"name":"wp","href":"https:\/\/api.w.org\/{rel}","templated":true}]}}