{"id":8074,"date":"2026-04-28T09:27:19","date_gmt":"2026-04-28T12:27:19","guid":{"rendered":"https:\/\/politiciando.com.br\/?p=8074"},"modified":"2026-04-28T09:27:20","modified_gmt":"2026-04-28T12:27:20","slug":"embraer-registra-aumento-de-22-em-pedidos-no-primeiro-trimestre","status":"publish","type":"post","link":"https:\/\/politiciando.com.br\/?p=8074","title":{"rendered":"Embraer registra aumento de 22% em pedidos no primeiro trimestre"},"content":{"rendered":"\n<p>Resultado foi alavancado pelo aumento de 50% na avia\u00e7\u00e3o comercial<\/p>\n\n\n\n<script type=\"text\/javascript\">\nvar rnd = window.rnd || Math.floor(Math.random()*10e6);\nvar pid1063088 = window.pid1063088 || rnd;\nvar plc1063088 = window.plc1063088 || 0;\nvar abkw = window.abkw || '';\nvar absrc = 'https:\/\/servedby.metrike.com.br\/adserve\/;ID=181570;size=728x90;setID=1063088;type=js;sw='+screen.width+';sh='+screen.height+';spr='+window.devicePixelRatio+';kw='+abkw+';pid='+pid1063088+';place='+(plc1063088++)+';rnd='+rnd+'';\ndocument.write('<scr'+'ipt src=\"'+absrc+'\" type=\"text\/javascript\"><\/scr'+'ipt>');\n<\/script>\n\n\n\n<figure class=\"wp-block-image size-large\"><img loading=\"lazy\" decoding=\"async\" width=\"1024\" height=\"613\" src=\"https:\/\/politiciando.com.br\/wp-content\/uploads\/2026\/04\/image-11-1024x613.png\" alt=\"\" class=\"wp-image-8075\" srcset=\"https:\/\/politiciando.com.br\/wp-content\/uploads\/2026\/04\/image-11-1024x613.png 1024w, https:\/\/politiciando.com.br\/wp-content\/uploads\/2026\/04\/image-11-300x179.png 300w, https:\/\/politiciando.com.br\/wp-content\/uploads\/2026\/04\/image-11-768x459.png 768w, https:\/\/politiciando.com.br\/wp-content\/uploads\/2026\/04\/image-11.png 1170w\" sizes=\"auto, (max-width: 1024px) 100vw, 1024px\" \/><\/figure>\n\n\n\n<p><strong>A Embraer divulgou nesta segunda-feira (27) sua carteira de pedidos consolidada no trimestre, indicando crescimento de 22% em rela\u00e7\u00e3o ao primeiro trimestre de 2025.<\/strong>&nbsp;O resultado positivo foi alavancado pelo aumento de pedidos na avia\u00e7\u00e3o comercial, com 50% de aumento e uma carteira de pedidos de 15 bilh\u00f5es de d\u00f3lares.&nbsp;<img decoding=\"async\" src=\"https:\/\/agenciabrasil.ebc.com.br\/ebc.png?id=1687462&amp;o=node\"><img decoding=\"async\" src=\"https:\/\/agenciabrasil.ebc.com.br\/ebc.gif?id=1687462&amp;o=node\"><\/p>\n\n\n\n<p><strong>A carteira de pedidos da Embraer alcan\u00e7ou US$ 32,1 bilh\u00f5es no primeiro trimestre de 2026, sexto recorde hist\u00f3rico da companhia.<\/strong><\/p>\n\n\n\n<p>A empresa entregou 44 aeronaves no per\u00edodo, considerando todas as unidades de neg\u00f3cios. O resultado \u00e9 um aumento de 47% em rela\u00e7\u00e3o \u00e0s 30 entregas no primeiro trimestre de 2025 e totaliza 16% das entregas previstas para o ano de 2026. A estimativa para o ano \u00e9 entre 240 e 255 aeronaves entregues para Avia\u00e7\u00e3o Executiva e Avia\u00e7\u00e3o Comercial combinadas.&nbsp;<\/p>\n\n\n\n<p><strong>O destaque foi para as vendas de Avia\u00e7\u00e3o Comercial para a Europa,<\/strong>&nbsp;com a aquisi\u00e7\u00e3o pela a\u00e9rea finlandesa Finnair de um pedido de at\u00e9 46 aeronaves E195\u2011E2, dos quais 18 para esse trimestre, incluindo encomendas firmes, op\u00e7\u00f5es e direitos de compra.<\/p>\n\n\n\n<p>A empresa divulgou, ainda, que as aeronaves da fam\u00edlia Phenom 300 foram reconhecidas como o jato leve mais vendido do mundo pelo 14\u00ba ano consecutivo.<\/p>\n\n\n\n<p>O segmento de Servi\u00e7os &amp; Suporte atingiu n\u00edvel recorde, com valores na casa de US$5,1 bilh\u00f5es e registro de crescimento de 11% em rela\u00e7\u00e3o ao ano anterior.<\/p>\n\n\n\n<script type=\"text\/javascript\">\nvar rnd = window.rnd || Math.floor(Math.random()*10e6);\nvar pid1063088 = window.pid1063088 || rnd;\nvar plc1063088 = window.plc1063088 || 0;\nvar abkw = window.abkw || '';\nvar absrc = 'https:\/\/servedby.metrike.com.br\/adserve\/;ID=181570;size=728x90;setID=1063088;type=js;sw='+screen.width+';sh='+screen.height+';spr='+window.devicePixelRatio+';kw='+abkw+';pid='+pid1063088+';place='+(plc1063088++)+';rnd='+rnd+'';\ndocument.write('<scr'+'ipt src=\"'+absrc+'\" type=\"text\/javascript\"><\/scr'+'ipt>');\n<\/script>\n\n\n\n<script type=\"text\/javascript\">\nvar rnd = window.rnd || Math.floor(Math.random()*10e6);\nvar pid1063088 = window.pid1063088 || rnd;\nvar plc1063088 = window.plc1063088 || 0;\nvar abkw = window.abkw || '';\nvar absrc = 'https:\/\/servedby.metrike.com.br\/adserve\/;ID=181570;size=728x90;setID=1063088;type=js;sw='+screen.width+';sh='+screen.height+';spr='+window.devicePixelRatio+';kw='+abkw+';pid='+pid1063088+';place='+(plc1063088++)+';rnd='+rnd+'';\ndocument.write('<scr'+'ipt src=\"'+absrc+'\" type=\"text\/javascript\"><\/scr'+'ipt>');\n<\/script>\n\n\n\n<script type=\"text\/javascript\">\nvar rnd = window.rnd || Math.floor(Math.random()*10e6);\nvar pid1063088 = window.pid1063088 || rnd;\nvar plc1063088 = window.plc1063088 || 0;\nvar abkw = window.abkw || '';\nvar absrc = 'https:\/\/servedby.metrike.com.br\/adserve\/;ID=181570;size=728x90;setID=1063088;type=js;sw='+screen.width+';sh='+screen.height+';spr='+window.devicePixelRatio+';kw='+abkw+';pid='+pid1063088+';place='+(plc1063088++)+';rnd='+rnd+'';\ndocument.write('<scr'+'ipt src=\"'+absrc+'\" type=\"text\/javascript\"><\/scr'+'ipt>');\n<\/script>\n\n\n\n<script type=\"text\/javascript\">\nvar rnd = window.rnd || Math.floor(Math.random()*10e6);\nvar pid1063088 = window.pid1063088 || rnd;\nvar plc1063088 = window.plc1063088 || 0;\nvar abkw = window.abkw || '';\nvar absrc = 'https:\/\/servedby.metrike.com.br\/adserve\/;ID=181570;size=728x90;setID=1063088;type=js;sw='+screen.width+';sh='+screen.height+';spr='+window.devicePixelRatio+';kw='+abkw+';pid='+pid1063088+';place='+(plc1063088++)+';rnd='+rnd+'';\ndocument.write('<scr'+'ipt src=\"'+absrc+'\" type=\"text\/javascript\"><\/scr'+'ipt>');\n<\/script>\n\n\n\n<script type=\"text\/javascript\">\nvar rnd = window.rnd || Math.floor(Math.random()*10e6);\nvar pid1063088 = window.pid1063088 || rnd;\nvar plc1063088 = window.plc1063088 || 0;\nvar abkw = window.abkw || '';\nvar absrc = 'https:\/\/servedby.metrike.com.br\/adserve\/;ID=181570;size=728x90;setID=1063088;type=js;sw='+screen.width+';sh='+screen.height+';spr='+window.devicePixelRatio+';kw='+abkw+';pid='+pid1063088+';place='+(plc1063088++)+';rnd='+rnd+'';\ndocument.write('<scr'+'ipt src=\"'+absrc+'\" type=\"text\/javascript\"><\/scr'+'ipt>');\n<\/script>\n\n\n\n<script type=\"text\/javascript\">\nvar rnd = window.rnd || Math.floor(Math.random()*10e6);\nvar pid1063088 = window.pid1063088 || rnd;\nvar plc1063088 = window.plc1063088 || 0;\nvar abkw = window.abkw || '';\nvar absrc = 'https:\/\/servedby.metrike.com.br\/adserve\/;ID=181570;size=728x90;setID=1063088;type=js;sw='+screen.width+';sh='+screen.height+';spr='+window.devicePixelRatio+';kw='+abkw+';pid='+pid1063088+';place='+(plc1063088++)+';rnd='+rnd+'';\ndocument.write('<scr'+'ipt src=\"'+absrc+'\" type=\"text\/javascript\"><\/scr'+'ipt>');\n<\/script>\n\n\n\n<script type=\"text\/javascript\">\nvar rnd = window.rnd || Math.floor(Math.random()*10e6);\nvar pid1063088 = window.pid1063088 || rnd;\nvar plc1063088 = window.plc1063088 || 0;\nvar abkw = window.abkw || '';\nvar absrc = 'https:\/\/servedby.metrike.com.br\/adserve\/;ID=181570;size=728x90;setID=1063088;type=js;sw='+screen.width+';sh='+screen.height+';spr='+window.devicePixelRatio+';kw='+abkw+';pid='+pid1063088+';place='+(plc1063088++)+';rnd='+rnd+'';\ndocument.write('<scr'+'ipt src=\"'+absrc+'\" type=\"text\/javascript\"><\/scr'+'ipt>');\n<\/script>\n\n\n\n<script type=\"text\/javascript\">\nvar rnd = window.rnd || Math.floor(Math.random()*10e6);\nvar pid1063088 = window.pid1063088 || rnd;\nvar plc1063088 = window.plc1063088 || 0;\nvar abkw = window.abkw || '';\nvar absrc = 'https:\/\/servedby.metrike.com.br\/adserve\/;ID=181570;size=728x90;setID=1063088;type=js;sw='+screen.width+';sh='+screen.height+';spr='+window.devicePixelRatio+';kw='+abkw+';pid='+pid1063088+';place='+(plc1063088++)+';rnd='+rnd+'';\ndocument.write('<scr'+'ipt src=\"'+absrc+'\" type=\"text\/javascript\"><\/scr'+'ipt>');\n<\/script>\n\n\n\n<script type=\"text\/javascript\">\nvar rnd = window.rnd || Math.floor(Math.random()*10e6);\nvar pid1063088 = window.pid1063088 || rnd;\nvar plc1063088 = window.plc1063088 || 0;\nvar abkw = window.abkw || '';\nvar absrc = 'https:\/\/servedby.metrike.com.br\/adserve\/;ID=181570;size=728x90;setID=1063088;type=js;sw='+screen.width+';sh='+screen.height+';spr='+window.devicePixelRatio+';kw='+abkw+';pid='+pid1063088+';place='+(plc1063088++)+';rnd='+rnd+'';\ndocument.write('<scr'+'ipt src=\"'+absrc+'\" type=\"text\/javascript\"><\/scr'+'ipt>');\n<\/script>\n\n\n\n<script type=\"text\/javascript\">\nvar rnd = window.rnd || Math.floor(Math.random()*10e6);\nvar pid1063088 = window.pid1063088 || rnd;\nvar plc1063088 = window.plc1063088 || 0;\nvar abkw = window.abkw || '';\nvar absrc = 'https:\/\/servedby.metrike.com.br\/adserve\/;ID=181570;size=728x90;setID=1063088;type=js;sw='+screen.width+';sh='+screen.height+';spr='+window.devicePixelRatio+';kw='+abkw+';pid='+pid1063088+';place='+(plc1063088++)+';rnd='+rnd+'';\ndocument.write('<scr'+'ipt src=\"'+absrc+'\" type=\"text\/javascript\"><\/scr'+'ipt>');\n<\/script>\n","protected":false},"excerpt":{"rendered":"<p>Resultado foi alavancado pelo aumento de 50% na avia\u00e7\u00e3o comercial A Embraer divulgou nesta segunda-feira (27) sua carteira de pedidos<\/p>\n","protected":false},"author":1,"featured_media":8075,"comment_status":"open","ping_status":"open","sticky":false,"template":"","format":"standard","meta":{"colormag_page_container_layout":"default_layout","colormag_page_sidebar_layout":"default_layout","_monsterinsights_skip_tracking":false,"_monsterinsights_sitenote_active":false,"_monsterinsights_sitenote_note":"","_monsterinsights_sitenote_category":0,"_jetpack_memberships_contains_paid_content":false,"footnotes":""},"categories":[1],"tags":[],"class_list":["post-8074","post","type-post","status-publish","format-standard","has-post-thumbnail","hentry","category-economia"],"yoast_head":"<!-- This site is optimized with the Yoast SEO plugin v16.3 - https:\/\/yoast.com\/wordpress\/plugins\/seo\/ -->\n<title>Embraer registra aumento de 22% em pedidos no primeiro trimestre - Politiciando<\/title>\n<meta name=\"robots\" content=\"index, follow, max-snippet:-1, max-image-preview:large, max-video-preview:-1\" \/>\n<link rel=\"canonical\" href=\"https:\/\/politiciando.com.br\/?p=8074\" \/>\n<meta property=\"og:locale\" content=\"pt_BR\" \/>\n<meta property=\"og:type\" content=\"article\" \/>\n<meta property=\"og:title\" content=\"Embraer registra aumento de 22% em pedidos no primeiro trimestre - Politiciando\" \/>\n<meta property=\"og:description\" content=\"Resultado foi alavancado pelo aumento de 50% na avia\u00e7\u00e3o comercial A Embraer divulgou nesta segunda-feira (27) sua carteira de pedidos\" \/>\n<meta property=\"og:url\" content=\"https:\/\/politiciando.com.br\/?p=8074\" \/>\n<meta property=\"og:site_name\" content=\"Politiciando\" \/>\n<meta property=\"article:publisher\" content=\"https:\/\/www.facebook.com\/Politician\" \/>\n<meta property=\"article:published_time\" content=\"2026-04-28T12:27:19+00:00\" \/>\n<meta property=\"article:modified_time\" content=\"2026-04-28T12:27:20+00:00\" \/>\n<meta property=\"og:image\" content=\"https:\/\/politiciando.com.br\/wp-content\/uploads\/2026\/04\/image-11.png\" \/>\n\t<meta property=\"og:image:width\" content=\"1170\" \/>\n\t<meta property=\"og:image:height\" content=\"700\" \/>\n<meta name=\"twitter:card\" content=\"summary_large_image\" \/>\n<meta name=\"twitter:creator\" content=\"@politiciando\" \/>\n<meta name=\"twitter:site\" content=\"@politiciando\" \/>\n<meta name=\"twitter:label1\" content=\"Est. tempo de leitura\">\n\t<meta name=\"twitter:data1\" content=\"1 minuto\">\n<script type=\"application\/ld+json\" class=\"yoast-schema-graph\">{\"@context\":\"https:\/\/schema.org\",\"@graph\":[{\"@type\":\"WebSite\",\"@id\":\"https:\/\/politiciando.com.br\/#website\",\"url\":\"https:\/\/politiciando.com.br\/\",\"name\":\"Politiciando\",\"description\":\"A Not\\u00edcia como tem que ser!\",\"potentialAction\":[{\"@type\":\"SearchAction\",\"target\":\"https:\/\/politiciando.com.br\/?s={search_term_string}\",\"query-input\":\"required name=search_term_string\"}],\"inLanguage\":\"pt-BR\"},{\"@type\":\"ImageObject\",\"@id\":\"https:\/\/politiciando.com.br\/?p=8074#primaryimage\",\"inLanguage\":\"pt-BR\",\"url\":\"https:\/\/politiciando.com.br\/wp-content\/uploads\/2026\/04\/image-11.png\",\"contentUrl\":\"https:\/\/politiciando.com.br\/wp-content\/uploads\/2026\/04\/image-11.png\",\"width\":1170,\"height\":700},{\"@type\":\"WebPage\",\"@id\":\"https:\/\/politiciando.com.br\/?p=8074#webpage\",\"url\":\"https:\/\/politiciando.com.br\/?p=8074\",\"name\":\"Embraer registra aumento de 22% em pedidos no primeiro trimestre - Politiciando\",\"isPartOf\":{\"@id\":\"https:\/\/politiciando.com.br\/#website\"},\"primaryImageOfPage\":{\"@id\":\"https:\/\/politiciando.com.br\/?p=8074#primaryimage\"},\"datePublished\":\"2026-04-28T12:27:19+00:00\",\"dateModified\":\"2026-04-28T12:27:20+00:00\",\"author\":{\"@id\":\"https:\/\/politiciando.com.br\/#\/schema\/person\/be8395b998f06b83e7b3a1d9567ff61b\"},\"breadcrumb\":{\"@id\":\"https:\/\/politiciando.com.br\/?p=8074#breadcrumb\"},\"inLanguage\":\"pt-BR\",\"potentialAction\":[{\"@type\":\"ReadAction\",\"target\":[\"https:\/\/politiciando.com.br\/?p=8074\"]}]},{\"@type\":\"BreadcrumbList\",\"@id\":\"https:\/\/politiciando.com.br\/?p=8074#breadcrumb\",\"itemListElement\":[{\"@type\":\"ListItem\",\"position\":1,\"item\":{\"@type\":\"WebPage\",\"@id\":\"https:\/\/politiciando.com.br\/\",\"url\":\"https:\/\/politiciando.com.br\/\",\"name\":\"Home\"}},{\"@type\":\"ListItem\",\"position\":2,\"item\":{\"@id\":\"https:\/\/politiciando.com.br\/?p=8074#webpage\"}}]},{\"@type\":\"Person\",\"@id\":\"https:\/\/politiciando.com.br\/#\/schema\/person\/be8395b998f06b83e7b3a1d9567ff61b\",\"name\":\"redacaopoliticiando\",\"image\":{\"@type\":\"ImageObject\",\"@id\":\"https:\/\/politiciando.com.br\/#personlogo\",\"inLanguage\":\"pt-BR\",\"url\":\"https:\/\/secure.gravatar.com\/avatar\/6cfd6b7f4d5132d5b42f746a58e576a9ab04eae227797efa7fdd7a4aeb90ca9c?s=96&d=mm&r=g\",\"contentUrl\":\"https:\/\/secure.gravatar.com\/avatar\/6cfd6b7f4d5132d5b42f746a58e576a9ab04eae227797efa7fdd7a4aeb90ca9c?s=96&d=mm&r=g\",\"caption\":\"redacaopoliticiando\"},\"sameAs\":[\"https:\/\/politiciando.com.br\"],\"url\":\"https:\/\/politiciando.com.br\/?author=1\"}]}<\/script>\n<!-- \/ Yoast SEO plugin. -->","jetpack_featured_media_url":"https:\/\/politiciando.com.br\/wp-content\/uploads\/2026\/04\/image-11.png","jetpack_sharing_enabled":true,"_links":{"self":[{"href":"https:\/\/politiciando.com.br\/index.php?rest_route=\/wp\/v2\/posts\/8074","targetHints":{"allow":["GET"]}}],"collection":[{"href":"https:\/\/politiciando.com.br\/index.php?rest_route=\/wp\/v2\/posts"}],"about":[{"href":"https:\/\/politiciando.com.br\/index.php?rest_route=\/wp\/v2\/types\/post"}],"author":[{"embeddable":true,"href":"https:\/\/politiciando.com.br\/index.php?rest_route=\/wp\/v2\/users\/1"}],"replies":[{"embeddable":true,"href":"https:\/\/politiciando.com.br\/index.php?rest_route=%2Fwp%2Fv2%2Fcomments&post=8074"}],"version-history":[{"count":2,"href":"https:\/\/politiciando.com.br\/index.php?rest_route=\/wp\/v2\/posts\/8074\/revisions"}],"predecessor-version":[{"id":8077,"href":"https:\/\/politiciando.com.br\/index.php?rest_route=\/wp\/v2\/posts\/8074\/revisions\/8077"}],"wp:featuredmedia":[{"embeddable":true,"href":"https:\/\/politiciando.com.br\/index.php?rest_route=\/wp\/v2\/media\/8075"}],"wp:attachment":[{"href":"https:\/\/politiciando.com.br\/index.php?rest_route=%2Fwp%2Fv2%2Fmedia&parent=8074"}],"wp:term":[{"taxonomy":"category","embeddable":true,"href":"https:\/\/politiciando.com.br\/index.php?rest_route=%2Fwp%2Fv2%2Fcategories&post=8074"},{"taxonomy":"post_tag","embeddable":true,"href":"https:\/\/politiciando.com.br\/index.php?rest_route=%2Fwp%2Fv2%2Ftags&post=8074"}],"curies":[{"name":"wp","href":"https:\/\/api.w.org\/{rel}","templated":true}]}}