{"id":875,"date":"2020-10-11T16:20:23","date_gmt":"2020-10-11T19:20:23","guid":{"rendered":"https:\/\/politiciando.com.br\/?p=875"},"modified":"2020-10-11T16:23:53","modified_gmt":"2020-10-11T19:23:53","slug":"ex-deputada-paraibana-morre-em-joao-pessoa","status":"publish","type":"post","link":"https:\/\/politiciando.com.br\/?p=875","title":{"rendered":"Ex-deputada paraibana morre em Jo\u00e3o Pessoa"},"content":{"rendered":"\n<p>O presidente da Assembleia Legislativa da Para\u00edba (ALPB), Adriano Galdino, em nome de todos os parlamentares e servidores do Poder Legislativo Paraibano, vem a p\u00fablico lamentar o falecimento da ex-deputada e ex-prefeita de Vista Serrana, Socorro Marques, ocorrido neste domingo (11), no hospital Nossa Senhora das Neves, em Jo\u00e3o Pessoa,<\/p>\n\n\n\n<div class=\"wp-block-image\"><figure class=\"aligncenter size-large\"><img loading=\"lazy\" decoding=\"async\" width=\"683\" height=\"437\" src=\"https:\/\/politiciando.com.br\/wp-content\/uploads\/2020\/10\/Socorro-Marques.png\" alt=\"\" class=\"wp-image-876\" srcset=\"https:\/\/politiciando.com.br\/wp-content\/uploads\/2020\/10\/Socorro-Marques.png 683w, https:\/\/politiciando.com.br\/wp-content\/uploads\/2020\/10\/Socorro-Marques-300x192.png 300w\" sizes=\"auto, (max-width: 683px) 100vw, 683px\" \/><figcaption>foto: reprodu\u00e7\u00e3o<\/figcaption><\/figure><\/div>\n\n\n\n<p>Segundo um dos filhos, a ex-deputada estava hospitalizada em decorr\u00eancia de uma infec\u00e7\u00e3o causada por extra\u00e7\u00e3o dent\u00e1ria.<\/p>\n\n\n\n<p>Socorro Marques foi prefeita do munic\u00edpio de Vista Serrana, na regi\u00e3o de Patos, por dois mandatos e foi deputada estadual, tamb\u00e9m por dois mandatos.<\/p>\n\n\n\n<p>Ela era economista, contadora e servidora p\u00fablica estadual aposentada. Era vi\u00fava do agente fiscal do estado En\u00e9as Dantas Filho, com quem teve nove filhos: Enermarques (in memoriam), Enet\u00f4nio, Maria Montessori, Magda, Mozart, Vav\u00e1 Marques, Minerva e Monaci Marques (tamb\u00e9m ex-deputado).<\/p>\n\n\n\n<p>O sepultamento da ex-deputada ser\u00e1 realizado na cidade de Vista Serrana, nesta segunda-feira (12).<\/p>\n\n\n\n<p>O presidente da ALPB, deputado Adriano Galdino, expressou solidariedade \u00e0 fam\u00edlia de Dona Dina e a todos os que lhe acompanharam ao longo da vida.<\/p>\n\n\n\n<p>\u201c\u00c9 uma grande perda para a Para\u00edba e Vista Serrana. Nossos sinceros sentimentos \u00e0 fam\u00edlia, aos amigos e as pessoas pr\u00f3ximas. Que Deus console o cora\u00e7\u00e3o de todos neste momento de dor\u201d, declarou o presidente da ALPB.<\/p>\n\n\n\n<p>paraibaonline<\/p>\n","protected":false},"excerpt":{"rendered":"<p>O presidente da Assembleia Legislativa da Para\u00edba (ALPB), Adriano Galdino, em nome de todos os parlamentares e servidores do Poder<\/p>\n","protected":false},"author":2,"featured_media":876,"comment_status":"open","ping_status":"open","sticky":true,"template":"","format":"standard","meta":{"colormag_page_container_layout":"default_layout","colormag_page_sidebar_layout":"default_layout","_monsterinsights_skip_tracking":false,"_monsterinsights_sitenote_active":false,"_monsterinsights_sitenote_note":"","_monsterinsights_sitenote_category":0,"_jetpack_memberships_contains_paid_content":false,"footnotes":""},"categories":[50,5],"tags":[],"class_list":["post-875","post","type-post","status-publish","format-standard","has-post-thumbnail","hentry","category-paraiba","category-politica"],"yoast_head":"<!-- This site is optimized with the Yoast SEO plugin v16.3 - https:\/\/yoast.com\/wordpress\/plugins\/seo\/ -->\n<title>Ex-deputada paraibana morre em Jo\u00e3o Pessoa - Politiciando<\/title>\n<meta name=\"robots\" content=\"index, follow, max-snippet:-1, max-image-preview:large, max-video-preview:-1\" \/>\n<link rel=\"canonical\" href=\"https:\/\/politiciando.com.br\/?p=875\" \/>\n<meta property=\"og:locale\" content=\"pt_BR\" \/>\n<meta property=\"og:type\" content=\"article\" \/>\n<meta property=\"og:title\" content=\"Ex-deputada paraibana morre em Jo\u00e3o Pessoa - Politiciando\" \/>\n<meta property=\"og:description\" content=\"O presidente da Assembleia Legislativa da Para\u00edba (ALPB), Adriano Galdino, em nome de todos os parlamentares e servidores do Poder\" \/>\n<meta property=\"og:url\" content=\"https:\/\/politiciando.com.br\/?p=875\" \/>\n<meta property=\"og:site_name\" content=\"Politiciando\" \/>\n<meta property=\"article:publisher\" content=\"https:\/\/www.facebook.com\/Politician\" \/>\n<meta property=\"article:published_time\" content=\"2020-10-11T19:20:23+00:00\" \/>\n<meta property=\"article:modified_time\" content=\"2020-10-11T19:23:53+00:00\" \/>\n<meta property=\"og:image\" content=\"https:\/\/politiciando.com.br\/wp-content\/uploads\/2020\/10\/Socorro-Marques.png\" \/>\n\t<meta property=\"og:image:width\" content=\"683\" \/>\n\t<meta property=\"og:image:height\" content=\"437\" \/>\n<meta name=\"twitter:card\" content=\"summary_large_image\" \/>\n<meta name=\"twitter:creator\" content=\"@politiciando\" \/>\n<meta name=\"twitter:site\" content=\"@politiciando\" \/>\n<meta name=\"twitter:label1\" content=\"Est. tempo de leitura\">\n\t<meta name=\"twitter:data1\" content=\"1 minuto\">\n<script type=\"application\/ld+json\" class=\"yoast-schema-graph\">{\"@context\":\"https:\/\/schema.org\",\"@graph\":[{\"@type\":\"WebSite\",\"@id\":\"https:\/\/politiciando.com.br\/#website\",\"url\":\"https:\/\/politiciando.com.br\/\",\"name\":\"Politiciando\",\"description\":\"A Not\\u00edcia como tem que ser!\",\"potentialAction\":[{\"@type\":\"SearchAction\",\"target\":\"https:\/\/politiciando.com.br\/?s={search_term_string}\",\"query-input\":\"required name=search_term_string\"}],\"inLanguage\":\"pt-BR\"},{\"@type\":\"ImageObject\",\"@id\":\"https:\/\/politiciando.com.br\/?p=875#primaryimage\",\"inLanguage\":\"pt-BR\",\"url\":\"https:\/\/politiciando.com.br\/wp-content\/uploads\/2020\/10\/Socorro-Marques.png\",\"contentUrl\":\"https:\/\/politiciando.com.br\/wp-content\/uploads\/2020\/10\/Socorro-Marques.png\",\"width\":683,\"height\":437},{\"@type\":\"WebPage\",\"@id\":\"https:\/\/politiciando.com.br\/?p=875#webpage\",\"url\":\"https:\/\/politiciando.com.br\/?p=875\",\"name\":\"Ex-deputada paraibana morre em Jo\\u00e3o Pessoa - Politiciando\",\"isPartOf\":{\"@id\":\"https:\/\/politiciando.com.br\/#website\"},\"primaryImageOfPage\":{\"@id\":\"https:\/\/politiciando.com.br\/?p=875#primaryimage\"},\"datePublished\":\"2020-10-11T19:20:23+00:00\",\"dateModified\":\"2020-10-11T19:23:53+00:00\",\"author\":{\"@id\":\"https:\/\/politiciando.com.br\/#\/schema\/person\/1f3ad5faaad9395b58750d8abce6d65c\"},\"breadcrumb\":{\"@id\":\"https:\/\/politiciando.com.br\/?p=875#breadcrumb\"},\"inLanguage\":\"pt-BR\",\"potentialAction\":[{\"@type\":\"ReadAction\",\"target\":[\"https:\/\/politiciando.com.br\/?p=875\"]}]},{\"@type\":\"BreadcrumbList\",\"@id\":\"https:\/\/politiciando.com.br\/?p=875#breadcrumb\",\"itemListElement\":[{\"@type\":\"ListItem\",\"position\":1,\"item\":{\"@type\":\"WebPage\",\"@id\":\"https:\/\/politiciando.com.br\/\",\"url\":\"https:\/\/politiciando.com.br\/\",\"name\":\"Home\"}},{\"@type\":\"ListItem\",\"position\":2,\"item\":{\"@id\":\"https:\/\/politiciando.com.br\/?p=875#webpage\"}}]},{\"@type\":\"Person\",\"@id\":\"https:\/\/politiciando.com.br\/#\/schema\/person\/1f3ad5faaad9395b58750d8abce6d65c\",\"name\":\"Tiago Ferreira\",\"image\":{\"@type\":\"ImageObject\",\"@id\":\"https:\/\/politiciando.com.br\/#personlogo\",\"inLanguage\":\"pt-BR\",\"url\":\"https:\/\/secure.gravatar.com\/avatar\/51334a3339a0cd0c3197168288e4d0c8c43eb338925f20ebf8a86dcc8ed5b535?s=96&d=mm&r=g\",\"contentUrl\":\"https:\/\/secure.gravatar.com\/avatar\/51334a3339a0cd0c3197168288e4d0c8c43eb338925f20ebf8a86dcc8ed5b535?s=96&d=mm&r=g\",\"caption\":\"Tiago Ferreira\"},\"url\":\"https:\/\/politiciando.com.br\/?author=2\"}]}<\/script>\n<!-- \/ Yoast SEO plugin. -->","jetpack_featured_media_url":"https:\/\/politiciando.com.br\/wp-content\/uploads\/2020\/10\/Socorro-Marques.png","jetpack_sharing_enabled":true,"_links":{"self":[{"href":"https:\/\/politiciando.com.br\/index.php?rest_route=\/wp\/v2\/posts\/875","targetHints":{"allow":["GET"]}}],"collection":[{"href":"https:\/\/politiciando.com.br\/index.php?rest_route=\/wp\/v2\/posts"}],"about":[{"href":"https:\/\/politiciando.com.br\/index.php?rest_route=\/wp\/v2\/types\/post"}],"author":[{"embeddable":true,"href":"https:\/\/politiciando.com.br\/index.php?rest_route=\/wp\/v2\/users\/2"}],"replies":[{"embeddable":true,"href":"https:\/\/politiciando.com.br\/index.php?rest_route=%2Fwp%2Fv2%2Fcomments&post=875"}],"version-history":[{"count":2,"href":"https:\/\/politiciando.com.br\/index.php?rest_route=\/wp\/v2\/posts\/875\/revisions"}],"predecessor-version":[{"id":879,"href":"https:\/\/politiciando.com.br\/index.php?rest_route=\/wp\/v2\/posts\/875\/revisions\/879"}],"wp:featuredmedia":[{"embeddable":true,"href":"https:\/\/politiciando.com.br\/index.php?rest_route=\/wp\/v2\/media\/876"}],"wp:attachment":[{"href":"https:\/\/politiciando.com.br\/index.php?rest_route=%2Fwp%2Fv2%2Fmedia&parent=875"}],"wp:term":[{"taxonomy":"category","embeddable":true,"href":"https:\/\/politiciando.com.br\/index.php?rest_route=%2Fwp%2Fv2%2Fcategories&post=875"},{"taxonomy":"post_tag","embeddable":true,"href":"https:\/\/politiciando.com.br\/index.php?rest_route=%2Fwp%2Fv2%2Ftags&post=875"}],"curies":[{"name":"wp","href":"https:\/\/api.w.org\/{rel}","templated":true}]}}