{"id":907,"date":"2020-10-22T20:19:43","date_gmt":"2020-10-22T23:19:43","guid":{"rendered":"https:\/\/politiciando.com.br\/?p=907"},"modified":"2020-10-22T20:20:46","modified_gmt":"2020-10-22T23:20:46","slug":"confira-os-numeros-do-ibope-em-joao-pessoa-divulgados-nessa-quinta-22","status":"publish","type":"post","link":"https:\/\/politiciando.com.br\/?p=907","title":{"rendered":"Confira os n\u00fameros do Ibope em Jo\u00e3o Pessoa divulgados nesta quinta (22)"},"content":{"rendered":"\n<p>Na noite desta quinta-feira, o Ibope divulgou a segunda pesquisa sobre as elei\u00e7\u00f5es para prefeito de Jo\u00e3o Pessoa \u2013 a primeira ap\u00f3s o in\u00edcio da propaganda gratuita no r\u00e1dio e na TV.<\/p>\n\n\n\n<figure class=\"wp-block-image size-large\"><img loading=\"lazy\" decoding=\"async\" width=\"984\" height=\"523\" src=\"https:\/\/politiciando.com.br\/wp-content\/uploads\/2020\/10\/candidatos-a-prefeito-de-joao-pessoa-em-2020.jpg\" alt=\"\" class=\"wp-image-908\" srcset=\"https:\/\/politiciando.com.br\/wp-content\/uploads\/2020\/10\/candidatos-a-prefeito-de-joao-pessoa-em-2020.jpg 984w, https:\/\/politiciando.com.br\/wp-content\/uploads\/2020\/10\/candidatos-a-prefeito-de-joao-pessoa-em-2020-300x159.jpg 300w, https:\/\/politiciando.com.br\/wp-content\/uploads\/2020\/10\/candidatos-a-prefeito-de-joao-pessoa-em-2020-768x408.jpg 768w\" sizes=\"auto, (max-width: 984px) 100vw, 984px\" \/><figcaption>foto: reprodu\u00e7\u00e3o<\/figcaption><\/figure>\n\n\n\n<p>A pesquisa foi contratada pela TV Cabo Branco, afiliada da Rede Globo, e registrada na justi\u00e7a eleitoral com o n\u00famero 08581\/20.<\/p>\n\n\n\n<p>A margem de erro \u00e9 de 4 pontos percentuais, para mais ou para menos, com margem de confian\u00e7a de 95%.<\/p>\n\n\n\n<p>Foram entrevistadas 602 pessoas, entre os dias 20 e 22 de outubro.<\/p>\n\n\n\n<p>Os n\u00fameros com as inten\u00e7\u00f5es de voto s\u00e3o os seguintes:<\/p>\n\n\n\n<p>Cicero de Lucena Filho \u2013 Coliga\u00e7\u00e3o Pra Cuidar de Jo\u00e3o Pessoa \u2013 21% (est\u00e1 entre 17% e 25%, considerando a margem de erro).&nbsp;<\/p>\n\n\n\n<p>Nilvan Ferreira do Nascimento \u2013 MDB \u2013 15% (entre 11% e 19%, considerando a margem de erro).<\/p>\n\n\n\n<p>Ricardo Vieira Coutinho \u2013 Coliga\u00e7\u00e3o A For\u00e7a do Povo \u2013 10% (considerando a margem de erro, pode estar oscilando entre 6% e 14%)<\/p>\n\n\n\n<p>Wallber Virgolino da Silva Ferreira \u2013 Coliga\u00e7\u00e3o Coragem Para Fazer o Novo \u2013 10% (considerando a margem de erro, entre 6% e 14%).<\/p>\n\n\n\n<p>Ruy Carneiro \u2013 Coliga\u00e7\u00e3o A Cidade no Ritmo Certo \u2013 9% (variando de 5% a 13%, considerando a margem de erro).<\/p>\n\n\n\n<p>Edilma da Costa Freire \u2013 Coliga\u00e7\u00e3o Jo\u00e3o Pessoa da Gente \u2013 9% (com a margem de erro, pode ir de 5% a 13%).&nbsp;<\/p>\n\n\n\n<p>Jo\u00e3o Almeida de Carvalho J\u00fanior \u2013 Coliga\u00e7\u00e3o Um Novo Momento, Uma Nova Solu\u00e7\u00e3o \u2013 3%<\/p>\n\n\n\n<p>Raoni Mendes \u2013 Coliga\u00e7\u00e3o Pra Jo\u00e3o Pessoa Funcionar \u2013 1%&nbsp;<\/p>\n\n\n\n<p>An\u00edsio Soares Maia \u2013 Coliga\u00e7\u00e3o Unidos por Jo\u00e3o Pessoa \u2013 1%<\/p>\n\n\n\n<p>Brancos\/nulos \u2013 13%<\/p>\n\n\n\n<p>N\u00e3o souberam ou n\u00e3o quiseram opinar \u2013 7%<\/p>\n\n\n\n<p>Rama Dantas (PSTU) \u2013 menos de 1%<\/p>\n\n\n\n<p>\u00cdtalo Guedes (PSOL) \u2013 que n\u00e3o participou da pesquisa inicial, por ter sucedido Pablo Honorato h\u00e1 poucos dias \u2013 n\u00e3o pontuou.<\/p>\n\n\n\n<p>Camilo Sobreira Duarte Filho (PCO), Carlos Antonio Ara\u00fajo Monteiro (Rede) e Rafael Freire (UP) \u2013 n\u00e3o foram citados.<\/p>\n\n\n\n<p>Com a margem de erro adotada, C\u00edcero e Nilvan est\u00e3o tecnicamente empatados.<\/p>\n\n\n\n<p>Outro empate, dentro da margem de erro, ocorre com os candidatos Edilma, Ruy, Wallber, Ricardo e Nilvan.<\/p>\n\n\n\n<p>paraibaonline<\/p>\n","protected":false},"excerpt":{"rendered":"<p>Na noite desta quinta-feira, o Ibope divulgou a segunda pesquisa sobre as elei\u00e7\u00f5es para prefeito de Jo\u00e3o Pessoa \u2013 a<\/p>\n","protected":false},"author":2,"featured_media":908,"comment_status":"open","ping_status":"open","sticky":true,"template":"","format":"standard","meta":{"colormag_page_container_layout":"default_layout","colormag_page_sidebar_layout":"default_layout","_monsterinsights_skip_tracking":false,"_monsterinsights_sitenote_active":false,"_monsterinsights_sitenote_note":"","_monsterinsights_sitenote_category":0,"_jetpack_memberships_contains_paid_content":false,"footnotes":""},"categories":[50,5],"tags":[],"class_list":["post-907","post","type-post","status-publish","format-standard","has-post-thumbnail","hentry","category-paraiba","category-politica"],"yoast_head":"<!-- This site is optimized with the Yoast SEO plugin v16.3 - https:\/\/yoast.com\/wordpress\/plugins\/seo\/ -->\n<title>Confira os n\u00fameros do Ibope em Jo\u00e3o Pessoa divulgados nesta quinta (22) - Politiciando<\/title>\n<meta name=\"robots\" content=\"index, follow, max-snippet:-1, max-image-preview:large, max-video-preview:-1\" \/>\n<link rel=\"canonical\" href=\"https:\/\/politiciando.com.br\/?p=907\" \/>\n<meta property=\"og:locale\" content=\"pt_BR\" \/>\n<meta property=\"og:type\" content=\"article\" \/>\n<meta property=\"og:title\" content=\"Confira os n\u00fameros do Ibope em Jo\u00e3o Pessoa divulgados nesta quinta (22) - Politiciando\" \/>\n<meta property=\"og:description\" content=\"Na noite desta quinta-feira, o Ibope divulgou a segunda pesquisa sobre as elei\u00e7\u00f5es para prefeito de Jo\u00e3o Pessoa \u2013 a\" \/>\n<meta property=\"og:url\" content=\"https:\/\/politiciando.com.br\/?p=907\" \/>\n<meta property=\"og:site_name\" content=\"Politiciando\" \/>\n<meta property=\"article:publisher\" content=\"https:\/\/www.facebook.com\/Politician\" \/>\n<meta property=\"article:published_time\" content=\"2020-10-22T23:19:43+00:00\" \/>\n<meta property=\"article:modified_time\" content=\"2020-10-22T23:20:46+00:00\" \/>\n<meta property=\"og:image\" content=\"https:\/\/politiciando.com.br\/wp-content\/uploads\/2020\/10\/candidatos-a-prefeito-de-joao-pessoa-em-2020.jpg\" \/>\n\t<meta property=\"og:image:width\" content=\"984\" \/>\n\t<meta property=\"og:image:height\" content=\"523\" \/>\n<meta name=\"twitter:card\" content=\"summary_large_image\" \/>\n<meta name=\"twitter:creator\" content=\"@politiciando\" \/>\n<meta name=\"twitter:site\" content=\"@politiciando\" \/>\n<meta name=\"twitter:label1\" content=\"Est. tempo de leitura\">\n\t<meta name=\"twitter:data1\" content=\"2 minutos\">\n<script type=\"application\/ld+json\" class=\"yoast-schema-graph\">{\"@context\":\"https:\/\/schema.org\",\"@graph\":[{\"@type\":\"WebSite\",\"@id\":\"https:\/\/politiciando.com.br\/#website\",\"url\":\"https:\/\/politiciando.com.br\/\",\"name\":\"Politiciando\",\"description\":\"A Not\\u00edcia como tem que ser!\",\"potentialAction\":[{\"@type\":\"SearchAction\",\"target\":\"https:\/\/politiciando.com.br\/?s={search_term_string}\",\"query-input\":\"required name=search_term_string\"}],\"inLanguage\":\"pt-BR\"},{\"@type\":\"ImageObject\",\"@id\":\"https:\/\/politiciando.com.br\/?p=907#primaryimage\",\"inLanguage\":\"pt-BR\",\"url\":\"https:\/\/politiciando.com.br\/wp-content\/uploads\/2020\/10\/candidatos-a-prefeito-de-joao-pessoa-em-2020.jpg\",\"contentUrl\":\"https:\/\/politiciando.com.br\/wp-content\/uploads\/2020\/10\/candidatos-a-prefeito-de-joao-pessoa-em-2020.jpg\",\"width\":984,\"height\":523},{\"@type\":\"WebPage\",\"@id\":\"https:\/\/politiciando.com.br\/?p=907#webpage\",\"url\":\"https:\/\/politiciando.com.br\/?p=907\",\"name\":\"Confira os n\\u00fameros do Ibope em Jo\\u00e3o Pessoa divulgados nesta quinta (22) - Politiciando\",\"isPartOf\":{\"@id\":\"https:\/\/politiciando.com.br\/#website\"},\"primaryImageOfPage\":{\"@id\":\"https:\/\/politiciando.com.br\/?p=907#primaryimage\"},\"datePublished\":\"2020-10-22T23:19:43+00:00\",\"dateModified\":\"2020-10-22T23:20:46+00:00\",\"author\":{\"@id\":\"https:\/\/politiciando.com.br\/#\/schema\/person\/1f3ad5faaad9395b58750d8abce6d65c\"},\"breadcrumb\":{\"@id\":\"https:\/\/politiciando.com.br\/?p=907#breadcrumb\"},\"inLanguage\":\"pt-BR\",\"potentialAction\":[{\"@type\":\"ReadAction\",\"target\":[\"https:\/\/politiciando.com.br\/?p=907\"]}]},{\"@type\":\"BreadcrumbList\",\"@id\":\"https:\/\/politiciando.com.br\/?p=907#breadcrumb\",\"itemListElement\":[{\"@type\":\"ListItem\",\"position\":1,\"item\":{\"@type\":\"WebPage\",\"@id\":\"https:\/\/politiciando.com.br\/\",\"url\":\"https:\/\/politiciando.com.br\/\",\"name\":\"Home\"}},{\"@type\":\"ListItem\",\"position\":2,\"item\":{\"@id\":\"https:\/\/politiciando.com.br\/?p=907#webpage\"}}]},{\"@type\":\"Person\",\"@id\":\"https:\/\/politiciando.com.br\/#\/schema\/person\/1f3ad5faaad9395b58750d8abce6d65c\",\"name\":\"Tiago Ferreira\",\"image\":{\"@type\":\"ImageObject\",\"@id\":\"https:\/\/politiciando.com.br\/#personlogo\",\"inLanguage\":\"pt-BR\",\"url\":\"https:\/\/secure.gravatar.com\/avatar\/51334a3339a0cd0c3197168288e4d0c8c43eb338925f20ebf8a86dcc8ed5b535?s=96&d=mm&r=g\",\"contentUrl\":\"https:\/\/secure.gravatar.com\/avatar\/51334a3339a0cd0c3197168288e4d0c8c43eb338925f20ebf8a86dcc8ed5b535?s=96&d=mm&r=g\",\"caption\":\"Tiago Ferreira\"},\"url\":\"https:\/\/politiciando.com.br\/?author=2\"}]}<\/script>\n<!-- \/ Yoast SEO plugin. -->","jetpack_featured_media_url":"https:\/\/politiciando.com.br\/wp-content\/uploads\/2020\/10\/candidatos-a-prefeito-de-joao-pessoa-em-2020.jpg","jetpack_sharing_enabled":true,"_links":{"self":[{"href":"https:\/\/politiciando.com.br\/index.php?rest_route=\/wp\/v2\/posts\/907","targetHints":{"allow":["GET"]}}],"collection":[{"href":"https:\/\/politiciando.com.br\/index.php?rest_route=\/wp\/v2\/posts"}],"about":[{"href":"https:\/\/politiciando.com.br\/index.php?rest_route=\/wp\/v2\/types\/post"}],"author":[{"embeddable":true,"href":"https:\/\/politiciando.com.br\/index.php?rest_route=\/wp\/v2\/users\/2"}],"replies":[{"embeddable":true,"href":"https:\/\/politiciando.com.br\/index.php?rest_route=%2Fwp%2Fv2%2Fcomments&post=907"}],"version-history":[{"count":2,"href":"https:\/\/politiciando.com.br\/index.php?rest_route=\/wp\/v2\/posts\/907\/revisions"}],"predecessor-version":[{"id":910,"href":"https:\/\/politiciando.com.br\/index.php?rest_route=\/wp\/v2\/posts\/907\/revisions\/910"}],"wp:featuredmedia":[{"embeddable":true,"href":"https:\/\/politiciando.com.br\/index.php?rest_route=\/wp\/v2\/media\/908"}],"wp:attachment":[{"href":"https:\/\/politiciando.com.br\/index.php?rest_route=%2Fwp%2Fv2%2Fmedia&parent=907"}],"wp:term":[{"taxonomy":"category","embeddable":true,"href":"https:\/\/politiciando.com.br\/index.php?rest_route=%2Fwp%2Fv2%2Fcategories&post=907"},{"taxonomy":"post_tag","embeddable":true,"href":"https:\/\/politiciando.com.br\/index.php?rest_route=%2Fwp%2Fv2%2Ftags&post=907"}],"curies":[{"name":"wp","href":"https:\/\/api.w.org\/{rel}","templated":true}]}}